{"id":9769,"date":"2024-03-25T22:14:44","date_gmt":"2024-03-25T21:14:44","guid":{"rendered":"https:\/\/www.part-oldalak.hu\/wordpress\/?p=9769"},"modified":"2024-03-25T22:19:45","modified_gmt":"2024-03-25T21:19:45","slug":"nemzetkozi-eros-emberek-versenye-husvet-vasarnapjan-a-piacteren","status":"publish","type":"post","link":"https:\/\/www.part-oldalak.hu\/wordpress\/2024\/03\/25\/nemzetkozi-eros-emberek-versenye-husvet-vasarnapjan-a-piacteren\/","title":{"rendered":"Nemzetk\u00f6zi Er\u0151s Emberek Versenye h\u00fasv\u00e9t vas\u00e1rnapj\u00e1n a piact\u00e9ren"},"content":{"rendered":"\n<p>A f\u0151 szervez\u0151, ifj\u00fa Fekete L\u00e1szl\u00f3 kilencszeres vil\u00e1gbajnok. <\/p>\n\n\n\n<h2 class=\"wp-block-heading\">C\u00e9l a sport\u00e1g n\u00e9pszer\u0171s\u00edt\u00e9se<\/h2>\n\n\n\n<p>A Fekete dinasztia val\u00f3sz\u00edn\u0171leg minden sportot szeret\u0151 ember sz\u00e1m\u00e1ra ismert. Fekete L\u00e1szl\u00f3 \u00e9vtizedekkel ezel\u0151tt lett nemzetk\u00f6zileg is ismert ebben a sport\u00e1gban. Sz\u00e1mtalan verseny gy\u0151ztese, de \u00e9letkora miatt m\u00e1r abbahagyta az akt\u00edv verseng\u00e9st. Fiai \u00e9desapjuk nyomdok\u00e1ba l\u00e9pve ma a sport\u00e1g meghat\u00e1roz\u00f3 egy\u00e9nis\u00e9gei. Legid\u0151sebb fia, Fekete L\u00e1szl\u00f3 elmondta, hogy sz\u00edvesen j\u00f6nnek Dunaf\u00f6ldv\u00e1rra h\u00fasv\u00e9tkor. C\u00e9l a sport\u00e1g n\u00e9pszer\u0171s\u00edt\u00e9se egy orsz\u00e1gos versenysorozat kapcs\u00e1n, mely t\u00f6bb telep\u00fcl\u00e9st \u00e9rint, \u00edgy p\u00e9ld\u00e1ul nemr\u00e9g Pakson l\u00e1thatt\u00e1k \u0151ket. A d\u00edjmentes rendezv\u00e9ny d\u00e9lut\u00e1n kett\u0151kor kezd\u0151dik a piact\u00e9ren.<\/p>\n\n\n\n<figure class=\"wp-block-image aligncenter size-large is-resized\"><img decoding=\"async\" width=\"1024\" height=\"681\" data-src=\"https:\/\/www.part-oldalak.hu\/wordpress\/wp-content\/uploads\/2024\/03\/607506eab2f202bc533aaab1d0289a26-1024x681.jpg\" alt=\"\" class=\"wp-image-9773 lazyload\" style=\"--smush-placeholder-width: 1024px; --smush-placeholder-aspect-ratio: 1024\/681;width:840px;height:auto\" data-srcset=\"https:\/\/www.part-oldalak.hu\/wordpress\/wp-content\/uploads\/2024\/03\/607506eab2f202bc533aaab1d0289a26-1024x681.jpg 1024w, https:\/\/www.part-oldalak.hu\/wordpress\/wp-content\/uploads\/2024\/03\/607506eab2f202bc533aaab1d0289a26-300x200.jpg 300w, https:\/\/www.part-oldalak.hu\/wordpress\/wp-content\/uploads\/2024\/03\/607506eab2f202bc533aaab1d0289a26-768x511.jpg 768w, https:\/\/www.part-oldalak.hu\/wordpress\/wp-content\/uploads\/2024\/03\/607506eab2f202bc533aaab1d0289a26.jpg 1512w\" data-sizes=\"(max-width: 1024px) 100vw, 1024px\" src=\"data:image\/svg+xml;base64,PHN2ZyB3aWR0aD0iMSIgaGVpZ2h0PSIxIiB4bWxucz0iaHR0cDovL3d3dy53My5vcmcvMjAwMC9zdmciPjwvc3ZnPg==\" \/><figcaption class=\"wp-element-caption\">A paksi verseny k\u00e9pei<\/figcaption><\/figure>\n\n\n\n<p>A nemzetk\u00f6zi versenyt megh\u00edv\u00e1sos alapon rendezik a sport\u00e1g tisztas\u00e1ga \u00e9rdek\u00e9ben. A hazaiak mellett \u00e9rkeznek csapatok Lengyelorsz\u00e1gb\u00f3l, Szerbi\u00e1b\u00f3l, Szlov\u00e1ki\u00e1b\u00f3l. Hat kateg\u00f3ri\u00e1ban m\u00e9rik \u00f6ssze erej\u00fcket a r\u00e9sztvev\u0151k. Ezek k\u00f6z\u00fcl a legl\u00e1tv\u00e1nyosabbak p\u00e9ld\u00e1ul a kamionh\u00faz\u00e1s, traktorgumi, betongoly\u00f3 emel\u00e9s. E bemutat\u00f3 versenyek c\u00e9lja, hogy felh\u00edvj\u00e1k f\u0151leg a fiatalok, a sz\u00fcl\u0151k figyelm\u00e9t arra, hogy napjainkban is lehet dopping, p\u00f3tszer mentesen sportolni \u00e9s sikereket el\u00e9rni versenyszer\u0171 keretek k\u00f6z\u00f6tt. C\u00e9ljuk nem a test\u00e9p\u00edt\u00e9s, az er\u0151fitoktat\u00e1s, hanem a testkult\u00fara fejleszt\u00e9se, a tisztess\u00e9ges keretek k\u00f6zti versenysiker \u00e9lm\u00e9nye. L\u00e1szl\u00f3 p\u00e9ldak\u00e9nt a maga sikeres \u00e9letp\u00e1ly\u00e1j\u00e1t hozza fel. 15 \u00e9vesen, 58 kil\u00f3san kezdett a sport\u00e1ggal foglalkozni. Innen jutott el a sokszoros vil\u00e1gbajnoki c\u00edmig. Sohasem haszn\u00e1lt p\u00f3tszereket. Sz\u00e1m\u00e1ra az er\u0151gy\u0171jt\u00e9st a szalonna, a hagyma jelentette.<\/p>\n\n\n\n<figure class=\"wp-block-image aligncenter size-large\"><img decoding=\"async\" width=\"1024\" height=\"768\" data-src=\"https:\/\/www.part-oldalak.hu\/wordpress\/wp-content\/uploads\/2024\/03\/05f89b55f887858cb88157156f3ab851-1024x768.jpg\" alt=\"\" class=\"wp-image-9771 lazyload\" data-srcset=\"https:\/\/www.part-oldalak.hu\/wordpress\/wp-content\/uploads\/2024\/03\/05f89b55f887858cb88157156f3ab851-1024x768.jpg 1024w, https:\/\/www.part-oldalak.hu\/wordpress\/wp-content\/uploads\/2024\/03\/05f89b55f887858cb88157156f3ab851-300x225.jpg 300w, https:\/\/www.part-oldalak.hu\/wordpress\/wp-content\/uploads\/2024\/03\/05f89b55f887858cb88157156f3ab851-768x576.jpg 768w, https:\/\/www.part-oldalak.hu\/wordpress\/wp-content\/uploads\/2024\/03\/05f89b55f887858cb88157156f3ab851-1536x1152.jpg 1536w, https:\/\/www.part-oldalak.hu\/wordpress\/wp-content\/uploads\/2024\/03\/05f89b55f887858cb88157156f3ab851.jpg 2048w\" data-sizes=\"(max-width: 1024px) 100vw, 1024px\" src=\"data:image\/svg+xml;base64,PHN2ZyB3aWR0aD0iMSIgaGVpZ2h0PSIxIiB4bWxucz0iaHR0cDovL3d3dy53My5vcmcvMjAwMC9zdmciPjwvc3ZnPg==\" style=\"--smush-placeholder-width: 1024px; --smush-placeholder-aspect-ratio: 1024\/768;\" \/><figcaption class=\"wp-element-caption\">A paksi verseny k\u00e9pei<\/figcaption><\/figure>\n\n\n\n<h2 class=\"wp-block-heading\">Kiv\u00e1lasztj\u00e1k Dunaf\u00f6ldv\u00e1r Er\u0151s Ember\u00e9t is<\/h2>\n\n\n\n<p>A program meglepet\u00e9se lesz, hogy \u00f6nk\u00e9ntes jelentkez\u00e9s alapj\u00e1n meg lehet k\u00fczdeni a v\u00e1ros Er\u0151s Embere c\u00edm\u00e9rt. A szervez\u0151k k\u00f6nny\u00edtett, speci\u00e1lis gyakorlatokat \u00e1ll\u00edtanak \u00f6ssze a jelentkez\u0151knek. A legeredm\u00e9nyesebb versenyz\u0151 nyeri el a c\u00edmet.<\/p>\n","protected":false},"excerpt":{"rendered":"<p>A f\u0151 szervez\u0151, ifj\u00fa Fekete L\u00e1szl\u00f3 kilencszeres vil\u00e1gbajnok.<\/p>\n","protected":false},"author":6,"featured_media":9772,"comment_status":"open","ping_status":"open","sticky":false,"template":"","format":"standard","meta":{"_monsterinsights_skip_tracking":false,"_monsterinsights_sitenote_active":false,"_monsterinsights_sitenote_note":"","_monsterinsights_sitenote_category":0,"footnotes":""},"categories":[1,15],"tags":[17,5],"class_list":["post-9769","post","type-post","status-publish","format-standard","has-post-thumbnail","hentry","category-mozaik","category-programok","tag-mozaik","tag-program"],"aioseo_notices":[],"yoast_head":"<!-- This site is optimized with the Yoast SEO plugin v25.6 - https:\/\/yoast.com\/wordpress\/plugins\/seo\/ -->\n<title>Nemzetk\u00f6zi Er\u0151s Emberek Versenye h\u00fasv\u00e9t vas\u00e1rnapj\u00e1n a piact\u00e9ren - Part-Oldalak Kultur\u00e1lis Egylet<\/title>\n<meta name=\"robots\" content=\"index, follow, max-snippet:-1, max-image-preview:large, max-video-preview:-1\" \/>\n<link rel=\"canonical\" href=\"https:\/\/www.part-oldalak.hu\/wordpress\/2024\/03\/25\/nemzetkozi-eros-emberek-versenye-husvet-vasarnapjan-a-piacteren\/\" \/>\n<meta property=\"og:locale\" content=\"hu_HU\" \/>\n<meta property=\"og:type\" content=\"article\" \/>\n<meta property=\"og:title\" content=\"Nemzetk\u00f6zi Er\u0151s Emberek Versenye h\u00fasv\u00e9t vas\u00e1rnapj\u00e1n a piact\u00e9ren - Part-Oldalak Kultur\u00e1lis Egylet\" \/>\n<meta property=\"og:description\" content=\"A f\u0151 szervez\u0151, ifj\u00fa Fekete L\u00e1szl\u00f3 kilencszeres vil\u00e1gbajnok.\" \/>\n<meta property=\"og:url\" content=\"https:\/\/www.part-oldalak.hu\/wordpress\/2024\/03\/25\/nemzetkozi-eros-emberek-versenye-husvet-vasarnapjan-a-piacteren\/\" \/>\n<meta property=\"og:site_name\" content=\"Part-Oldalak Kultur\u00e1lis Egylet\" \/>\n<meta property=\"article:published_time\" content=\"2024-03-25T21:14:44+00:00\" \/>\n<meta property=\"article:modified_time\" content=\"2024-03-25T21:19:45+00:00\" \/>\n<meta property=\"og:image\" content=\"https:\/\/www.part-oldalak.hu\/wordpress\/wp-content\/uploads\/2024\/03\/672f6b4f299c1352845679912e149b17.jpg\" \/>\n\t<meta property=\"og:image:width\" content=\"1512\" \/>\n\t<meta property=\"og:image:height\" content=\"1006\" \/>\n\t<meta property=\"og:image:type\" content=\"image\/jpeg\" \/>\n<meta name=\"author\" content=\"Szabados S\u00e1muel\" \/>\n<meta name=\"twitter:card\" content=\"summary_large_image\" \/>\n<meta name=\"twitter:label1\" content=\"Szerz\u0151:\" \/>\n\t<meta name=\"twitter:data1\" content=\"Szabados S\u00e1muel\" \/>\n\t<meta name=\"twitter:label2\" content=\"Becs\u00fclt olvas\u00e1si id\u0151\" \/>\n\t<meta name=\"twitter:data2\" content=\"2 perc\" \/>\n<script type=\"application\/ld+json\" class=\"yoast-schema-graph\">{\"@context\":\"https:\/\/schema.org\",\"@graph\":[{\"@type\":\"WebPage\",\"@id\":\"https:\/\/www.part-oldalak.hu\/wordpress\/2024\/03\/25\/nemzetkozi-eros-emberek-versenye-husvet-vasarnapjan-a-piacteren\/\",\"url\":\"https:\/\/www.part-oldalak.hu\/wordpress\/2024\/03\/25\/nemzetkozi-eros-emberek-versenye-husvet-vasarnapjan-a-piacteren\/\",\"name\":\"Nemzetk\u00f6zi Er\u0151s Emberek Versenye h\u00fasv\u00e9t vas\u00e1rnapj\u00e1n a piact\u00e9ren - Part-Oldalak Kultur\u00e1lis Egylet\",\"isPartOf\":{\"@id\":\"https:\/\/www.part-oldalak.hu\/wordpress\/#website\"},\"primaryImageOfPage\":{\"@id\":\"https:\/\/www.part-oldalak.hu\/wordpress\/2024\/03\/25\/nemzetkozi-eros-emberek-versenye-husvet-vasarnapjan-a-piacteren\/#primaryimage\"},\"image\":{\"@id\":\"https:\/\/www.part-oldalak.hu\/wordpress\/2024\/03\/25\/nemzetkozi-eros-emberek-versenye-husvet-vasarnapjan-a-piacteren\/#primaryimage\"},\"thumbnailUrl\":\"https:\/\/www.part-oldalak.hu\/wordpress\/wp-content\/uploads\/2024\/03\/672f6b4f299c1352845679912e149b17.jpg\",\"datePublished\":\"2024-03-25T21:14:44+00:00\",\"dateModified\":\"2024-03-25T21:19:45+00:00\",\"author\":{\"@id\":\"https:\/\/www.part-oldalak.hu\/wordpress\/#\/schema\/person\/33fd060024ced13a132c30281d1f2285\"},\"breadcrumb\":{\"@id\":\"https:\/\/www.part-oldalak.hu\/wordpress\/2024\/03\/25\/nemzetkozi-eros-emberek-versenye-husvet-vasarnapjan-a-piacteren\/#breadcrumb\"},\"inLanguage\":\"hu\",\"potentialAction\":[{\"@type\":\"ReadAction\",\"target\":[\"https:\/\/www.part-oldalak.hu\/wordpress\/2024\/03\/25\/nemzetkozi-eros-emberek-versenye-husvet-vasarnapjan-a-piacteren\/\"]}]},{\"@type\":\"ImageObject\",\"inLanguage\":\"hu\",\"@id\":\"https:\/\/www.part-oldalak.hu\/wordpress\/2024\/03\/25\/nemzetkozi-eros-emberek-versenye-husvet-vasarnapjan-a-piacteren\/#primaryimage\",\"url\":\"https:\/\/www.part-oldalak.hu\/wordpress\/wp-content\/uploads\/2024\/03\/672f6b4f299c1352845679912e149b17.jpg\",\"contentUrl\":\"https:\/\/www.part-oldalak.hu\/wordpress\/wp-content\/uploads\/2024\/03\/672f6b4f299c1352845679912e149b17.jpg\",\"width\":1512,\"height\":1006},{\"@type\":\"BreadcrumbList\",\"@id\":\"https:\/\/www.part-oldalak.hu\/wordpress\/2024\/03\/25\/nemzetkozi-eros-emberek-versenye-husvet-vasarnapjan-a-piacteren\/#breadcrumb\",\"itemListElement\":[{\"@type\":\"ListItem\",\"position\":1,\"name\":\"Kezd\u0151lap\",\"item\":\"https:\/\/www.part-oldalak.hu\/wordpress\/\"},{\"@type\":\"ListItem\",\"position\":2,\"name\":\"Nemzetk\u00f6zi Er\u0151s Emberek Versenye h\u00fasv\u00e9t vas\u00e1rnapj\u00e1n a piact\u00e9ren\"}]},{\"@type\":\"WebSite\",\"@id\":\"https:\/\/www.part-oldalak.hu\/wordpress\/#website\",\"url\":\"https:\/\/www.part-oldalak.hu\/wordpress\/\",\"name\":\"Part-Oldalak Kultur\u00e1lis Egylet\",\"description\":\"\",\"potentialAction\":[{\"@type\":\"SearchAction\",\"target\":{\"@type\":\"EntryPoint\",\"urlTemplate\":\"https:\/\/www.part-oldalak.hu\/wordpress\/?s={search_term_string}\"},\"query-input\":{\"@type\":\"PropertyValueSpecification\",\"valueRequired\":true,\"valueName\":\"search_term_string\"}}],\"inLanguage\":\"hu\"},{\"@type\":\"Person\",\"@id\":\"https:\/\/www.part-oldalak.hu\/wordpress\/#\/schema\/person\/33fd060024ced13a132c30281d1f2285\",\"name\":\"Szabados S\u00e1muel\",\"image\":{\"@type\":\"ImageObject\",\"inLanguage\":\"hu\",\"@id\":\"https:\/\/www.part-oldalak.hu\/wordpress\/#\/schema\/person\/image\/\",\"url\":\"https:\/\/secure.gravatar.com\/avatar\/6c62ff7a49dff1be1d1476755e48da1a?s=96&d=mm&r=g\",\"contentUrl\":\"https:\/\/secure.gravatar.com\/avatar\/6c62ff7a49dff1be1d1476755e48da1a?s=96&d=mm&r=g\",\"caption\":\"Szabados S\u00e1muel\"},\"url\":\"https:\/\/www.part-oldalak.hu\/wordpress\/author\/samu\/\"}]}<\/script>\n<!-- \/ Yoast SEO plugin. -->","yoast_head_json":{"title":"Nemzetk\u00f6zi Er\u0151s Emberek Versenye h\u00fasv\u00e9t vas\u00e1rnapj\u00e1n a piact\u00e9ren - Part-Oldalak Kultur\u00e1lis Egylet","robots":{"index":"index","follow":"follow","max-snippet":"max-snippet:-1","max-image-preview":"max-image-preview:large","max-video-preview":"max-video-preview:-1"},"canonical":"https:\/\/www.part-oldalak.hu\/wordpress\/2024\/03\/25\/nemzetkozi-eros-emberek-versenye-husvet-vasarnapjan-a-piacteren\/","og_locale":"hu_HU","og_type":"article","og_title":"Nemzetk\u00f6zi Er\u0151s Emberek Versenye h\u00fasv\u00e9t vas\u00e1rnapj\u00e1n a piact\u00e9ren - Part-Oldalak Kultur\u00e1lis Egylet","og_description":"A f\u0151 szervez\u0151, ifj\u00fa Fekete L\u00e1szl\u00f3 kilencszeres vil\u00e1gbajnok.","og_url":"https:\/\/www.part-oldalak.hu\/wordpress\/2024\/03\/25\/nemzetkozi-eros-emberek-versenye-husvet-vasarnapjan-a-piacteren\/","og_site_name":"Part-Oldalak Kultur\u00e1lis Egylet","article_published_time":"2024-03-25T21:14:44+00:00","article_modified_time":"2024-03-25T21:19:45+00:00","og_image":[{"width":1512,"height":1006,"url":"https:\/\/www.part-oldalak.hu\/wordpress\/wp-content\/uploads\/2024\/03\/672f6b4f299c1352845679912e149b17.jpg","type":"image\/jpeg"}],"author":"Szabados S\u00e1muel","twitter_card":"summary_large_image","twitter_misc":{"Szerz\u0151:":"Szabados S\u00e1muel","Becs\u00fclt olvas\u00e1si id\u0151":"2 perc"},"schema":{"@context":"https:\/\/schema.org","@graph":[{"@type":"WebPage","@id":"https:\/\/www.part-oldalak.hu\/wordpress\/2024\/03\/25\/nemzetkozi-eros-emberek-versenye-husvet-vasarnapjan-a-piacteren\/","url":"https:\/\/www.part-oldalak.hu\/wordpress\/2024\/03\/25\/nemzetkozi-eros-emberek-versenye-husvet-vasarnapjan-a-piacteren\/","name":"Nemzetk\u00f6zi Er\u0151s Emberek Versenye h\u00fasv\u00e9t vas\u00e1rnapj\u00e1n a piact\u00e9ren - Part-Oldalak Kultur\u00e1lis Egylet","isPartOf":{"@id":"https:\/\/www.part-oldalak.hu\/wordpress\/#website"},"primaryImageOfPage":{"@id":"https:\/\/www.part-oldalak.hu\/wordpress\/2024\/03\/25\/nemzetkozi-eros-emberek-versenye-husvet-vasarnapjan-a-piacteren\/#primaryimage"},"image":{"@id":"https:\/\/www.part-oldalak.hu\/wordpress\/2024\/03\/25\/nemzetkozi-eros-emberek-versenye-husvet-vasarnapjan-a-piacteren\/#primaryimage"},"thumbnailUrl":"https:\/\/www.part-oldalak.hu\/wordpress\/wp-content\/uploads\/2024\/03\/672f6b4f299c1352845679912e149b17.jpg","datePublished":"2024-03-25T21:14:44+00:00","dateModified":"2024-03-25T21:19:45+00:00","author":{"@id":"https:\/\/www.part-oldalak.hu\/wordpress\/#\/schema\/person\/33fd060024ced13a132c30281d1f2285"},"breadcrumb":{"@id":"https:\/\/www.part-oldalak.hu\/wordpress\/2024\/03\/25\/nemzetkozi-eros-emberek-versenye-husvet-vasarnapjan-a-piacteren\/#breadcrumb"},"inLanguage":"hu","potentialAction":[{"@type":"ReadAction","target":["https:\/\/www.part-oldalak.hu\/wordpress\/2024\/03\/25\/nemzetkozi-eros-emberek-versenye-husvet-vasarnapjan-a-piacteren\/"]}]},{"@type":"ImageObject","inLanguage":"hu","@id":"https:\/\/www.part-oldalak.hu\/wordpress\/2024\/03\/25\/nemzetkozi-eros-emberek-versenye-husvet-vasarnapjan-a-piacteren\/#primaryimage","url":"https:\/\/www.part-oldalak.hu\/wordpress\/wp-content\/uploads\/2024\/03\/672f6b4f299c1352845679912e149b17.jpg","contentUrl":"https:\/\/www.part-oldalak.hu\/wordpress\/wp-content\/uploads\/2024\/03\/672f6b4f299c1352845679912e149b17.jpg","width":1512,"height":1006},{"@type":"BreadcrumbList","@id":"https:\/\/www.part-oldalak.hu\/wordpress\/2024\/03\/25\/nemzetkozi-eros-emberek-versenye-husvet-vasarnapjan-a-piacteren\/#breadcrumb","itemListElement":[{"@type":"ListItem","position":1,"name":"Kezd\u0151lap","item":"https:\/\/www.part-oldalak.hu\/wordpress\/"},{"@type":"ListItem","position":2,"name":"Nemzetk\u00f6zi Er\u0151s Emberek Versenye h\u00fasv\u00e9t vas\u00e1rnapj\u00e1n a piact\u00e9ren"}]},{"@type":"WebSite","@id":"https:\/\/www.part-oldalak.hu\/wordpress\/#website","url":"https:\/\/www.part-oldalak.hu\/wordpress\/","name":"Part-Oldalak Kultur\u00e1lis Egylet","description":"","potentialAction":[{"@type":"SearchAction","target":{"@type":"EntryPoint","urlTemplate":"https:\/\/www.part-oldalak.hu\/wordpress\/?s={search_term_string}"},"query-input":{"@type":"PropertyValueSpecification","valueRequired":true,"valueName":"search_term_string"}}],"inLanguage":"hu"},{"@type":"Person","@id":"https:\/\/www.part-oldalak.hu\/wordpress\/#\/schema\/person\/33fd060024ced13a132c30281d1f2285","name":"Szabados S\u00e1muel","image":{"@type":"ImageObject","inLanguage":"hu","@id":"https:\/\/www.part-oldalak.hu\/wordpress\/#\/schema\/person\/image\/","url":"https:\/\/secure.gravatar.com\/avatar\/6c62ff7a49dff1be1d1476755e48da1a?s=96&d=mm&r=g","contentUrl":"https:\/\/secure.gravatar.com\/avatar\/6c62ff7a49dff1be1d1476755e48da1a?s=96&d=mm&r=g","caption":"Szabados S\u00e1muel"},"url":"https:\/\/www.part-oldalak.hu\/wordpress\/author\/samu\/"}]}},"_links":{"self":[{"href":"https:\/\/www.part-oldalak.hu\/wordpress\/wp-json\/wp\/v2\/posts\/9769"}],"collection":[{"href":"https:\/\/www.part-oldalak.hu\/wordpress\/wp-json\/wp\/v2\/posts"}],"about":[{"href":"https:\/\/www.part-oldalak.hu\/wordpress\/wp-json\/wp\/v2\/types\/post"}],"author":[{"embeddable":true,"href":"https:\/\/www.part-oldalak.hu\/wordpress\/wp-json\/wp\/v2\/users\/6"}],"replies":[{"embeddable":true,"href":"https:\/\/www.part-oldalak.hu\/wordpress\/wp-json\/wp\/v2\/comments?post=9769"}],"version-history":[{"count":3,"href":"https:\/\/www.part-oldalak.hu\/wordpress\/wp-json\/wp\/v2\/posts\/9769\/revisions"}],"predecessor-version":[{"id":9775,"href":"https:\/\/www.part-oldalak.hu\/wordpress\/wp-json\/wp\/v2\/posts\/9769\/revisions\/9775"}],"wp:featuredmedia":[{"embeddable":true,"href":"https:\/\/www.part-oldalak.hu\/wordpress\/wp-json\/wp\/v2\/media\/9772"}],"wp:attachment":[{"href":"https:\/\/www.part-oldalak.hu\/wordpress\/wp-json\/wp\/v2\/media?parent=9769"}],"wp:term":[{"taxonomy":"category","embeddable":true,"href":"https:\/\/www.part-oldalak.hu\/wordpress\/wp-json\/wp\/v2\/categories?post=9769"},{"taxonomy":"post_tag","embeddable":true,"href":"https:\/\/www.part-oldalak.hu\/wordpress\/wp-json\/wp\/v2\/tags?post=9769"}],"curies":[{"name":"wp","href":"https:\/\/api.w.org\/{rel}","templated":true}]}}