{"id":9743,"date":"2024-03-26T18:31:30","date_gmt":"2024-03-26T17:31:30","guid":{"rendered":"https:\/\/www.part-oldalak.hu\/wordpress\/?p=9743"},"modified":"2024-03-26T18:58:58","modified_gmt":"2024-03-26T17:58:58","slug":"husveti-akcio-varosszerte","status":"publish","type":"post","link":"https:\/\/www.part-oldalak.hu\/wordpress\/2024\/03\/26\/husveti-akcio-varosszerte\/","title":{"rendered":"H\u00fasv\u00e9ti akci\u00f3 v\u00e1rosszerte"},"content":{"rendered":"\n<h2 class=\"wp-block-heading\"><strong>Minden rosszban van valami j\u00f3<\/strong><\/h2>\n\n\n\n<p>Baranyai Gy\u00f6ngyivel besz\u00e9lgett\u00fcnk az idei h\u00fasv\u00e9ti d\u00edsz\u00edt\u00e9sr\u0151l, meg kicsit az el\u0151zm\u00e9nyekr\u0151l.<br>2019-ben j\u00e1rtunk, amikor bek\u00f6sz\u00f6nt\u00f6tt a covid az \u00e9let\u00fcnkbe, minden bez\u00e1rt \u00e9s csak kerest\u00fck a ritka alkalmakat, amikor szeretteinkkel \u00e9s bar\u00e1tainkkal lehet\u00fcnk. Pontosan ekkor kezd\u0151d\u00f6tt Gy\u00f6ngyi sz\u00e1m\u00e1ra ez a projekt amiben az\u00f3ta is kiemelked\u0151 szerepet v\u00e1llal. <em>Novemberben hirdett\u00e9k meg a k\u00f6z\u00f6s kar\u00e1csonyfa d\u00edsz\u00edt\u00e9s\u00e9t, amihez Gy\u00f6ngyi is csatlakozott \u00e9s szerves r\u00e9sz\u00e9v\u00e9 v\u00e1lt a v\u00e1rosunkat d\u00edsz\u00edt\u0151 csapatnak<\/em>. Akkor ismerte meg Horv\u00e1th Ir\u00e9nt, azaz Ircsit, aki ezt a hagyom\u00e1nyt teremtette. <strong>A lelkes t\u00e1rsas\u00e1g kar\u00e1csony \u00e9s h\u00fasv\u00e9t alkalm\u00e1val minden \u00e9vben csillog\u00e1sba \u00e9s sz\u00ednekbe bor\u00edtja Dunaf\u00f6ldv\u00e1rt. <\/strong>Ircsit\u0151l sajnos f\u00e1jdalmas b\u00facs\u00fat kellett venn\u00fcnk, azonban a k\u00f6z\u00f6ss\u00e9g a tisztelet\u00e9re ez\u00fattal sem szak\u00edtotta meg a trad\u00edci\u00f3t.<\/p>\n\n\n\n<figure class=\"wp-block-gallery has-nested-images columns-default is-cropped wp-block-gallery-1 is-layout-flex wp-block-gallery-is-layout-flex\">\n<figure class=\"wp-block-image aligncenter size-large\"><img decoding=\"async\" width=\"945\" height=\"709\" data-id=\"9751\" data-src=\"https:\/\/www.part-oldalak.hu\/wordpress\/wp-content\/uploads\/2024\/03\/43jo-1.jpg\" alt=\"\" class=\"wp-image-9751 lazyload\" data-srcset=\"https:\/\/www.part-oldalak.hu\/wordpress\/wp-content\/uploads\/2024\/03\/43jo-1.jpg 945w, https:\/\/www.part-oldalak.hu\/wordpress\/wp-content\/uploads\/2024\/03\/43jo-1-300x225.jpg 300w, https:\/\/www.part-oldalak.hu\/wordpress\/wp-content\/uploads\/2024\/03\/43jo-1-768x576.jpg 768w\" data-sizes=\"(max-width: 945px) 100vw, 945px\" src=\"data:image\/svg+xml;base64,PHN2ZyB3aWR0aD0iMSIgaGVpZ2h0PSIxIiB4bWxucz0iaHR0cDovL3d3dy53My5vcmcvMjAwMC9zdmciPjwvc3ZnPg==\" style=\"--smush-placeholder-width: 945px; --smush-placeholder-aspect-ratio: 945\/709;\" \/><\/figure>\n<\/figure>\n\n\n\n<h2 class=\"wp-block-heading\">A kitart\u00e1s mindent legy\u0151z!<\/h2>\n\n\n\n<p>A k\u00f6z\u00f6ss\u00e9g tagjai \u00fajra \u00f6sszegy\u0171ltek \u00e9s h\u00fasv\u00e9ti hangulatot teremtettek Dunaf\u00f6ldv\u00e1ron, de hogy kik is voltak \u0151k val\u00f3j\u00e1ban? A csapatot ez\u00fattal nem m\u00e1s alkotta, mint <strong>Kulcs\u00e1rn\u00e9 Balogh \u00c1gnes, Simon Katalin, G\u00e9czi-Grega Szilvia, Szab\u00f3n\u00e9 Dik\u00f3 Judit, Sebesty\u00e9n G\u00e1bor, Botty\u00e1n Attila, Horv\u00e1th Szab\u00f3 Kata, Dukai Nikolett,<\/strong> \u00e9s akik n\u00e9lk\u00fcl a dekor\u00e1ci\u00f3 nem j\u00f6tt volna l\u00e9tre <strong>Bog\u00e1r J\u00f3zsef, Moln\u00e1r Anna \u00e9s Baranyai Gy\u00f6ngyi<\/strong>. A csapat az id\u0151j\u00e1r\u00e1s viszontags\u00e1gai ellen\u00e9re csupa j\u00f3kedv k\u00f6zepette elhelyezte a dekor\u00e1ci\u00f3kat v\u00e1rosszerte.<\/p>\n\n\n\n<figure class=\"wp-block-gallery has-nested-images columns-default is-cropped wp-block-gallery-2 is-layout-flex wp-block-gallery-is-layout-flex\">\n<figure class=\"wp-block-image size-large\"><img decoding=\"async\" width=\"768\" height=\"1024\" data-id=\"9758\" data-src=\"https:\/\/www.part-oldalak.hu\/wordpress\/wp-content\/uploads\/2024\/03\/51jo-1-edited-4-768x1024.jpg\" alt=\"\" class=\"wp-image-9758 lazyload\" data-srcset=\"https:\/\/www.part-oldalak.hu\/wordpress\/wp-content\/uploads\/2024\/03\/51jo-1-edited-4-768x1024.jpg 768w, https:\/\/www.part-oldalak.hu\/wordpress\/wp-content\/uploads\/2024\/03\/51jo-1-edited-4-225x300.jpg 225w, https:\/\/www.part-oldalak.hu\/wordpress\/wp-content\/uploads\/2024\/03\/51jo-1-edited-4.jpg 875w\" data-sizes=\"(max-width: 768px) 100vw, 768px\" src=\"data:image\/svg+xml;base64,PHN2ZyB3aWR0aD0iMSIgaGVpZ2h0PSIxIiB4bWxucz0iaHR0cDovL3d3dy53My5vcmcvMjAwMC9zdmciPjwvc3ZnPg==\" style=\"--smush-placeholder-width: 768px; --smush-placeholder-aspect-ratio: 768\/1024;\" \/><\/figure>\n\n\n\n<figure class=\"wp-block-image size-large\"><img decoding=\"async\" width=\"781\" height=\"586\" data-id=\"9753\" data-src=\"https:\/\/www.part-oldalak.hu\/wordpress\/wp-content\/uploads\/2024\/03\/19jo-edited.jpg\" alt=\"\" class=\"wp-image-9753 lazyload\" data-srcset=\"https:\/\/www.part-oldalak.hu\/wordpress\/wp-content\/uploads\/2024\/03\/19jo-edited.jpg 781w, https:\/\/www.part-oldalak.hu\/wordpress\/wp-content\/uploads\/2024\/03\/19jo-edited-300x225.jpg 300w, https:\/\/www.part-oldalak.hu\/wordpress\/wp-content\/uploads\/2024\/03\/19jo-edited-768x576.jpg 768w\" data-sizes=\"(max-width: 781px) 100vw, 781px\" src=\"data:image\/svg+xml;base64,PHN2ZyB3aWR0aD0iMSIgaGVpZ2h0PSIxIiB4bWxucz0iaHR0cDovL3d3dy53My5vcmcvMjAwMC9zdmciPjwvc3ZnPg==\" style=\"--smush-placeholder-width: 781px; --smush-placeholder-aspect-ratio: 781\/586;\" \/><\/figure>\n<\/figure>\n\n\n\n<h2 class=\"wp-block-heading\"><strong>A m\u00falt m\u00e1r t\u00f6rt\u00e9nelem, a holnap m\u00e9g rejt\u00e9ly\u2026<\/strong><\/h2>\n\n\n\n<p>Hol is kezd\u0151d\u00f6tt \u00e9s mikor az eg\u00e9sz d\u00edsz\u00edt\u00e9si akci\u00f3? Mi\u00e9rt is olyan fontos ez a lelkes kis csoportnak? <em>2018-ban a v\u00e1ros lak\u00f3i seg\u00edts\u00e9g\u00e9vel \u00f6sszegy\u0171lt pontosan 7020 sz\u00ednesebbn\u00e9l sz\u00ednesebb toj\u00e1s, melyek akkor a v\u00e1rosh\u00e1za el\u0151tti nagy f\u00e1t \u00e9kes\u00edtett\u00e9k. <\/em>A toj\u00e1sok akkor is csodasz\u00e9pek voltak, de napjainkban sem lehet r\u00e1juk panasz, hiszen ezek a toj\u00e1sok lettek \u00fajra felhaszn\u00e1lva a d\u00edsz\u00edt\u00e9shez. Az eg\u00e9sz folyamatot nagyon sok id\u0151 volt v\u00e9grehajtani, a tervez\u00e9st \u00e9s a d\u00edsz\u00edt\u00e9s megalkot\u00e1s\u00e1t \u00e9s kivitelez\u00e9s\u00e9t is bele\u00e9rtve. <\/p>\n\n\n\n<figure class=\"wp-block-image aligncenter size-large is-resized\"><img decoding=\"async\" width=\"1024\" height=\"768\" data-src=\"https:\/\/www.part-oldalak.hu\/wordpress\/wp-content\/uploads\/2024\/03\/IMG_7134-1024x768.jpg\" alt=\"\" class=\"wp-image-9746 lazyload\" style=\"--smush-placeholder-width: 1024px; --smush-placeholder-aspect-ratio: 1024\/768;width:489px;height:auto\" data-srcset=\"https:\/\/www.part-oldalak.hu\/wordpress\/wp-content\/uploads\/2024\/03\/IMG_7134-1024x768.jpg 1024w, https:\/\/www.part-oldalak.hu\/wordpress\/wp-content\/uploads\/2024\/03\/IMG_7134-300x225.jpg 300w, https:\/\/www.part-oldalak.hu\/wordpress\/wp-content\/uploads\/2024\/03\/IMG_7134-768x576.jpg 768w, https:\/\/www.part-oldalak.hu\/wordpress\/wp-content\/uploads\/2024\/03\/IMG_7134-1536x1152.jpg 1536w, https:\/\/www.part-oldalak.hu\/wordpress\/wp-content\/uploads\/2024\/03\/IMG_7134-2048x1536.jpg 2048w\" data-sizes=\"(max-width: 1024px) 100vw, 1024px\" src=\"data:image\/svg+xml;base64,PHN2ZyB3aWR0aD0iMSIgaGVpZ2h0PSIxIiB4bWxucz0iaHR0cDovL3d3dy53My5vcmcvMjAwMC9zdmciPjwvc3ZnPg==\" \/><\/figure>\n\n\n\n<p>A h\u00fasv\u00e9ti dekor\u00e1ci\u00f3 ugyan m\u00e9g csak most foglalta el hely\u00e9t, de m\u00e1r k\u00e9sz\u00fclnek a tervek a kar\u00e1csonyi dekor\u00e1ci\u00f3ra.<\/p>\n\n\n\n<p><\/p>\n","protected":false},"excerpt":{"rendered":"<p>\u00dajra a sziv\u00e1rv\u00e1ny sz\u00edneiben pomp\u00e1zik Dunaf\u00f6ldv\u00e1r.<\/p>\n","protected":false},"author":14,"featured_media":9745,"comment_status":"open","ping_status":"open","sticky":false,"template":"","format":"standard","meta":{"_monsterinsights_skip_tracking":false,"_monsterinsights_sitenote_active":false,"_monsterinsights_sitenote_note":"","_monsterinsights_sitenote_category":0,"footnotes":""},"categories":[1],"tags":[3,17],"class_list":["post-9743","post","type-post","status-publish","format-standard","has-post-thumbnail","hentry","category-mozaik","tag-kozelet","tag-mozaik"],"aioseo_notices":[],"yoast_head":"<!-- This site is optimized with the Yoast SEO plugin v25.6 - https:\/\/yoast.com\/wordpress\/plugins\/seo\/ -->\n<title>H\u00fasv\u00e9ti akci\u00f3 v\u00e1rosszerte - Part-Oldalak Kultur\u00e1lis Egylet<\/title>\n<meta name=\"robots\" content=\"index, follow, max-snippet:-1, max-image-preview:large, max-video-preview:-1\" \/>\n<link rel=\"canonical\" href=\"https:\/\/www.part-oldalak.hu\/wordpress\/2024\/03\/26\/husveti-akcio-varosszerte\/\" \/>\n<meta property=\"og:locale\" content=\"hu_HU\" \/>\n<meta property=\"og:type\" content=\"article\" \/>\n<meta property=\"og:title\" content=\"H\u00fasv\u00e9ti akci\u00f3 v\u00e1rosszerte - Part-Oldalak Kultur\u00e1lis Egylet\" \/>\n<meta property=\"og:description\" content=\"\u00dajra a sziv\u00e1rv\u00e1ny sz\u00edneiben pomp\u00e1zik Dunaf\u00f6ldv\u00e1r.\" \/>\n<meta property=\"og:url\" content=\"https:\/\/www.part-oldalak.hu\/wordpress\/2024\/03\/26\/husveti-akcio-varosszerte\/\" \/>\n<meta property=\"og:site_name\" content=\"Part-Oldalak Kultur\u00e1lis Egylet\" \/>\n<meta property=\"article:published_time\" content=\"2024-03-26T17:31:30+00:00\" \/>\n<meta property=\"article:modified_time\" content=\"2024-03-26T17:58:58+00:00\" \/>\n<meta property=\"og:image\" content=\"https:\/\/www.part-oldalak.hu\/wordpress\/wp-content\/uploads\/2024\/03\/IMG_7146-scaled.jpg\" \/>\n\t<meta property=\"og:image:width\" content=\"2560\" \/>\n\t<meta property=\"og:image:height\" content=\"1920\" \/>\n\t<meta property=\"og:image:type\" content=\"image\/jpeg\" \/>\n<meta name=\"author\" content=\"Leibinger Anita\" \/>\n<meta name=\"twitter:card\" content=\"summary_large_image\" \/>\n<meta name=\"twitter:label1\" content=\"Szerz\u0151:\" \/>\n\t<meta name=\"twitter:data1\" content=\"Leibinger Anita\" \/>\n\t<meta name=\"twitter:label2\" content=\"Becs\u00fclt olvas\u00e1si id\u0151\" \/>\n\t<meta name=\"twitter:data2\" content=\"3 perc\" \/>\n<script type=\"application\/ld+json\" class=\"yoast-schema-graph\">{\"@context\":\"https:\/\/schema.org\",\"@graph\":[{\"@type\":\"WebPage\",\"@id\":\"https:\/\/www.part-oldalak.hu\/wordpress\/2024\/03\/26\/husveti-akcio-varosszerte\/\",\"url\":\"https:\/\/www.part-oldalak.hu\/wordpress\/2024\/03\/26\/husveti-akcio-varosszerte\/\",\"name\":\"H\u00fasv\u00e9ti akci\u00f3 v\u00e1rosszerte - Part-Oldalak Kultur\u00e1lis Egylet\",\"isPartOf\":{\"@id\":\"https:\/\/www.part-oldalak.hu\/wordpress\/#website\"},\"primaryImageOfPage\":{\"@id\":\"https:\/\/www.part-oldalak.hu\/wordpress\/2024\/03\/26\/husveti-akcio-varosszerte\/#primaryimage\"},\"image\":{\"@id\":\"https:\/\/www.part-oldalak.hu\/wordpress\/2024\/03\/26\/husveti-akcio-varosszerte\/#primaryimage\"},\"thumbnailUrl\":\"https:\/\/www.part-oldalak.hu\/wordpress\/wp-content\/uploads\/2024\/03\/IMG_7146-scaled.jpg\",\"datePublished\":\"2024-03-26T17:31:30+00:00\",\"dateModified\":\"2024-03-26T17:58:58+00:00\",\"author\":{\"@id\":\"https:\/\/www.part-oldalak.hu\/wordpress\/#\/schema\/person\/c467c61afc645940f7ebfc73d4432e33\"},\"breadcrumb\":{\"@id\":\"https:\/\/www.part-oldalak.hu\/wordpress\/2024\/03\/26\/husveti-akcio-varosszerte\/#breadcrumb\"},\"inLanguage\":\"hu\",\"potentialAction\":[{\"@type\":\"ReadAction\",\"target\":[\"https:\/\/www.part-oldalak.hu\/wordpress\/2024\/03\/26\/husveti-akcio-varosszerte\/\"]}]},{\"@type\":\"ImageObject\",\"inLanguage\":\"hu\",\"@id\":\"https:\/\/www.part-oldalak.hu\/wordpress\/2024\/03\/26\/husveti-akcio-varosszerte\/#primaryimage\",\"url\":\"https:\/\/www.part-oldalak.hu\/wordpress\/wp-content\/uploads\/2024\/03\/IMG_7146-scaled.jpg\",\"contentUrl\":\"https:\/\/www.part-oldalak.hu\/wordpress\/wp-content\/uploads\/2024\/03\/IMG_7146-scaled.jpg\",\"width\":2560,\"height\":1920},{\"@type\":\"BreadcrumbList\",\"@id\":\"https:\/\/www.part-oldalak.hu\/wordpress\/2024\/03\/26\/husveti-akcio-varosszerte\/#breadcrumb\",\"itemListElement\":[{\"@type\":\"ListItem\",\"position\":1,\"name\":\"Kezd\u0151lap\",\"item\":\"https:\/\/www.part-oldalak.hu\/wordpress\/\"},{\"@type\":\"ListItem\",\"position\":2,\"name\":\"H\u00fasv\u00e9ti akci\u00f3 v\u00e1rosszerte\"}]},{\"@type\":\"WebSite\",\"@id\":\"https:\/\/www.part-oldalak.hu\/wordpress\/#website\",\"url\":\"https:\/\/www.part-oldalak.hu\/wordpress\/\",\"name\":\"Part-Oldalak Kultur\u00e1lis Egylet\",\"description\":\"\",\"potentialAction\":[{\"@type\":\"SearchAction\",\"target\":{\"@type\":\"EntryPoint\",\"urlTemplate\":\"https:\/\/www.part-oldalak.hu\/wordpress\/?s={search_term_string}\"},\"query-input\":{\"@type\":\"PropertyValueSpecification\",\"valueRequired\":true,\"valueName\":\"search_term_string\"}}],\"inLanguage\":\"hu\"},{\"@type\":\"Person\",\"@id\":\"https:\/\/www.part-oldalak.hu\/wordpress\/#\/schema\/person\/c467c61afc645940f7ebfc73d4432e33\",\"name\":\"Leibinger Anita\",\"image\":{\"@type\":\"ImageObject\",\"inLanguage\":\"hu\",\"@id\":\"https:\/\/www.part-oldalak.hu\/wordpress\/#\/schema\/person\/image\/\",\"url\":\"https:\/\/secure.gravatar.com\/avatar\/a42546499ceb0091c8d0759b8f8f51ac?s=96&d=mm&r=g\",\"contentUrl\":\"https:\/\/secure.gravatar.com\/avatar\/a42546499ceb0091c8d0759b8f8f51ac?s=96&d=mm&r=g\",\"caption\":\"Leibinger Anita\"},\"url\":\"https:\/\/www.part-oldalak.hu\/wordpress\/author\/leibinger-anita\/\"}]}<\/script>\n<!-- \/ Yoast SEO plugin. -->","yoast_head_json":{"title":"H\u00fasv\u00e9ti akci\u00f3 v\u00e1rosszerte - Part-Oldalak Kultur\u00e1lis Egylet","robots":{"index":"index","follow":"follow","max-snippet":"max-snippet:-1","max-image-preview":"max-image-preview:large","max-video-preview":"max-video-preview:-1"},"canonical":"https:\/\/www.part-oldalak.hu\/wordpress\/2024\/03\/26\/husveti-akcio-varosszerte\/","og_locale":"hu_HU","og_type":"article","og_title":"H\u00fasv\u00e9ti akci\u00f3 v\u00e1rosszerte - Part-Oldalak Kultur\u00e1lis Egylet","og_description":"\u00dajra a sziv\u00e1rv\u00e1ny sz\u00edneiben pomp\u00e1zik Dunaf\u00f6ldv\u00e1r.","og_url":"https:\/\/www.part-oldalak.hu\/wordpress\/2024\/03\/26\/husveti-akcio-varosszerte\/","og_site_name":"Part-Oldalak Kultur\u00e1lis Egylet","article_published_time":"2024-03-26T17:31:30+00:00","article_modified_time":"2024-03-26T17:58:58+00:00","og_image":[{"width":2560,"height":1920,"url":"https:\/\/www.part-oldalak.hu\/wordpress\/wp-content\/uploads\/2024\/03\/IMG_7146-scaled.jpg","type":"image\/jpeg"}],"author":"Leibinger Anita","twitter_card":"summary_large_image","twitter_misc":{"Szerz\u0151:":"Leibinger Anita","Becs\u00fclt olvas\u00e1si id\u0151":"3 perc"},"schema":{"@context":"https:\/\/schema.org","@graph":[{"@type":"WebPage","@id":"https:\/\/www.part-oldalak.hu\/wordpress\/2024\/03\/26\/husveti-akcio-varosszerte\/","url":"https:\/\/www.part-oldalak.hu\/wordpress\/2024\/03\/26\/husveti-akcio-varosszerte\/","name":"H\u00fasv\u00e9ti akci\u00f3 v\u00e1rosszerte - Part-Oldalak Kultur\u00e1lis Egylet","isPartOf":{"@id":"https:\/\/www.part-oldalak.hu\/wordpress\/#website"},"primaryImageOfPage":{"@id":"https:\/\/www.part-oldalak.hu\/wordpress\/2024\/03\/26\/husveti-akcio-varosszerte\/#primaryimage"},"image":{"@id":"https:\/\/www.part-oldalak.hu\/wordpress\/2024\/03\/26\/husveti-akcio-varosszerte\/#primaryimage"},"thumbnailUrl":"https:\/\/www.part-oldalak.hu\/wordpress\/wp-content\/uploads\/2024\/03\/IMG_7146-scaled.jpg","datePublished":"2024-03-26T17:31:30+00:00","dateModified":"2024-03-26T17:58:58+00:00","author":{"@id":"https:\/\/www.part-oldalak.hu\/wordpress\/#\/schema\/person\/c467c61afc645940f7ebfc73d4432e33"},"breadcrumb":{"@id":"https:\/\/www.part-oldalak.hu\/wordpress\/2024\/03\/26\/husveti-akcio-varosszerte\/#breadcrumb"},"inLanguage":"hu","potentialAction":[{"@type":"ReadAction","target":["https:\/\/www.part-oldalak.hu\/wordpress\/2024\/03\/26\/husveti-akcio-varosszerte\/"]}]},{"@type":"ImageObject","inLanguage":"hu","@id":"https:\/\/www.part-oldalak.hu\/wordpress\/2024\/03\/26\/husveti-akcio-varosszerte\/#primaryimage","url":"https:\/\/www.part-oldalak.hu\/wordpress\/wp-content\/uploads\/2024\/03\/IMG_7146-scaled.jpg","contentUrl":"https:\/\/www.part-oldalak.hu\/wordpress\/wp-content\/uploads\/2024\/03\/IMG_7146-scaled.jpg","width":2560,"height":1920},{"@type":"BreadcrumbList","@id":"https:\/\/www.part-oldalak.hu\/wordpress\/2024\/03\/26\/husveti-akcio-varosszerte\/#breadcrumb","itemListElement":[{"@type":"ListItem","position":1,"name":"Kezd\u0151lap","item":"https:\/\/www.part-oldalak.hu\/wordpress\/"},{"@type":"ListItem","position":2,"name":"H\u00fasv\u00e9ti akci\u00f3 v\u00e1rosszerte"}]},{"@type":"WebSite","@id":"https:\/\/www.part-oldalak.hu\/wordpress\/#website","url":"https:\/\/www.part-oldalak.hu\/wordpress\/","name":"Part-Oldalak Kultur\u00e1lis Egylet","description":"","potentialAction":[{"@type":"SearchAction","target":{"@type":"EntryPoint","urlTemplate":"https:\/\/www.part-oldalak.hu\/wordpress\/?s={search_term_string}"},"query-input":{"@type":"PropertyValueSpecification","valueRequired":true,"valueName":"search_term_string"}}],"inLanguage":"hu"},{"@type":"Person","@id":"https:\/\/www.part-oldalak.hu\/wordpress\/#\/schema\/person\/c467c61afc645940f7ebfc73d4432e33","name":"Leibinger Anita","image":{"@type":"ImageObject","inLanguage":"hu","@id":"https:\/\/www.part-oldalak.hu\/wordpress\/#\/schema\/person\/image\/","url":"https:\/\/secure.gravatar.com\/avatar\/a42546499ceb0091c8d0759b8f8f51ac?s=96&d=mm&r=g","contentUrl":"https:\/\/secure.gravatar.com\/avatar\/a42546499ceb0091c8d0759b8f8f51ac?s=96&d=mm&r=g","caption":"Leibinger Anita"},"url":"https:\/\/www.part-oldalak.hu\/wordpress\/author\/leibinger-anita\/"}]}},"_links":{"self":[{"href":"https:\/\/www.part-oldalak.hu\/wordpress\/wp-json\/wp\/v2\/posts\/9743"}],"collection":[{"href":"https:\/\/www.part-oldalak.hu\/wordpress\/wp-json\/wp\/v2\/posts"}],"about":[{"href":"https:\/\/www.part-oldalak.hu\/wordpress\/wp-json\/wp\/v2\/types\/post"}],"author":[{"embeddable":true,"href":"https:\/\/www.part-oldalak.hu\/wordpress\/wp-json\/wp\/v2\/users\/14"}],"replies":[{"embeddable":true,"href":"https:\/\/www.part-oldalak.hu\/wordpress\/wp-json\/wp\/v2\/comments?post=9743"}],"version-history":[{"count":10,"href":"https:\/\/www.part-oldalak.hu\/wordpress\/wp-json\/wp\/v2\/posts\/9743\/revisions"}],"predecessor-version":[{"id":9782,"href":"https:\/\/www.part-oldalak.hu\/wordpress\/wp-json\/wp\/v2\/posts\/9743\/revisions\/9782"}],"wp:featuredmedia":[{"embeddable":true,"href":"https:\/\/www.part-oldalak.hu\/wordpress\/wp-json\/wp\/v2\/media\/9745"}],"wp:attachment":[{"href":"https:\/\/www.part-oldalak.hu\/wordpress\/wp-json\/wp\/v2\/media?parent=9743"}],"wp:term":[{"taxonomy":"category","embeddable":true,"href":"https:\/\/www.part-oldalak.hu\/wordpress\/wp-json\/wp\/v2\/categories?post=9743"},{"taxonomy":"post_tag","embeddable":true,"href":"https:\/\/www.part-oldalak.hu\/wordpress\/wp-json\/wp\/v2\/tags?post=9743"}],"curies":[{"name":"wp","href":"https:\/\/api.w.org\/{rel}","templated":true}]}}