{"id":9709,"date":"2024-03-23T20:13:32","date_gmt":"2024-03-23T19:13:32","guid":{"rendered":"https:\/\/www.part-oldalak.hu\/wordpress\/?p=9709"},"modified":"2024-03-23T20:13:33","modified_gmt":"2024-03-23T19:13:33","slug":"az-idei-elso-baba-mar-megkapta-a-babakoszonto-tamogatast","status":"publish","type":"post","link":"https:\/\/www.part-oldalak.hu\/wordpress\/2024\/03\/23\/az-idei-elso-baba-mar-megkapta-a-babakoszonto-tamogatast\/","title":{"rendered":"Az idei els\u0151 baba m\u00e1r megkapta a babak\u00f6sz\u00f6nt\u0151 t\u00e1mogat\u00e1st"},"content":{"rendered":"\n<p>A v\u00e1ros n\u00f6veked\u00e9se egy \u00f6r\u00f6k, izgalmas k\u00e9rd\u00e9s, \u00e9s valahol ott kezd\u0151dik, amikor \u00fajsz\u00fcl\u00f6ttel gyarapodik egy csal\u00e1d. Dunaf\u00f6ldv\u00e1r V\u00e1ros \u00d6nkorm\u00e1nyzata 2024-t\u0151l kezdve egy szer\u00e9ny, de nem jelent\u00e9ktelen hozz\u00e1j\u00e1rul\u00e1ssal t\u00e1mogatja a helyi csal\u00e1dokat, ami nagy seg\u00edts\u00e9g lehet egy gyermek sz\u00fclet\u00e9sekor. <\/p>\n\n\n\n<h2 class=\"wp-block-heading\">Ez pedig a babav\u00e1r\u00f3 t\u00e1mogat\u00e1s <\/h2>\n\n\n\n<p>Az els\u0151 csecsem\u0151t m\u00e1r k\u00f6sz\u00f6nt\u00f6tte v\u00e1rosunk polg\u00e1rmestere, <strong>Horv\u00e1th Zsolt, valamint az alpolg\u00e1rmester asszony, Dr. S\u00fcveges \u00c1rp\u00e1dn\u00e9 is<\/strong>. A v\u00e9d\u0151n\u0151i szolg\u00e1latn\u00e1l zajlott le a tal\u00e1lkoz\u00f3, \u00edgy v\u00e1rosunk vezet\u0151i is vethettek egy pillant\u00e1st a j\u00f6vev\u00e9nyre, amikor a sz\u00fcl\u0151knek \u00e1tadt\u00e1k a t\u00e1mogat\u00e1st, valamint egy apr\u00f3 aj\u00e1nd\u00e9kot. <\/p>\n\n\n\n<p><strong>Radics Korn\u00e9l Roland<\/strong> m\u00e1sodik gyermekk\u00e9nt \u00e9rkezett a csal\u00e1dj\u00e1ba <strong>febru\u00e1r harmadik\u00e1n<\/strong>, sz\u00fclei \u00f6r\u00f6mmel fogadt\u00e1k az \u00f6nkorm\u00e1nyzat figyelmess\u00e9g\u00e9t, nagy seg\u00edts\u00e9gnek \u00e9s j\u00f3 dolognak tartj\u00e1k ezt a kezdem\u00e9nyez\u00e9st. Az \u00fajsz\u00fcl\u00f6tt anyuk\u00e1ja szerint Korn\u00e9l nagyon j\u00f3 baba, szerencs\u00e9re j\u00f3l eszik \u00e9s alszik. <\/p>\n\n\n\n<p>Az \u00f6tletgazd\u00e1t,<strong> Lipt\u00e1k Tam\u00e1s k\u00e9pvisel\u0151t<\/strong> is megk\u00e9rdezt\u00fck az \u00faj t\u00e1mogat\u00e1si form\u00e1r\u00f3l, aki \u00fagy nyilatkozott, hogy az \u00f6nkorm\u00e1nyzat r\u00e9sz\u00e9r\u0151l a legf\u0151bb sz\u00e1nd\u00e9k az volt, hogy kedvezzenek a fiataloknak \u00e9s a csal\u00e1doknak, hogy azok \u00e9rezz\u00e9k, boldogul\u00e1suk, gyarapod\u00e1suk fontos a v\u00e1rosnak. A babak\u00f6sz\u00f6nt\u0151 t\u00e1mogat\u00e1s egy jelk\u00e9pes, gesztus\u00e9rt\u00e9k\u0171 t\u00e1mogat\u00e1s, hiszen egy egyszeri 30.000 Ft-os utalv\u00e1nyr\u00f3l van sz\u00f3, de a csal\u00e1dokban \u00e9s a gyermekekben hisznek \u00e9s igyekeznek \u0151ket seg\u00edteni.<\/p>\n\n\n\n<p>A t\u00e1mogat\u00e1st egy <strong>v\u00e1rosi gyereknap<\/strong> is k\u00eds\u00e9ri majd, amihez a m\u0171vel\u0151d\u00e9si k\u00f6zpont is csatlakozott, \u00edgy ez m\u00e1r k\u00f6z\u00f6s projektk\u00e9nt val\u00f3sulhat meg 2024-ben.<\/p>\n\n\n\n<h2 class=\"wp-block-heading\">Mit \u00e9rdemes tudni err\u0151l a t\u00e1mogat\u00e1sr\u00f3l? <\/h2>\n\n\n\n<p>2024. janu\u00e1r 1-t\u0151l a v\u00e1ros \u00f6nkorm\u00e1nyzata bevezette a&nbsp;<strong>babak\u00f6sz\u00f6nt\u0151 t\u00e1mogat\u00e1st&nbsp;<\/strong>Dunaf\u00f6ldv\u00e1ron.<\/p>\n\n\n\n<blockquote class=\"wp-block-quote is-layout-flow wp-block-quote-is-layout-flow\">\n<p>A t\u00e1mogat\u00e1s c\u00e9lja: t\u00e1mogat\u00e1s ny\u00fajt\u00e1sa az \u00fajsz\u00fcl\u00f6tt gyermekeknek \u00e9s sz\u00fcleiknek, hozz\u00e1j\u00e1rul\u00e1s a sz\u00fcl\u0151k gyermeknevel\u00e9ssel j\u00e1r\u00f3 anyagi terheinek cs\u00f6kkent\u00e9s\u00e9hez.<\/p>\n<\/blockquote>\n\n\n\n<p>A rendelet hat\u00e1lya kiterjed minden anyak\u00f6nyvezett \u00fajsz\u00fcl\u00f6tt gyermekre, akinek lak\u00f3hely\u00e9\u00fcl a sz\u00fclet\u00e9sekor a szem\u00e9lyi adat- \u00e9s lakc\u00edmnyilv\u00e1ntart\u00e1sba dunaf\u00f6ldv\u00e1ri lakc\u00edm ker\u00fcl bejegyz\u00e9sre, \u00e9s az \u00fajsz\u00fcl\u00f6tt gyermek sz\u00fclet\u00e9sekor vagy \u00f6r\u00f6kbefogad\u00e1sakor legal\u00e1bb egyik sz\u00fcl\u0151je Dunaf\u00f6ldv\u00e1r k\u00f6zigazgat\u00e1si ter\u00fclet\u00e9n bejelentett lak\u00f3hellyel vagy tart\u00f3zkod\u00e1si hellyel rendelkezik, \u00e9letvitelszer\u0171en Dunaf\u00f6ldv\u00e1ron \u00e9l, \u00e9s a csal\u00e1dban az egy f\u0151re jut\u00f3 havi nett\u00f3 j\u00f6vedelem nem haladja meg a szoci\u00e1lis vet\u00edt\u00e9si alap h\u00fasszoros \u00f6sszeg\u00e9t, ami jelenleg 570 000 Ft\/h\u00f3.<\/p>\n\n\n\n<blockquote class=\"wp-block-quote is-layout-flow wp-block-quote-is-layout-flow\">\n<p>Az \u00fajsz\u00fcl\u00f6tt gyermekek t\u00e1mogat\u00e1sa egy 30 000 Ft \u00e9rt\u00e9k\u0171 v\u00e1s\u00e1rl\u00e1si utalv\u00e1ny, valamint Dunaf\u00f6ldv\u00e1r c\u00edmer\u00e9vel ell\u00e1tott eml\u00e9klap. A v\u00e1s\u00e1rl\u00e1si utalv\u00e1nyt a t\u00e1mogat\u00e1s meg\u00e1llap\u00edt\u00e1s\u00e1t k\u00f6vet\u0151en legk\u00e9s\u0151bb h\u00e1rom h\u00f3napon bel\u00fcl \u00e1tadj\u00e1k az illet\u00e9keseknek.<\/p>\n<\/blockquote>\n\n\n\n<p>A t\u00e1mogat\u00e1st hivatalb\u00f3l, a sz\u00fcl\u0151 \u00e1ltal tett a rendelet 1. mell\u00e9klete szerinti nyilatkozat alapj\u00e1n, vagyonvizsg\u00e1lat n\u00e9lk\u00fcl kell meg\u00e1llap\u00edtani. A nyilatkozatot a Dunaf\u00f6ldv\u00e1ri Polg\u00e1rmesteri Hivatal Hat\u00f3s\u00e1gi \u00e9s Szoci\u00e1lis Irod\u00e1j\u00e1n kell beny\u00fajtani a gyermek sz\u00fclet\u00e9s\u00e9t k\u00f6vet\u0151 6 h\u00f3napon bel\u00fcl. A hat\u00e1rid\u0151 jogveszt\u0151.<\/p>\n\n\n\n<p><strong>A t\u00e1mogat\u00e1st csak az egyik sz\u00fcl\u0151 veheti ig\u00e9nybe<\/strong>. A nyilatkozat az \u00f6nkorm\u00e1nyzat honlapj\u00e1r\u00f3l let\u00f6lthet\u0151, \u00e9s \u00fcgyf\u00e9lkapun kereszt\u00fcl is beny\u00fajthat\u00f3.<\/p>\n\n\n\n<p>Az \u00fajsz\u00fcl\u00f6tt gyermekek t\u00e1mogat\u00e1sa ikersz\u00fcl\u00e9s eset\u00e9ben gyermekenk\u00e9nt k\u00fcl\u00f6n-k\u00fcl\u00f6n t\u00f6rt\u00e9nik.<\/p>\n\n\n\n<p>A t\u00e1mogat\u00e1st egy gyermek ut\u00e1n csak az egyik sz\u00fcl\u0151, k\u00fcl\u00f6n \u00e9l\u0151 sz\u00fcl\u0151k eset\u00e9ben a gyermekkel egy h\u00e1ztart\u00e1sban \u00e9l\u0151 sz\u00fcl\u0151 jogosult ig\u00e9nybe venni. Nem jogosult a t\u00e1mogat\u00e1sra a sz\u00fcl\u0151, ha a sz\u00fcl\u0151i fel\u00fcgyeleti jog\u00e1t b\u00edr\u00f3s\u00e1g korl\u00e1tozta vagy megsz\u00fcntette, vagy a gyermek gyermekv\u00e9delmi szakell\u00e1t\u00e1sba ker\u00fclt.<\/p>\n\n\n\n<p><a href=\"https:\/\/www.facebook.com\/sharer\/sharer.php?u=https%3A%2F%2Fwww.part-oldalak.hu%2Fwordpress%2F2024%2F03%2F18%2Fhetindito-03-19%2F\" target=\"_blank\" rel=\"noreferrer noopener\"><\/a><a href=\"https:\/\/www.instagram.com\/https:\/\/www.instagram.com\/partoldalak\/\" target=\"_blank\" rel=\"noreferrer noopener\"><\/a><a href=\"https:\/\/www.part-oldalak.hu\/wordpress\/2024\/03\/18\/hetindito-03-19\/\"><\/a><\/p>\n\n\n\n<p><\/p>\n","protected":false},"excerpt":{"rendered":"<p>A v\u00e1ros n\u00f6veked\u00e9se egy \u00f6r\u00f6k, izgalmas k\u00e9rd\u00e9s, \u00e9s valahol ott kezd\u0151dik, amikor \u00fajsz\u00fcl\u00f6ttel gyarapodik egy csal\u00e1d. Dunaf\u00f6ldv\u00e1r V\u00e1ros \u00d6nkorm\u00e1nyzata 2024-t\u0151l kezdve egy szer\u00e9ny, de nem jelent\u00e9ktelen hozz\u00e1j\u00e1rul\u00e1ssal t\u00e1mogatja a helyi csal\u00e1dokat, ami nagy seg\u00edts\u00e9g lehet egy gyermek sz\u00fclet\u00e9sekor. <\/p>\n","protected":false},"author":2,"featured_media":9717,"comment_status":"open","ping_status":"open","sticky":false,"template":"","format":"standard","meta":{"_monsterinsights_skip_tracking":false,"_monsterinsights_sitenote_active":false,"_monsterinsights_sitenote_note":"","_monsterinsights_sitenote_category":0,"footnotes":""},"categories":[9,1],"tags":[3,17],"class_list":["post-9709","post","type-post","status-publish","format-standard","has-post-thumbnail","hentry","category-kozelet","category-mozaik","tag-kozelet","tag-mozaik"],"aioseo_notices":[],"yoast_head":"<!-- This site is optimized with the Yoast SEO plugin v25.6 - https:\/\/yoast.com\/wordpress\/plugins\/seo\/ -->\n<title>Az idei els\u0151 baba m\u00e1r megkapta a babak\u00f6sz\u00f6nt\u0151 t\u00e1mogat\u00e1st - Part-Oldalak Kultur\u00e1lis Egylet<\/title>\n<meta name=\"robots\" content=\"index, follow, max-snippet:-1, max-image-preview:large, max-video-preview:-1\" \/>\n<link rel=\"canonical\" href=\"https:\/\/www.part-oldalak.hu\/wordpress\/2024\/03\/23\/az-idei-elso-baba-mar-megkapta-a-babakoszonto-tamogatast\/\" \/>\n<meta property=\"og:locale\" content=\"hu_HU\" \/>\n<meta property=\"og:type\" content=\"article\" \/>\n<meta property=\"og:title\" content=\"Az idei els\u0151 baba m\u00e1r megkapta a babak\u00f6sz\u00f6nt\u0151 t\u00e1mogat\u00e1st - Part-Oldalak Kultur\u00e1lis Egylet\" \/>\n<meta property=\"og:description\" content=\"A v\u00e1ros n\u00f6veked\u00e9se egy \u00f6r\u00f6k, izgalmas k\u00e9rd\u00e9s, \u00e9s valahol ott kezd\u0151dik, amikor \u00fajsz\u00fcl\u00f6ttel gyarapodik egy csal\u00e1d. Dunaf\u00f6ldv\u00e1r V\u00e1ros \u00d6nkorm\u00e1nyzata 2024-t\u0151l kezdve egy szer\u00e9ny, de nem jelent\u00e9ktelen hozz\u00e1j\u00e1rul\u00e1ssal t\u00e1mogatja a helyi csal\u00e1dokat, ami nagy seg\u00edts\u00e9g lehet egy gyermek sz\u00fclet\u00e9sekor.\" \/>\n<meta property=\"og:url\" content=\"https:\/\/www.part-oldalak.hu\/wordpress\/2024\/03\/23\/az-idei-elso-baba-mar-megkapta-a-babakoszonto-tamogatast\/\" \/>\n<meta property=\"og:site_name\" content=\"Part-Oldalak Kultur\u00e1lis Egylet\" \/>\n<meta property=\"article:published_time\" content=\"2024-03-23T19:13:32+00:00\" \/>\n<meta property=\"article:modified_time\" content=\"2024-03-23T19:13:33+00:00\" \/>\n<meta property=\"og:image\" content=\"https:\/\/www.part-oldalak.hu\/wordpress\/wp-content\/uploads\/2024\/03\/432956227_387281630807311_3913075469151388962_n.jpg\" \/>\n\t<meta property=\"og:image:width\" content=\"2048\" \/>\n\t<meta property=\"og:image:height\" content=\"1536\" \/>\n\t<meta property=\"og:image:type\" content=\"image\/jpeg\" \/>\n<meta name=\"author\" content=\"Kelemen Dorottya\" \/>\n<meta name=\"twitter:card\" content=\"summary_large_image\" \/>\n<meta name=\"twitter:label1\" content=\"Szerz\u0151:\" \/>\n\t<meta name=\"twitter:data1\" content=\"Kelemen Dorottya\" \/>\n\t<meta name=\"twitter:label2\" content=\"Becs\u00fclt olvas\u00e1si id\u0151\" \/>\n\t<meta name=\"twitter:data2\" content=\"3 perc\" \/>\n<script type=\"application\/ld+json\" class=\"yoast-schema-graph\">{\"@context\":\"https:\/\/schema.org\",\"@graph\":[{\"@type\":\"WebPage\",\"@id\":\"https:\/\/www.part-oldalak.hu\/wordpress\/2024\/03\/23\/az-idei-elso-baba-mar-megkapta-a-babakoszonto-tamogatast\/\",\"url\":\"https:\/\/www.part-oldalak.hu\/wordpress\/2024\/03\/23\/az-idei-elso-baba-mar-megkapta-a-babakoszonto-tamogatast\/\",\"name\":\"Az idei els\u0151 baba m\u00e1r megkapta a babak\u00f6sz\u00f6nt\u0151 t\u00e1mogat\u00e1st - Part-Oldalak Kultur\u00e1lis Egylet\",\"isPartOf\":{\"@id\":\"https:\/\/www.part-oldalak.hu\/wordpress\/#website\"},\"primaryImageOfPage\":{\"@id\":\"https:\/\/www.part-oldalak.hu\/wordpress\/2024\/03\/23\/az-idei-elso-baba-mar-megkapta-a-babakoszonto-tamogatast\/#primaryimage\"},\"image\":{\"@id\":\"https:\/\/www.part-oldalak.hu\/wordpress\/2024\/03\/23\/az-idei-elso-baba-mar-megkapta-a-babakoszonto-tamogatast\/#primaryimage\"},\"thumbnailUrl\":\"https:\/\/www.part-oldalak.hu\/wordpress\/wp-content\/uploads\/2024\/03\/432956227_387281630807311_3913075469151388962_n.jpg\",\"datePublished\":\"2024-03-23T19:13:32+00:00\",\"dateModified\":\"2024-03-23T19:13:33+00:00\",\"author\":{\"@id\":\"https:\/\/www.part-oldalak.hu\/wordpress\/#\/schema\/person\/c884fbd77fcee1cb2ee4cdb02d55315f\"},\"breadcrumb\":{\"@id\":\"https:\/\/www.part-oldalak.hu\/wordpress\/2024\/03\/23\/az-idei-elso-baba-mar-megkapta-a-babakoszonto-tamogatast\/#breadcrumb\"},\"inLanguage\":\"hu\",\"potentialAction\":[{\"@type\":\"ReadAction\",\"target\":[\"https:\/\/www.part-oldalak.hu\/wordpress\/2024\/03\/23\/az-idei-elso-baba-mar-megkapta-a-babakoszonto-tamogatast\/\"]}]},{\"@type\":\"ImageObject\",\"inLanguage\":\"hu\",\"@id\":\"https:\/\/www.part-oldalak.hu\/wordpress\/2024\/03\/23\/az-idei-elso-baba-mar-megkapta-a-babakoszonto-tamogatast\/#primaryimage\",\"url\":\"https:\/\/www.part-oldalak.hu\/wordpress\/wp-content\/uploads\/2024\/03\/432956227_387281630807311_3913075469151388962_n.jpg\",\"contentUrl\":\"https:\/\/www.part-oldalak.hu\/wordpress\/wp-content\/uploads\/2024\/03\/432956227_387281630807311_3913075469151388962_n.jpg\",\"width\":2048,\"height\":1536},{\"@type\":\"BreadcrumbList\",\"@id\":\"https:\/\/www.part-oldalak.hu\/wordpress\/2024\/03\/23\/az-idei-elso-baba-mar-megkapta-a-babakoszonto-tamogatast\/#breadcrumb\",\"itemListElement\":[{\"@type\":\"ListItem\",\"position\":1,\"name\":\"Kezd\u0151lap\",\"item\":\"https:\/\/www.part-oldalak.hu\/wordpress\/\"},{\"@type\":\"ListItem\",\"position\":2,\"name\":\"Az idei els\u0151 baba m\u00e1r megkapta a babak\u00f6sz\u00f6nt\u0151 t\u00e1mogat\u00e1st\"}]},{\"@type\":\"WebSite\",\"@id\":\"https:\/\/www.part-oldalak.hu\/wordpress\/#website\",\"url\":\"https:\/\/www.part-oldalak.hu\/wordpress\/\",\"name\":\"Part-Oldalak Kultur\u00e1lis Egylet\",\"description\":\"\",\"potentialAction\":[{\"@type\":\"SearchAction\",\"target\":{\"@type\":\"EntryPoint\",\"urlTemplate\":\"https:\/\/www.part-oldalak.hu\/wordpress\/?s={search_term_string}\"},\"query-input\":{\"@type\":\"PropertyValueSpecification\",\"valueRequired\":true,\"valueName\":\"search_term_string\"}}],\"inLanguage\":\"hu\"},{\"@type\":\"Person\",\"@id\":\"https:\/\/www.part-oldalak.hu\/wordpress\/#\/schema\/person\/c884fbd77fcee1cb2ee4cdb02d55315f\",\"name\":\"Kelemen Dorottya\",\"image\":{\"@type\":\"ImageObject\",\"inLanguage\":\"hu\",\"@id\":\"https:\/\/www.part-oldalak.hu\/wordpress\/#\/schema\/person\/image\/\",\"url\":\"https:\/\/secure.gravatar.com\/avatar\/9da28a4fe1cf6c75e5132163678f9461?s=96&d=mm&r=g\",\"contentUrl\":\"https:\/\/secure.gravatar.com\/avatar\/9da28a4fe1cf6c75e5132163678f9461?s=96&d=mm&r=g\",\"caption\":\"Kelemen Dorottya\"},\"url\":\"https:\/\/www.part-oldalak.hu\/wordpress\/author\/kelemen-dorottya\/\"}]}<\/script>\n<!-- \/ Yoast SEO plugin. -->","yoast_head_json":{"title":"Az idei els\u0151 baba m\u00e1r megkapta a babak\u00f6sz\u00f6nt\u0151 t\u00e1mogat\u00e1st - Part-Oldalak Kultur\u00e1lis Egylet","robots":{"index":"index","follow":"follow","max-snippet":"max-snippet:-1","max-image-preview":"max-image-preview:large","max-video-preview":"max-video-preview:-1"},"canonical":"https:\/\/www.part-oldalak.hu\/wordpress\/2024\/03\/23\/az-idei-elso-baba-mar-megkapta-a-babakoszonto-tamogatast\/","og_locale":"hu_HU","og_type":"article","og_title":"Az idei els\u0151 baba m\u00e1r megkapta a babak\u00f6sz\u00f6nt\u0151 t\u00e1mogat\u00e1st - Part-Oldalak Kultur\u00e1lis Egylet","og_description":"A v\u00e1ros n\u00f6veked\u00e9se egy \u00f6r\u00f6k, izgalmas k\u00e9rd\u00e9s, \u00e9s valahol ott kezd\u0151dik, amikor \u00fajsz\u00fcl\u00f6ttel gyarapodik egy csal\u00e1d. Dunaf\u00f6ldv\u00e1r V\u00e1ros \u00d6nkorm\u00e1nyzata 2024-t\u0151l kezdve egy szer\u00e9ny, de nem jelent\u00e9ktelen hozz\u00e1j\u00e1rul\u00e1ssal t\u00e1mogatja a helyi csal\u00e1dokat, ami nagy seg\u00edts\u00e9g lehet egy gyermek sz\u00fclet\u00e9sekor.","og_url":"https:\/\/www.part-oldalak.hu\/wordpress\/2024\/03\/23\/az-idei-elso-baba-mar-megkapta-a-babakoszonto-tamogatast\/","og_site_name":"Part-Oldalak Kultur\u00e1lis Egylet","article_published_time":"2024-03-23T19:13:32+00:00","article_modified_time":"2024-03-23T19:13:33+00:00","og_image":[{"width":2048,"height":1536,"url":"https:\/\/www.part-oldalak.hu\/wordpress\/wp-content\/uploads\/2024\/03\/432956227_387281630807311_3913075469151388962_n.jpg","type":"image\/jpeg"}],"author":"Kelemen Dorottya","twitter_card":"summary_large_image","twitter_misc":{"Szerz\u0151:":"Kelemen Dorottya","Becs\u00fclt olvas\u00e1si id\u0151":"3 perc"},"schema":{"@context":"https:\/\/schema.org","@graph":[{"@type":"WebPage","@id":"https:\/\/www.part-oldalak.hu\/wordpress\/2024\/03\/23\/az-idei-elso-baba-mar-megkapta-a-babakoszonto-tamogatast\/","url":"https:\/\/www.part-oldalak.hu\/wordpress\/2024\/03\/23\/az-idei-elso-baba-mar-megkapta-a-babakoszonto-tamogatast\/","name":"Az idei els\u0151 baba m\u00e1r megkapta a babak\u00f6sz\u00f6nt\u0151 t\u00e1mogat\u00e1st - Part-Oldalak Kultur\u00e1lis Egylet","isPartOf":{"@id":"https:\/\/www.part-oldalak.hu\/wordpress\/#website"},"primaryImageOfPage":{"@id":"https:\/\/www.part-oldalak.hu\/wordpress\/2024\/03\/23\/az-idei-elso-baba-mar-megkapta-a-babakoszonto-tamogatast\/#primaryimage"},"image":{"@id":"https:\/\/www.part-oldalak.hu\/wordpress\/2024\/03\/23\/az-idei-elso-baba-mar-megkapta-a-babakoszonto-tamogatast\/#primaryimage"},"thumbnailUrl":"https:\/\/www.part-oldalak.hu\/wordpress\/wp-content\/uploads\/2024\/03\/432956227_387281630807311_3913075469151388962_n.jpg","datePublished":"2024-03-23T19:13:32+00:00","dateModified":"2024-03-23T19:13:33+00:00","author":{"@id":"https:\/\/www.part-oldalak.hu\/wordpress\/#\/schema\/person\/c884fbd77fcee1cb2ee4cdb02d55315f"},"breadcrumb":{"@id":"https:\/\/www.part-oldalak.hu\/wordpress\/2024\/03\/23\/az-idei-elso-baba-mar-megkapta-a-babakoszonto-tamogatast\/#breadcrumb"},"inLanguage":"hu","potentialAction":[{"@type":"ReadAction","target":["https:\/\/www.part-oldalak.hu\/wordpress\/2024\/03\/23\/az-idei-elso-baba-mar-megkapta-a-babakoszonto-tamogatast\/"]}]},{"@type":"ImageObject","inLanguage":"hu","@id":"https:\/\/www.part-oldalak.hu\/wordpress\/2024\/03\/23\/az-idei-elso-baba-mar-megkapta-a-babakoszonto-tamogatast\/#primaryimage","url":"https:\/\/www.part-oldalak.hu\/wordpress\/wp-content\/uploads\/2024\/03\/432956227_387281630807311_3913075469151388962_n.jpg","contentUrl":"https:\/\/www.part-oldalak.hu\/wordpress\/wp-content\/uploads\/2024\/03\/432956227_387281630807311_3913075469151388962_n.jpg","width":2048,"height":1536},{"@type":"BreadcrumbList","@id":"https:\/\/www.part-oldalak.hu\/wordpress\/2024\/03\/23\/az-idei-elso-baba-mar-megkapta-a-babakoszonto-tamogatast\/#breadcrumb","itemListElement":[{"@type":"ListItem","position":1,"name":"Kezd\u0151lap","item":"https:\/\/www.part-oldalak.hu\/wordpress\/"},{"@type":"ListItem","position":2,"name":"Az idei els\u0151 baba m\u00e1r megkapta a babak\u00f6sz\u00f6nt\u0151 t\u00e1mogat\u00e1st"}]},{"@type":"WebSite","@id":"https:\/\/www.part-oldalak.hu\/wordpress\/#website","url":"https:\/\/www.part-oldalak.hu\/wordpress\/","name":"Part-Oldalak Kultur\u00e1lis Egylet","description":"","potentialAction":[{"@type":"SearchAction","target":{"@type":"EntryPoint","urlTemplate":"https:\/\/www.part-oldalak.hu\/wordpress\/?s={search_term_string}"},"query-input":{"@type":"PropertyValueSpecification","valueRequired":true,"valueName":"search_term_string"}}],"inLanguage":"hu"},{"@type":"Person","@id":"https:\/\/www.part-oldalak.hu\/wordpress\/#\/schema\/person\/c884fbd77fcee1cb2ee4cdb02d55315f","name":"Kelemen Dorottya","image":{"@type":"ImageObject","inLanguage":"hu","@id":"https:\/\/www.part-oldalak.hu\/wordpress\/#\/schema\/person\/image\/","url":"https:\/\/secure.gravatar.com\/avatar\/9da28a4fe1cf6c75e5132163678f9461?s=96&d=mm&r=g","contentUrl":"https:\/\/secure.gravatar.com\/avatar\/9da28a4fe1cf6c75e5132163678f9461?s=96&d=mm&r=g","caption":"Kelemen Dorottya"},"url":"https:\/\/www.part-oldalak.hu\/wordpress\/author\/kelemen-dorottya\/"}]}},"_links":{"self":[{"href":"https:\/\/www.part-oldalak.hu\/wordpress\/wp-json\/wp\/v2\/posts\/9709"}],"collection":[{"href":"https:\/\/www.part-oldalak.hu\/wordpress\/wp-json\/wp\/v2\/posts"}],"about":[{"href":"https:\/\/www.part-oldalak.hu\/wordpress\/wp-json\/wp\/v2\/types\/post"}],"author":[{"embeddable":true,"href":"https:\/\/www.part-oldalak.hu\/wordpress\/wp-json\/wp\/v2\/users\/2"}],"replies":[{"embeddable":true,"href":"https:\/\/www.part-oldalak.hu\/wordpress\/wp-json\/wp\/v2\/comments?post=9709"}],"version-history":[{"count":7,"href":"https:\/\/www.part-oldalak.hu\/wordpress\/wp-json\/wp\/v2\/posts\/9709\/revisions"}],"predecessor-version":[{"id":9738,"href":"https:\/\/www.part-oldalak.hu\/wordpress\/wp-json\/wp\/v2\/posts\/9709\/revisions\/9738"}],"wp:featuredmedia":[{"embeddable":true,"href":"https:\/\/www.part-oldalak.hu\/wordpress\/wp-json\/wp\/v2\/media\/9717"}],"wp:attachment":[{"href":"https:\/\/www.part-oldalak.hu\/wordpress\/wp-json\/wp\/v2\/media?parent=9709"}],"wp:term":[{"taxonomy":"category","embeddable":true,"href":"https:\/\/www.part-oldalak.hu\/wordpress\/wp-json\/wp\/v2\/categories?post=9709"},{"taxonomy":"post_tag","embeddable":true,"href":"https:\/\/www.part-oldalak.hu\/wordpress\/wp-json\/wp\/v2\/tags?post=9709"}],"curies":[{"name":"wp","href":"https:\/\/api.w.org\/{rel}","templated":true}]}}