{"id":9233,"date":"2024-02-05T17:53:28","date_gmt":"2024-02-05T16:53:28","guid":{"rendered":"https:\/\/www.part-oldalak.hu\/wordpress\/?p=9233"},"modified":"2024-02-05T17:53:29","modified_gmt":"2024-02-05T16:53:29","slug":"mecseknadasdrol-erkezett-a-teli-borestek-vendege","status":"publish","type":"post","link":"https:\/\/www.part-oldalak.hu\/wordpress\/2024\/02\/05\/mecseknadasdrol-erkezett-a-teli-borestek-vendege\/","title":{"rendered":"Mecsekn\u00e1dasdr\u00f3l \u00e9rkezett a T\u00e9li borest\u00e9k vend\u00e9ge"},"content":{"rendered":"\n<p>Het\u00e9nyi J\u00e1nos tapasztalataival \u00e9s boraival lehettek gazdagabbak a r\u00e9sztvev\u0151k.<\/p>\n\n\n\n<h2 class=\"wp-block-heading\">A negyedik alkalomhoz \u00e9rt\u00fcnk <\/h2>\n\n\n\n<p>A T\u00e9li borest\u00e9k janu\u00e1rban vette kezdet\u00e9t, az elm\u00falt n\u00e9gy alkalommal sz\u00f3 volt a direktterm\u0151kr\u0151l, a 2023-as \u00e9vj\u00e1ratr\u00f3l, a k\u00fcl\u00f6nf\u00e9le bor \u00e9s \u00e9tel p\u00e1ros\u00edt\u00e1sokon \u00e1t eg\u00e9szen a cs\u00fct\u00f6rt\u00f6k esti alkalomig, amikor a bor\u00e1szat j\u00f6v\u0151je volt a t\u00e9ma \u00e9s annak k\u00fcl\u00f6nf\u00e9le neh\u00e9zs\u00e9gei. <strong>A programot az 5 dunaf\u00f6ldv\u00e1ri boros egyes\u00fclet szervezte, a Burgundia Pincesor Egyes\u00fclet, a S\u00e1rga Pinc\u00e9sg\u00f6d\u00f6r Egyes\u00fclet, az \u00d6reghegyi Pinc\u00e9k Egyes\u00fclet, a Szent R\u00f3kus Borlovagrend valamint a Kertbar\u00e1tok V\u00e1rosv\u00e9d\u0151 Egyes\u00fclete.<\/strong><\/p>\n\n\n\n<p>Mindegyik egyes\u00fclet v\u00e1llalta egy-egy program szervez\u00e9s\u00e9t, az el\u0151ad\u00e1s id\u00e9z\u0151jeles vend\u00e9gl\u00e1t\u00e1s\u00e1t, hiszen egy\u00e9bk\u00e9nt a Szent R\u00f3kus Borlovagrend sz\u00e9kh\u00e1z\u00e1ban kaptak helyet ezek az alkalmak, amiket b\u00e1rki ingyenesen l\u00e1togathatott.<\/p>\n\n\n\n<p>A n\u00e9gy belt\u00e9ri programot k\u00f6vet\u0151en az \u00e9rdekl\u0151d\u0151k <strong>febru\u00e1r 9-\u00e9n Solt fel\u00e9 veszik az ir\u00e1nyt, ahol a B\u00e1sl\u00e1n\u00e1 Pinc\u00e9szetet l\u00e1togatj\u00e1k meg<\/strong>. Itt a k\u00f3stol\u00e1s is fontos szerepet kap, azonban a r\u00e9szv\u00e9tel jelentkez\u00e9shez \u00e9s d\u00edjhoz k\u00f6t\u00f6tt, \u00edgy, akit \u00e9rdekel a lehet\u0151s\u00e9g, Kiss Lajos Csab\u00e1n\u00e1l tud regisztr\u00e1lni.<\/p>\n\n\n\n<h2 class=\"wp-block-heading\">Tapasztalatok Mecsekn\u00e1dasb\u00f3l<\/h2>\n\n\n\n<p><strong>Het\u00e9nyi J\u00e1nos a Het\u00e9nyi Pinc\u00e9szet<\/strong> tulajdonosa, alap\u00edt\u00f3ja, f\u0151bor\u00e1sza \u00e9rkezett Dunaf\u00f6ldv\u00e1rra, aki els\u0151sorban <strong>sz\u0151l\u0151m\u0171vel\u00e9sr\u0151l, bork\u00e9sz\u00edt\u00e9sr\u0151l<\/strong> besz\u00e9lt a megjelenteknek term\u00e9szetesen egy kis borkostol\u00f3val kieg\u00e9sz\u00edtve. <\/p>\n\n\n\n<blockquote class=\"wp-block-quote is-layout-flow wp-block-quote-is-layout-flow\">\n<p>A vend\u00e9gel\u0151ad\u00f3 speci\u00e1lis helyzetben van, hiszen interregion\u00e1lis v\u00e1llalkoz\u00e1s: a <strong>sz\u0151l\u0151ter\u00fcleteik Szeksz\u00e1rdon vannak<\/strong>, \u00edgy ahhoz a borvid\u00e9khez tartoznak, a pinc\u00e9j\u00fck viszont <strong>Mecsekn\u00e1dasdon <\/strong>tal\u00e1lhat\u00f3, \u00edgy a p\u00e9csi hegyk\u00f6zs\u00e9g az illet\u00e9kes az eset\u00fckben. <\/p>\n<\/blockquote>\n\n\n\n<p>Els\u0151sorban <strong>k\u00e9ksz\u0151l\u0151vel <\/strong>foglalkoznak, de feh\u00e9r v\u00e1ltozataik is vannak \u2013 \u00f6sszesen <strong>13 fajta sz\u0151l\u0151vel <\/strong>dolgoznak. 1991-ben kezdtek el bor\u00e1szkodni, nem sokkal a rendszerv\u00e1ltoz\u00e1s ut\u00e1n v\u00e1gtak bele ebbe a munk\u00e1ba. Az el\u0151ad\u00f3 elmond\u00e1sa szerint akkor \u201ej\u00f3 \u00f6tletnek t\u0171nt, ma m\u00e1r egy kicsit hektikusabb a helyzet\u201d.<\/p>\n\n\n\n<blockquote class=\"wp-block-quote is-layout-flow wp-block-quote-is-layout-flow\">\n<p>Az est sor\u00e1n t\u00f6bbek k\u00f6z\u00f6tt arra is kit\u00e9rtek, hogy a v\u00e1ltoz\u00e9kony id\u0151j\u00e1r\u00e1s, a kl\u00edmav\u00e1ltoz\u00e1s miatt ma m\u00e1r nem \u00fagy kell csin\u00e1lni mindent, mint 10-15 \u00e9vvel ezel\u0151tt, de a <strong>vegyszerkezel\u00e9s <\/strong>is fontos eleme volt a programnak, ahogyan azoknak a technol\u00f3gi\u00e1knak az alkalmaz\u00e1sa is, amik a j\u00f3 min\u0151s\u00e9g\u0171 sz\u0151l\u0151 termeszt\u00e9shez sz\u00fcks\u00e9gesek.<\/p>\n<\/blockquote>\n\n\n\n<figure class=\"wp-block-image aligncenter size-large\"><img decoding=\"async\" width=\"1024\" height=\"768\" data-src=\"https:\/\/www.part-oldalak.hu\/wordpress\/wp-content\/uploads\/2024\/02\/425350283_798100059023154_2082121078277931818_n-1024x768.jpg\" alt=\"\" class=\"wp-image-9235 lazyload\" data-srcset=\"https:\/\/www.part-oldalak.hu\/wordpress\/wp-content\/uploads\/2024\/02\/425350283_798100059023154_2082121078277931818_n-1024x768.jpg 1024w, https:\/\/www.part-oldalak.hu\/wordpress\/wp-content\/uploads\/2024\/02\/425350283_798100059023154_2082121078277931818_n-300x225.jpg 300w, https:\/\/www.part-oldalak.hu\/wordpress\/wp-content\/uploads\/2024\/02\/425350283_798100059023154_2082121078277931818_n-768x576.jpg 768w, https:\/\/www.part-oldalak.hu\/wordpress\/wp-content\/uploads\/2024\/02\/425350283_798100059023154_2082121078277931818_n.jpg 1440w\" data-sizes=\"(max-width: 1024px) 100vw, 1024px\" src=\"data:image\/svg+xml;base64,PHN2ZyB3aWR0aD0iMSIgaGVpZ2h0PSIxIiB4bWxucz0iaHR0cDovL3d3dy53My5vcmcvMjAwMC9zdmciPjwvc3ZnPg==\" style=\"--smush-placeholder-width: 1024px; --smush-placeholder-aspect-ratio: 1024\/768;\" \/><\/figure>\n\n\n\n<p>Az est k\u00f3stol\u00f3 r\u00e9sz\u00e9t \u00fagy tervezte meg a Het\u00e9nyi Pinc\u00e9szet tulajdonosa, hogy olyan fajt\u00e1kat v\u00e1logasson \u00f6ssze, amikkel viszonylag kevesebb lehet\u0151s\u00e9g van tal\u00e1lkozni. \u00cdgy ker\u00fclt ter\u00edt\u00e9kre egy <strong>feh\u00e9r cuv\u00e9e<\/strong>, ami k\u00e9t hungarikumnak a h\u00e1zas\u00edt\u00e1s\u00e1b\u00f3l k\u00e9sz\u00fclt, az egyik a<strong> cserszegi f\u0171szeres<\/strong>, a m\u00e1sik egy <strong>kir\u00e1lyl\u00e1nyka<\/strong>. A m\u00e1sodik t\u00e9tel a <strong>cirkfandli<\/strong>, ami csak a p\u00e9csi borvid\u00e9ken jellemz\u0151, a harmadik egy <strong>siller <\/strong>bor volt, a sv\u00e1bok mindennapos v\u00f6r\u00f6sbora, \u00e9s aminek a trad\u00edci\u00f3j\u00e1t igyekszenek a vissza\u00e1ll\u00edtani. A sort a <strong>Cabernet Sauvignon, Cabernet Franc<\/strong> z\u00e1rta.<\/p>\n","protected":false},"excerpt":{"rendered":"<p>Het\u00e9nyi J\u00e1nos tapasztalataival \u00e9s boraival lehettek gazdagabbak a r\u00e9sztvev\u0151k.<\/p>\n","protected":false},"author":2,"featured_media":9236,"comment_status":"open","ping_status":"open","sticky":false,"template":"","format":"standard","meta":{"_monsterinsights_skip_tracking":false,"_monsterinsights_sitenote_active":false,"_monsterinsights_sitenote_note":"","_monsterinsights_sitenote_category":0,"footnotes":""},"categories":[11,1],"tags":[25,17],"class_list":["post-9233","post","type-post","status-publish","format-standard","has-post-thumbnail","hentry","category-foldvari-bor","category-mozaik","tag-foldvari-bor","tag-mozaik"],"aioseo_notices":[],"yoast_head":"<!-- This site is optimized with the Yoast SEO plugin v25.6 - https:\/\/yoast.com\/wordpress\/plugins\/seo\/ -->\n<title>Mecsekn\u00e1dasdr\u00f3l \u00e9rkezett a T\u00e9li borest\u00e9k vend\u00e9ge - Part-Oldalak Kultur\u00e1lis Egylet<\/title>\n<meta name=\"robots\" content=\"index, follow, max-snippet:-1, max-image-preview:large, max-video-preview:-1\" \/>\n<link rel=\"canonical\" href=\"https:\/\/www.part-oldalak.hu\/wordpress\/2024\/02\/05\/mecseknadasdrol-erkezett-a-teli-borestek-vendege\/\" \/>\n<meta property=\"og:locale\" content=\"hu_HU\" \/>\n<meta property=\"og:type\" content=\"article\" \/>\n<meta property=\"og:title\" content=\"Mecsekn\u00e1dasdr\u00f3l \u00e9rkezett a T\u00e9li borest\u00e9k vend\u00e9ge - Part-Oldalak Kultur\u00e1lis Egylet\" \/>\n<meta property=\"og:description\" content=\"Het\u00e9nyi J\u00e1nos tapasztalataival \u00e9s boraival lehettek gazdagabbak a r\u00e9sztvev\u0151k.\" \/>\n<meta property=\"og:url\" content=\"https:\/\/www.part-oldalak.hu\/wordpress\/2024\/02\/05\/mecseknadasdrol-erkezett-a-teli-borestek-vendege\/\" \/>\n<meta property=\"og:site_name\" content=\"Part-Oldalak Kultur\u00e1lis Egylet\" \/>\n<meta property=\"article:published_time\" content=\"2024-02-05T16:53:28+00:00\" \/>\n<meta property=\"article:modified_time\" content=\"2024-02-05T16:53:29+00:00\" \/>\n<meta property=\"og:image\" content=\"https:\/\/www.part-oldalak.hu\/wordpress\/wp-content\/uploads\/2024\/02\/425358011_798100069023153_1418337398083245775_n.jpg\" \/>\n\t<meta property=\"og:image:width\" content=\"1440\" \/>\n\t<meta property=\"og:image:height\" content=\"1080\" \/>\n\t<meta property=\"og:image:type\" content=\"image\/jpeg\" \/>\n<meta name=\"author\" content=\"Kelemen Dorottya\" \/>\n<meta name=\"twitter:card\" content=\"summary_large_image\" \/>\n<meta name=\"twitter:label1\" content=\"Szerz\u0151:\" \/>\n\t<meta name=\"twitter:data1\" content=\"Kelemen Dorottya\" \/>\n\t<meta name=\"twitter:label2\" content=\"Becs\u00fclt olvas\u00e1si id\u0151\" \/>\n\t<meta name=\"twitter:data2\" content=\"3 perc\" \/>\n<script type=\"application\/ld+json\" class=\"yoast-schema-graph\">{\"@context\":\"https:\/\/schema.org\",\"@graph\":[{\"@type\":\"WebPage\",\"@id\":\"https:\/\/www.part-oldalak.hu\/wordpress\/2024\/02\/05\/mecseknadasdrol-erkezett-a-teli-borestek-vendege\/\",\"url\":\"https:\/\/www.part-oldalak.hu\/wordpress\/2024\/02\/05\/mecseknadasdrol-erkezett-a-teli-borestek-vendege\/\",\"name\":\"Mecsekn\u00e1dasdr\u00f3l \u00e9rkezett a T\u00e9li borest\u00e9k vend\u00e9ge - Part-Oldalak Kultur\u00e1lis Egylet\",\"isPartOf\":{\"@id\":\"https:\/\/www.part-oldalak.hu\/wordpress\/#website\"},\"primaryImageOfPage\":{\"@id\":\"https:\/\/www.part-oldalak.hu\/wordpress\/2024\/02\/05\/mecseknadasdrol-erkezett-a-teli-borestek-vendege\/#primaryimage\"},\"image\":{\"@id\":\"https:\/\/www.part-oldalak.hu\/wordpress\/2024\/02\/05\/mecseknadasdrol-erkezett-a-teli-borestek-vendege\/#primaryimage\"},\"thumbnailUrl\":\"https:\/\/www.part-oldalak.hu\/wordpress\/wp-content\/uploads\/2024\/02\/425358011_798100069023153_1418337398083245775_n.jpg\",\"datePublished\":\"2024-02-05T16:53:28+00:00\",\"dateModified\":\"2024-02-05T16:53:29+00:00\",\"author\":{\"@id\":\"https:\/\/www.part-oldalak.hu\/wordpress\/#\/schema\/person\/c884fbd77fcee1cb2ee4cdb02d55315f\"},\"breadcrumb\":{\"@id\":\"https:\/\/www.part-oldalak.hu\/wordpress\/2024\/02\/05\/mecseknadasdrol-erkezett-a-teli-borestek-vendege\/#breadcrumb\"},\"inLanguage\":\"hu\",\"potentialAction\":[{\"@type\":\"ReadAction\",\"target\":[\"https:\/\/www.part-oldalak.hu\/wordpress\/2024\/02\/05\/mecseknadasdrol-erkezett-a-teli-borestek-vendege\/\"]}]},{\"@type\":\"ImageObject\",\"inLanguage\":\"hu\",\"@id\":\"https:\/\/www.part-oldalak.hu\/wordpress\/2024\/02\/05\/mecseknadasdrol-erkezett-a-teli-borestek-vendege\/#primaryimage\",\"url\":\"https:\/\/www.part-oldalak.hu\/wordpress\/wp-content\/uploads\/2024\/02\/425358011_798100069023153_1418337398083245775_n.jpg\",\"contentUrl\":\"https:\/\/www.part-oldalak.hu\/wordpress\/wp-content\/uploads\/2024\/02\/425358011_798100069023153_1418337398083245775_n.jpg\",\"width\":1440,\"height\":1080},{\"@type\":\"BreadcrumbList\",\"@id\":\"https:\/\/www.part-oldalak.hu\/wordpress\/2024\/02\/05\/mecseknadasdrol-erkezett-a-teli-borestek-vendege\/#breadcrumb\",\"itemListElement\":[{\"@type\":\"ListItem\",\"position\":1,\"name\":\"Kezd\u0151lap\",\"item\":\"https:\/\/www.part-oldalak.hu\/wordpress\/\"},{\"@type\":\"ListItem\",\"position\":2,\"name\":\"Mecsekn\u00e1dasdr\u00f3l \u00e9rkezett a T\u00e9li borest\u00e9k vend\u00e9ge\"}]},{\"@type\":\"WebSite\",\"@id\":\"https:\/\/www.part-oldalak.hu\/wordpress\/#website\",\"url\":\"https:\/\/www.part-oldalak.hu\/wordpress\/\",\"name\":\"Part-Oldalak Kultur\u00e1lis Egylet\",\"description\":\"\",\"potentialAction\":[{\"@type\":\"SearchAction\",\"target\":{\"@type\":\"EntryPoint\",\"urlTemplate\":\"https:\/\/www.part-oldalak.hu\/wordpress\/?s={search_term_string}\"},\"query-input\":{\"@type\":\"PropertyValueSpecification\",\"valueRequired\":true,\"valueName\":\"search_term_string\"}}],\"inLanguage\":\"hu\"},{\"@type\":\"Person\",\"@id\":\"https:\/\/www.part-oldalak.hu\/wordpress\/#\/schema\/person\/c884fbd77fcee1cb2ee4cdb02d55315f\",\"name\":\"Kelemen Dorottya\",\"image\":{\"@type\":\"ImageObject\",\"inLanguage\":\"hu\",\"@id\":\"https:\/\/www.part-oldalak.hu\/wordpress\/#\/schema\/person\/image\/\",\"url\":\"https:\/\/secure.gravatar.com\/avatar\/9da28a4fe1cf6c75e5132163678f9461?s=96&d=mm&r=g\",\"contentUrl\":\"https:\/\/secure.gravatar.com\/avatar\/9da28a4fe1cf6c75e5132163678f9461?s=96&d=mm&r=g\",\"caption\":\"Kelemen Dorottya\"},\"url\":\"https:\/\/www.part-oldalak.hu\/wordpress\/author\/kelemen-dorottya\/\"}]}<\/script>\n<!-- \/ Yoast SEO plugin. -->","yoast_head_json":{"title":"Mecsekn\u00e1dasdr\u00f3l \u00e9rkezett a T\u00e9li borest\u00e9k vend\u00e9ge - Part-Oldalak Kultur\u00e1lis Egylet","robots":{"index":"index","follow":"follow","max-snippet":"max-snippet:-1","max-image-preview":"max-image-preview:large","max-video-preview":"max-video-preview:-1"},"canonical":"https:\/\/www.part-oldalak.hu\/wordpress\/2024\/02\/05\/mecseknadasdrol-erkezett-a-teli-borestek-vendege\/","og_locale":"hu_HU","og_type":"article","og_title":"Mecsekn\u00e1dasdr\u00f3l \u00e9rkezett a T\u00e9li borest\u00e9k vend\u00e9ge - Part-Oldalak Kultur\u00e1lis Egylet","og_description":"Het\u00e9nyi J\u00e1nos tapasztalataival \u00e9s boraival lehettek gazdagabbak a r\u00e9sztvev\u0151k.","og_url":"https:\/\/www.part-oldalak.hu\/wordpress\/2024\/02\/05\/mecseknadasdrol-erkezett-a-teli-borestek-vendege\/","og_site_name":"Part-Oldalak Kultur\u00e1lis Egylet","article_published_time":"2024-02-05T16:53:28+00:00","article_modified_time":"2024-02-05T16:53:29+00:00","og_image":[{"width":1440,"height":1080,"url":"https:\/\/www.part-oldalak.hu\/wordpress\/wp-content\/uploads\/2024\/02\/425358011_798100069023153_1418337398083245775_n.jpg","type":"image\/jpeg"}],"author":"Kelemen Dorottya","twitter_card":"summary_large_image","twitter_misc":{"Szerz\u0151:":"Kelemen Dorottya","Becs\u00fclt olvas\u00e1si id\u0151":"3 perc"},"schema":{"@context":"https:\/\/schema.org","@graph":[{"@type":"WebPage","@id":"https:\/\/www.part-oldalak.hu\/wordpress\/2024\/02\/05\/mecseknadasdrol-erkezett-a-teli-borestek-vendege\/","url":"https:\/\/www.part-oldalak.hu\/wordpress\/2024\/02\/05\/mecseknadasdrol-erkezett-a-teli-borestek-vendege\/","name":"Mecsekn\u00e1dasdr\u00f3l \u00e9rkezett a T\u00e9li borest\u00e9k vend\u00e9ge - Part-Oldalak Kultur\u00e1lis Egylet","isPartOf":{"@id":"https:\/\/www.part-oldalak.hu\/wordpress\/#website"},"primaryImageOfPage":{"@id":"https:\/\/www.part-oldalak.hu\/wordpress\/2024\/02\/05\/mecseknadasdrol-erkezett-a-teli-borestek-vendege\/#primaryimage"},"image":{"@id":"https:\/\/www.part-oldalak.hu\/wordpress\/2024\/02\/05\/mecseknadasdrol-erkezett-a-teli-borestek-vendege\/#primaryimage"},"thumbnailUrl":"https:\/\/www.part-oldalak.hu\/wordpress\/wp-content\/uploads\/2024\/02\/425358011_798100069023153_1418337398083245775_n.jpg","datePublished":"2024-02-05T16:53:28+00:00","dateModified":"2024-02-05T16:53:29+00:00","author":{"@id":"https:\/\/www.part-oldalak.hu\/wordpress\/#\/schema\/person\/c884fbd77fcee1cb2ee4cdb02d55315f"},"breadcrumb":{"@id":"https:\/\/www.part-oldalak.hu\/wordpress\/2024\/02\/05\/mecseknadasdrol-erkezett-a-teli-borestek-vendege\/#breadcrumb"},"inLanguage":"hu","potentialAction":[{"@type":"ReadAction","target":["https:\/\/www.part-oldalak.hu\/wordpress\/2024\/02\/05\/mecseknadasdrol-erkezett-a-teli-borestek-vendege\/"]}]},{"@type":"ImageObject","inLanguage":"hu","@id":"https:\/\/www.part-oldalak.hu\/wordpress\/2024\/02\/05\/mecseknadasdrol-erkezett-a-teli-borestek-vendege\/#primaryimage","url":"https:\/\/www.part-oldalak.hu\/wordpress\/wp-content\/uploads\/2024\/02\/425358011_798100069023153_1418337398083245775_n.jpg","contentUrl":"https:\/\/www.part-oldalak.hu\/wordpress\/wp-content\/uploads\/2024\/02\/425358011_798100069023153_1418337398083245775_n.jpg","width":1440,"height":1080},{"@type":"BreadcrumbList","@id":"https:\/\/www.part-oldalak.hu\/wordpress\/2024\/02\/05\/mecseknadasdrol-erkezett-a-teli-borestek-vendege\/#breadcrumb","itemListElement":[{"@type":"ListItem","position":1,"name":"Kezd\u0151lap","item":"https:\/\/www.part-oldalak.hu\/wordpress\/"},{"@type":"ListItem","position":2,"name":"Mecsekn\u00e1dasdr\u00f3l \u00e9rkezett a T\u00e9li borest\u00e9k vend\u00e9ge"}]},{"@type":"WebSite","@id":"https:\/\/www.part-oldalak.hu\/wordpress\/#website","url":"https:\/\/www.part-oldalak.hu\/wordpress\/","name":"Part-Oldalak Kultur\u00e1lis Egylet","description":"","potentialAction":[{"@type":"SearchAction","target":{"@type":"EntryPoint","urlTemplate":"https:\/\/www.part-oldalak.hu\/wordpress\/?s={search_term_string}"},"query-input":{"@type":"PropertyValueSpecification","valueRequired":true,"valueName":"search_term_string"}}],"inLanguage":"hu"},{"@type":"Person","@id":"https:\/\/www.part-oldalak.hu\/wordpress\/#\/schema\/person\/c884fbd77fcee1cb2ee4cdb02d55315f","name":"Kelemen Dorottya","image":{"@type":"ImageObject","inLanguage":"hu","@id":"https:\/\/www.part-oldalak.hu\/wordpress\/#\/schema\/person\/image\/","url":"https:\/\/secure.gravatar.com\/avatar\/9da28a4fe1cf6c75e5132163678f9461?s=96&d=mm&r=g","contentUrl":"https:\/\/secure.gravatar.com\/avatar\/9da28a4fe1cf6c75e5132163678f9461?s=96&d=mm&r=g","caption":"Kelemen Dorottya"},"url":"https:\/\/www.part-oldalak.hu\/wordpress\/author\/kelemen-dorottya\/"}]}},"_links":{"self":[{"href":"https:\/\/www.part-oldalak.hu\/wordpress\/wp-json\/wp\/v2\/posts\/9233"}],"collection":[{"href":"https:\/\/www.part-oldalak.hu\/wordpress\/wp-json\/wp\/v2\/posts"}],"about":[{"href":"https:\/\/www.part-oldalak.hu\/wordpress\/wp-json\/wp\/v2\/types\/post"}],"author":[{"embeddable":true,"href":"https:\/\/www.part-oldalak.hu\/wordpress\/wp-json\/wp\/v2\/users\/2"}],"replies":[{"embeddable":true,"href":"https:\/\/www.part-oldalak.hu\/wordpress\/wp-json\/wp\/v2\/comments?post=9233"}],"version-history":[{"count":3,"href":"https:\/\/www.part-oldalak.hu\/wordpress\/wp-json\/wp\/v2\/posts\/9233\/revisions"}],"predecessor-version":[{"id":9260,"href":"https:\/\/www.part-oldalak.hu\/wordpress\/wp-json\/wp\/v2\/posts\/9233\/revisions\/9260"}],"wp:featuredmedia":[{"embeddable":true,"href":"https:\/\/www.part-oldalak.hu\/wordpress\/wp-json\/wp\/v2\/media\/9236"}],"wp:attachment":[{"href":"https:\/\/www.part-oldalak.hu\/wordpress\/wp-json\/wp\/v2\/media?parent=9233"}],"wp:term":[{"taxonomy":"category","embeddable":true,"href":"https:\/\/www.part-oldalak.hu\/wordpress\/wp-json\/wp\/v2\/categories?post=9233"},{"taxonomy":"post_tag","embeddable":true,"href":"https:\/\/www.part-oldalak.hu\/wordpress\/wp-json\/wp\/v2\/tags?post=9233"}],"curies":[{"name":"wp","href":"https:\/\/api.w.org\/{rel}","templated":true}]}}