{"id":782,"date":"2022-02-20T19:00:00","date_gmt":"2022-02-20T18:00:00","guid":{"rendered":"http:\/\/www.part-oldalak.hu\/wordpress\/?p=782"},"modified":"2022-02-20T01:39:49","modified_gmt":"2022-02-20T00:39:49","slug":"muller-peter-anyam-titkos-konyve","status":"publish","type":"post","link":"https:\/\/www.part-oldalak.hu\/wordpress\/2022\/02\/20\/muller-peter-anyam-titkos-konyve\/","title":{"rendered":"M\u00fcller P\u00e9ter: Any\u00e1m titkos k\u00f6nyve"},"content":{"rendered":"\n<p style=\"font-size:26px\"><em><strong>Ki is M\u00fcller P\u00e9ter?<\/strong><\/em><\/p>\n\n\n\n<p><strong>M\u00fcller P\u00e9ter<\/strong>&nbsp;<a href=\"https:\/\/hu.wikipedia.org\/wiki\/Kossuth-d%C3%ADj\">Kossuth<\/a>&#8211; \u00e9s&nbsp;<a href=\"https:\/\/hu.wikipedia.org\/wiki\/J%C3%B3zsef_Attila-d%C3%ADj\">J\u00f3zsef Attila-d\u00edjas<\/a>&nbsp;magyar&nbsp;<a href=\"https:\/\/hu.wikipedia.org\/wiki\/%C3%8Dr%C3%B3\">\u00edr\u00f3<\/a>,&nbsp;<a href=\"https:\/\/hu.wikipedia.org\/wiki\/Dramaturg\">dramaturg<\/a>, forgat\u00f3k\u00f6nyv\u00edr\u00f3, el\u0151ad\u00f3. Nagyon ismert sz\u00e1mos k\u00f6nyv\u00e9r\u0151l, kisebb sz\u00e1mban reg\u00e9nyeir\u0151l, nagyobb r\u00e9szt <strong>ezoterikus k\u00f6ny<\/strong>veir\u0151l (Boldogs\u00e1g, J\u00f3sk\u00f6nyv, \u00d6r\u00f6mk\u00f6nyv, Szeretetk\u00f6nyv, csak, hogy n\u00e9h\u00e1ny p\u00e9ld\u00e1t eml\u00edts\u00fcnk). <strong>M\u00fcller P\u00e9ter a spiritu\u00e1lis irodalom tal\u00e1n legismertebb hazai alakja, <\/strong>el\u0151ad\u00e1sokkal, k\u00f6nyvismertet\u0151kkel l\u00e9p fel sz\u00e1mos sz\u00ednpadon, mint el\u0151ad\u00f3, de dr\u00e1ma\u00edr\u00f3k\u00e9nt is elismert.<\/p>\n\n\n\n<h2 class=\"wp-block-heading\" id=\"meghatarozo-elmenye\"><em>Meghat\u00e1roz\u00f3 \u00e9lm\u00e9nye<\/em><\/h2>\n\n\n\n<p><strong>1956-ban<\/strong> sz\u00e9tl\u0151tt\u00e9k a l\u00e1b\u00e1t, <strong>hal\u00e1l k\u00f6zeli \u00e9lm\u00e9nyt \u00e9lt \u00e1t<\/strong>. Ez a tapasztalat meghat\u00e1rozta eg\u00e9sz m\u0171v\u00e9szi l\u00e9t\u00e9t \u00e9s m\u0171v\u00e9szi c\u00e9lkit\u0171z\u00e9seit. Mind sz\u00ednpadi m\u0171vei, mind reg\u00e9nyei \u00e9s essz\u00e9k\u00f6tetei ennek a megrend\u00edt\u0151 tapasztalatnak az \u00e9lm\u00e9ny\u00e9b\u0151l sz\u00fclettek. K\u00f6nyvei minden k\u00e9ts\u00e9get kiz\u00e1r\u00f3an az ut\u00f3bbi \u00e9vek legsikeresebb&nbsp;<a href=\"https:\/\/hu.wikipedia.org\/wiki\/Ezoterika\">ezoterikus<\/a>&nbsp;k\u00f6tetei k\u00f6z\u00e9 tartoznak, ezt jelzi a t\u00f6bb sz\u00e1zezer eladott p\u00e9ld\u00e1ny.<\/p>\n\n\n\n<h2 class=\"wp-block-heading\" id=\"az-anyam-titkos-konyve-szuleteserol\"><em>Az any\u00e1m titkos k\u00f6nyve sz\u00fclet\u00e9s\u00e9r\u0151l<\/em><\/h2>\n\n\n\n<p>\u201eK\u00e9t \u200b\u00e9vvel ezel\u0151tt kinyitottunk a padl\u00e1son egy v\u00e9n koffert, \u00e9s tal\u00e1ltunk benne egy csom\u00f3 magn\u00f3szalagot. <strong>Kider\u00fclt, hogy any\u00e1m magn\u00f3ra mondta \u00e9lete rejtett titkait.<\/strong> H\u00f3napokig \u00fclt a f\u00e9lhom\u00e1lyos szob\u00e1j\u00e1ban, \u00e9s mes\u00e9lte a csod\u00e1kat. Hogyan volt kisl\u00e1nyk\u00e9nt vadul szerelmes egy csal\u00e1dos f\u0151pinc\u00e9rbe, hogyan szeretett bele az ap\u00e1mba, milyen keserves n\u00e1sz\u00e9jszak\u00e1juk volt egy j\u00e9ghideg vonatban, elmes\u00e9lte, hogyan vesztette el a sz\u00fczess\u00e9g\u00e9t \u00e9s esett velem teherbe; mit \u00e9rzett, amikor \u00e9n a m\u00e9h\u00e9ben voltam, \u00e9s bel\u00fclr\u0151l adtam neki \u00e9letjeleket.\u201d<\/p>\n\n\n\n<div class=\"wp-block-image\"><figure class=\"aligncenter size-full\"><img decoding=\"async\" width=\"800\" height=\"538\" data-src=\"https:\/\/www.part-oldalak.hu\/wordpress\/wp-content\/uploads\/2022\/02\/muller_peter_nagyanya_fit_800x10000.jpg\" alt=\"\" class=\"wp-image-781 lazyload\" data-srcset=\"https:\/\/www.part-oldalak.hu\/wordpress\/wp-content\/uploads\/2022\/02\/muller_peter_nagyanya_fit_800x10000.jpg 800w, https:\/\/www.part-oldalak.hu\/wordpress\/wp-content\/uploads\/2022\/02\/muller_peter_nagyanya_fit_800x10000-300x202.jpg 300w, https:\/\/www.part-oldalak.hu\/wordpress\/wp-content\/uploads\/2022\/02\/muller_peter_nagyanya_fit_800x10000-768x516.jpg 768w\" data-sizes=\"(max-width: 800px) 100vw, 800px\" src=\"data:image\/svg+xml;base64,PHN2ZyB3aWR0aD0iMSIgaGVpZ2h0PSIxIiB4bWxucz0iaHR0cDovL3d3dy53My5vcmcvMjAwMC9zdmciPjwvc3ZnPg==\" style=\"--smush-placeholder-width: 800px; --smush-placeholder-aspect-ratio: 800\/538;\" \/><\/figure><\/div>\n\n\n\n<p>\u2026\u201dNem nekem mes\u00e9lte az eml\u00e9keit. Saj\u00e1t mag\u00e1nak. Nem is rem\u00e9lte, hogy \u00e9n ezt a csod\u00e1latos monol\u00f3gj\u00e1t valaha megtal\u00e1lom. \u201eSaj\u00e1t sz\u00ednh\u00e1zamban nemcsak \u00e9letem f\u0151szerep\u00e9t j\u00e1tszom \u2013 de a mes\u00e9m hallgat\u00f3ja is \u00e9n magam vagyok.\u201d\u2026\u201dNagy tan\u00edt\u00e1s rejlik minden mes\u00e9j\u00e9ben<strong>. Az \u0151 titkos k\u00f6nyve tan\u00edt meg, hogyan kell a pokolban is vid\u00e1man \u00e9lni.\u201d<\/strong><\/p>\n\n\n\n<h2 class=\"wp-block-heading\" id=\"idezetek-a-regenybol\"><em>Id\u00e9zetek a reg\u00e9nyb\u0151l<\/em><\/h2>\n\n\n\n<p>\u201eVannak pillanatok az \u00e9letben, mikor az ember egy\u00fctt f\u00fcst\u00f6l, egy\u00fctt iszogat, s f\u0151leg egy\u00fctt \u00e9rez valakivel. Ezek ritka, csod\u00e1s pillanatok.\u201d<\/p>\n\n\n\n<p>\u201eNem tudott mellette elmenni m\u00e1sk\u00e9pp, hogy valahol egy picit meg ne simogassa. Ez nagyon fontos: \u00e9rint\u00e9s n\u00e9lk\u00fcl nincs f\u00e9rfi \u00e9s n\u0151 k\u00f6z\u00f6tt szeretet.\u201d<\/p>\n\n\n\n<p>\u201eLeveleink bizony\u00edtj\u00e1k, kik voltunk\u2026 m\u00e9gis elment\u00fcnk egym\u00e1s mellett\u2026 most, hogy ennyi \u00e9v ut\u00e1n visszagondolok r\u00e1, megmondom \u0151szint\u00e9n: b\u00e1nom.\u201d<\/p>\n\n\n\n<div class=\"wp-block-image\"><figure class=\"aligncenter size-full\"><img decoding=\"async\" width=\"473\" height=\"734\" data-src=\"https:\/\/www.part-oldalak.hu\/wordpress\/wp-content\/uploads\/2022\/02\/anyam_titkos_konyve.jpg\" alt=\"\" class=\"wp-image-779 lazyload\" data-srcset=\"https:\/\/www.part-oldalak.hu\/wordpress\/wp-content\/uploads\/2022\/02\/anyam_titkos_konyve.jpg 473w, https:\/\/www.part-oldalak.hu\/wordpress\/wp-content\/uploads\/2022\/02\/anyam_titkos_konyve-193x300.jpg 193w\" data-sizes=\"(max-width: 473px) 100vw, 473px\" src=\"data:image\/svg+xml;base64,PHN2ZyB3aWR0aD0iMSIgaGVpZ2h0PSIxIiB4bWxucz0iaHR0cDovL3d3dy53My5vcmcvMjAwMC9zdmciPjwvc3ZnPg==\" style=\"--smush-placeholder-width: 473px; --smush-placeholder-aspect-ratio: 473\/734;\" \/><\/figure><\/div>\n\n\n\n<p>\u201e\u2026 n\u00e9ha seg\u00edteni kell a J\u00f3istennek. Ha m\u00e1r elsz\u00farta a megteremt\u00e9s\u00fcnket, nek\u00fcnk kell a hib\u00e1j\u00e1t, egy kis \u00e9sszel, \u00fcgyess\u00e9ggel kijav\u00edtani. H\u00e1l\u00e1s lesz nek\u00fcnk az Isten, ha egy kicsit seg\u00edt\u00fcnk neki!\u201d<\/p>\n\n\n\n<p>\u201eAki velem van: \u00f6sszegy\u0171jt \u2013 aki ellenem: sz\u00e9tsz\u00f3r.\u201d<\/p>\n\n\n\n<p>\u201eVesz\u00e9lyes dolog boldognak lenni.\u201d<\/p>\n\n\n\n<p>\u201eBajban az emberek gyorsabban \u00f6regednek, mert sietnek \u00e9lni\u2026\u201d<\/p>\n\n\n\n<p><em>Dunaf\u00f6ldv\u00e1r, M\u0171vel\u0151d\u00e9si H\u00e1z, 2022. febru\u00e1r 22. <\/em><\/p>\n\n\n\n<p><\/p>\n","protected":false},"excerpt":{"rendered":"<p>Aj\u00e1nl\u00f3 a n\u00e9pszer\u0171 \u00edr\u00f3 tal\u00e1n legjobb k\u00f6nyv\u00e9nek bemutat\u00f3j\u00e1hoz, amelyet febru\u00e1r 22-\u00e9n, kedden, 18 \u00f3rakor tekinthetnek meg az \u00e9rdekl\u0151d\u0151k a m\u0171vel\u0151d\u00e9si h\u00e1zban. S, hogy az ezot\u00e9ri\u00e1t \u00e9rezz\u00fck: 2022.02.22.<\/p>\n","protected":false},"author":4,"featured_media":778,"comment_status":"open","ping_status":"open","sticky":false,"template":"","format":"standard","meta":{"_monsterinsights_skip_tracking":false,"_monsterinsights_sitenote_active":false,"_monsterinsights_sitenote_note":"","_monsterinsights_sitenote_category":0,"footnotes":""},"categories":[6,1,15],"tags":[4,17,5],"class_list":["post-782","post","type-post","status-publish","format-standard","has-post-thumbnail","hentry","category-kultura","category-mozaik","category-programok","tag-kultura","tag-mozaik","tag-program"],"aioseo_notices":[],"yoast_head":"<!-- This site is optimized with the Yoast SEO plugin v25.6 - https:\/\/yoast.com\/wordpress\/plugins\/seo\/ -->\n<title>M\u00fcller P\u00e9ter: Any\u00e1m titkos k\u00f6nyve - Part-Oldalak Kultur\u00e1lis Egylet<\/title>\n<meta name=\"robots\" content=\"index, follow, max-snippet:-1, max-image-preview:large, max-video-preview:-1\" \/>\n<link rel=\"canonical\" href=\"https:\/\/www.part-oldalak.hu\/wordpress\/2022\/02\/20\/muller-peter-anyam-titkos-konyve\/\" \/>\n<meta property=\"og:locale\" content=\"hu_HU\" \/>\n<meta property=\"og:type\" content=\"article\" \/>\n<meta property=\"og:title\" content=\"M\u00fcller P\u00e9ter: Any\u00e1m titkos k\u00f6nyve - Part-Oldalak Kultur\u00e1lis Egylet\" \/>\n<meta property=\"og:description\" content=\"Aj\u00e1nl\u00f3 a n\u00e9pszer\u0171 \u00edr\u00f3 tal\u00e1n legjobb k\u00f6nyv\u00e9nek bemutat\u00f3j\u00e1hoz, amelyet febru\u00e1r 22-\u00e9n, kedden, 18 \u00f3rakor tekinthetnek meg az \u00e9rdekl\u0151d\u0151k a m\u0171vel\u0151d\u00e9si h\u00e1zban. S, hogy az ezot\u00e9ri\u00e1t \u00e9rezz\u00fck: 2022.02.22.\" \/>\n<meta property=\"og:url\" content=\"https:\/\/www.part-oldalak.hu\/wordpress\/2022\/02\/20\/muller-peter-anyam-titkos-konyve\/\" \/>\n<meta property=\"og:site_name\" content=\"Part-Oldalak Kultur\u00e1lis Egylet\" \/>\n<meta property=\"article:published_time\" content=\"2022-02-20T18:00:00+00:00\" \/>\n<meta property=\"og:image\" content=\"https:\/\/www.part-oldalak.hu\/wordpress\/wp-content\/uploads\/2022\/02\/20211012muller-peter.jpg\" \/>\n\t<meta property=\"og:image:width\" content=\"768\" \/>\n\t<meta property=\"og:image:height\" content=\"513\" \/>\n\t<meta property=\"og:image:type\" content=\"image\/jpeg\" \/>\n<meta name=\"author\" content=\"Baksay Erika\" \/>\n<meta name=\"twitter:card\" content=\"summary_large_image\" \/>\n<meta name=\"twitter:label1\" content=\"Szerz\u0151:\" \/>\n\t<meta name=\"twitter:data1\" content=\"Baksay Erika\" \/>\n\t<meta name=\"twitter:label2\" content=\"Becs\u00fclt olvas\u00e1si id\u0151\" \/>\n\t<meta name=\"twitter:data2\" content=\"3 perc\" \/>\n<script type=\"application\/ld+json\" class=\"yoast-schema-graph\">{\"@context\":\"https:\/\/schema.org\",\"@graph\":[{\"@type\":\"WebPage\",\"@id\":\"https:\/\/www.part-oldalak.hu\/wordpress\/2022\/02\/20\/muller-peter-anyam-titkos-konyve\/\",\"url\":\"https:\/\/www.part-oldalak.hu\/wordpress\/2022\/02\/20\/muller-peter-anyam-titkos-konyve\/\",\"name\":\"M\u00fcller P\u00e9ter: Any\u00e1m titkos k\u00f6nyve - Part-Oldalak Kultur\u00e1lis Egylet\",\"isPartOf\":{\"@id\":\"https:\/\/www.part-oldalak.hu\/wordpress\/#website\"},\"primaryImageOfPage\":{\"@id\":\"https:\/\/www.part-oldalak.hu\/wordpress\/2022\/02\/20\/muller-peter-anyam-titkos-konyve\/#primaryimage\"},\"image\":{\"@id\":\"https:\/\/www.part-oldalak.hu\/wordpress\/2022\/02\/20\/muller-peter-anyam-titkos-konyve\/#primaryimage\"},\"thumbnailUrl\":\"https:\/\/www.part-oldalak.hu\/wordpress\/wp-content\/uploads\/2022\/02\/20211012muller-peter.jpg\",\"datePublished\":\"2022-02-20T18:00:00+00:00\",\"author\":{\"@id\":\"https:\/\/www.part-oldalak.hu\/wordpress\/#\/schema\/person\/3f2664d99a7e735a4164d4f0b609ac76\"},\"breadcrumb\":{\"@id\":\"https:\/\/www.part-oldalak.hu\/wordpress\/2022\/02\/20\/muller-peter-anyam-titkos-konyve\/#breadcrumb\"},\"inLanguage\":\"hu\",\"potentialAction\":[{\"@type\":\"ReadAction\",\"target\":[\"https:\/\/www.part-oldalak.hu\/wordpress\/2022\/02\/20\/muller-peter-anyam-titkos-konyve\/\"]}]},{\"@type\":\"ImageObject\",\"inLanguage\":\"hu\",\"@id\":\"https:\/\/www.part-oldalak.hu\/wordpress\/2022\/02\/20\/muller-peter-anyam-titkos-konyve\/#primaryimage\",\"url\":\"https:\/\/www.part-oldalak.hu\/wordpress\/wp-content\/uploads\/2022\/02\/20211012muller-peter.jpg\",\"contentUrl\":\"https:\/\/www.part-oldalak.hu\/wordpress\/wp-content\/uploads\/2022\/02\/20211012muller-peter.jpg\",\"width\":768,\"height\":513},{\"@type\":\"BreadcrumbList\",\"@id\":\"https:\/\/www.part-oldalak.hu\/wordpress\/2022\/02\/20\/muller-peter-anyam-titkos-konyve\/#breadcrumb\",\"itemListElement\":[{\"@type\":\"ListItem\",\"position\":1,\"name\":\"Kezd\u0151lap\",\"item\":\"https:\/\/www.part-oldalak.hu\/wordpress\/\"},{\"@type\":\"ListItem\",\"position\":2,\"name\":\"M\u00fcller P\u00e9ter: Any\u00e1m titkos k\u00f6nyve\"}]},{\"@type\":\"WebSite\",\"@id\":\"https:\/\/www.part-oldalak.hu\/wordpress\/#website\",\"url\":\"https:\/\/www.part-oldalak.hu\/wordpress\/\",\"name\":\"Part-Oldalak Kultur\u00e1lis Egylet\",\"description\":\"\",\"potentialAction\":[{\"@type\":\"SearchAction\",\"target\":{\"@type\":\"EntryPoint\",\"urlTemplate\":\"https:\/\/www.part-oldalak.hu\/wordpress\/?s={search_term_string}\"},\"query-input\":{\"@type\":\"PropertyValueSpecification\",\"valueRequired\":true,\"valueName\":\"search_term_string\"}}],\"inLanguage\":\"hu\"},{\"@type\":\"Person\",\"@id\":\"https:\/\/www.part-oldalak.hu\/wordpress\/#\/schema\/person\/3f2664d99a7e735a4164d4f0b609ac76\",\"name\":\"Baksay Erika\",\"image\":{\"@type\":\"ImageObject\",\"inLanguage\":\"hu\",\"@id\":\"https:\/\/www.part-oldalak.hu\/wordpress\/#\/schema\/person\/image\/\",\"url\":\"https:\/\/secure.gravatar.com\/avatar\/dfbbfd48c4440e9e3bdcc2190e290859?s=96&d=mm&r=g\",\"contentUrl\":\"https:\/\/secure.gravatar.com\/avatar\/dfbbfd48c4440e9e3bdcc2190e290859?s=96&d=mm&r=g\",\"caption\":\"Baksay Erika\"},\"url\":\"https:\/\/www.part-oldalak.hu\/wordpress\/author\/baksay-e\/\"}]}<\/script>\n<!-- \/ Yoast SEO plugin. -->","yoast_head_json":{"title":"M\u00fcller P\u00e9ter: Any\u00e1m titkos k\u00f6nyve - Part-Oldalak Kultur\u00e1lis Egylet","robots":{"index":"index","follow":"follow","max-snippet":"max-snippet:-1","max-image-preview":"max-image-preview:large","max-video-preview":"max-video-preview:-1"},"canonical":"https:\/\/www.part-oldalak.hu\/wordpress\/2022\/02\/20\/muller-peter-anyam-titkos-konyve\/","og_locale":"hu_HU","og_type":"article","og_title":"M\u00fcller P\u00e9ter: Any\u00e1m titkos k\u00f6nyve - Part-Oldalak Kultur\u00e1lis Egylet","og_description":"Aj\u00e1nl\u00f3 a n\u00e9pszer\u0171 \u00edr\u00f3 tal\u00e1n legjobb k\u00f6nyv\u00e9nek bemutat\u00f3j\u00e1hoz, amelyet febru\u00e1r 22-\u00e9n, kedden, 18 \u00f3rakor tekinthetnek meg az \u00e9rdekl\u0151d\u0151k a m\u0171vel\u0151d\u00e9si h\u00e1zban. S, hogy az ezot\u00e9ri\u00e1t \u00e9rezz\u00fck: 2022.02.22.","og_url":"https:\/\/www.part-oldalak.hu\/wordpress\/2022\/02\/20\/muller-peter-anyam-titkos-konyve\/","og_site_name":"Part-Oldalak Kultur\u00e1lis Egylet","article_published_time":"2022-02-20T18:00:00+00:00","og_image":[{"width":768,"height":513,"url":"https:\/\/www.part-oldalak.hu\/wordpress\/wp-content\/uploads\/2022\/02\/20211012muller-peter.jpg","type":"image\/jpeg"}],"author":"Baksay Erika","twitter_card":"summary_large_image","twitter_misc":{"Szerz\u0151:":"Baksay Erika","Becs\u00fclt olvas\u00e1si id\u0151":"3 perc"},"schema":{"@context":"https:\/\/schema.org","@graph":[{"@type":"WebPage","@id":"https:\/\/www.part-oldalak.hu\/wordpress\/2022\/02\/20\/muller-peter-anyam-titkos-konyve\/","url":"https:\/\/www.part-oldalak.hu\/wordpress\/2022\/02\/20\/muller-peter-anyam-titkos-konyve\/","name":"M\u00fcller P\u00e9ter: Any\u00e1m titkos k\u00f6nyve - Part-Oldalak Kultur\u00e1lis Egylet","isPartOf":{"@id":"https:\/\/www.part-oldalak.hu\/wordpress\/#website"},"primaryImageOfPage":{"@id":"https:\/\/www.part-oldalak.hu\/wordpress\/2022\/02\/20\/muller-peter-anyam-titkos-konyve\/#primaryimage"},"image":{"@id":"https:\/\/www.part-oldalak.hu\/wordpress\/2022\/02\/20\/muller-peter-anyam-titkos-konyve\/#primaryimage"},"thumbnailUrl":"https:\/\/www.part-oldalak.hu\/wordpress\/wp-content\/uploads\/2022\/02\/20211012muller-peter.jpg","datePublished":"2022-02-20T18:00:00+00:00","author":{"@id":"https:\/\/www.part-oldalak.hu\/wordpress\/#\/schema\/person\/3f2664d99a7e735a4164d4f0b609ac76"},"breadcrumb":{"@id":"https:\/\/www.part-oldalak.hu\/wordpress\/2022\/02\/20\/muller-peter-anyam-titkos-konyve\/#breadcrumb"},"inLanguage":"hu","potentialAction":[{"@type":"ReadAction","target":["https:\/\/www.part-oldalak.hu\/wordpress\/2022\/02\/20\/muller-peter-anyam-titkos-konyve\/"]}]},{"@type":"ImageObject","inLanguage":"hu","@id":"https:\/\/www.part-oldalak.hu\/wordpress\/2022\/02\/20\/muller-peter-anyam-titkos-konyve\/#primaryimage","url":"https:\/\/www.part-oldalak.hu\/wordpress\/wp-content\/uploads\/2022\/02\/20211012muller-peter.jpg","contentUrl":"https:\/\/www.part-oldalak.hu\/wordpress\/wp-content\/uploads\/2022\/02\/20211012muller-peter.jpg","width":768,"height":513},{"@type":"BreadcrumbList","@id":"https:\/\/www.part-oldalak.hu\/wordpress\/2022\/02\/20\/muller-peter-anyam-titkos-konyve\/#breadcrumb","itemListElement":[{"@type":"ListItem","position":1,"name":"Kezd\u0151lap","item":"https:\/\/www.part-oldalak.hu\/wordpress\/"},{"@type":"ListItem","position":2,"name":"M\u00fcller P\u00e9ter: Any\u00e1m titkos k\u00f6nyve"}]},{"@type":"WebSite","@id":"https:\/\/www.part-oldalak.hu\/wordpress\/#website","url":"https:\/\/www.part-oldalak.hu\/wordpress\/","name":"Part-Oldalak Kultur\u00e1lis Egylet","description":"","potentialAction":[{"@type":"SearchAction","target":{"@type":"EntryPoint","urlTemplate":"https:\/\/www.part-oldalak.hu\/wordpress\/?s={search_term_string}"},"query-input":{"@type":"PropertyValueSpecification","valueRequired":true,"valueName":"search_term_string"}}],"inLanguage":"hu"},{"@type":"Person","@id":"https:\/\/www.part-oldalak.hu\/wordpress\/#\/schema\/person\/3f2664d99a7e735a4164d4f0b609ac76","name":"Baksay Erika","image":{"@type":"ImageObject","inLanguage":"hu","@id":"https:\/\/www.part-oldalak.hu\/wordpress\/#\/schema\/person\/image\/","url":"https:\/\/secure.gravatar.com\/avatar\/dfbbfd48c4440e9e3bdcc2190e290859?s=96&d=mm&r=g","contentUrl":"https:\/\/secure.gravatar.com\/avatar\/dfbbfd48c4440e9e3bdcc2190e290859?s=96&d=mm&r=g","caption":"Baksay Erika"},"url":"https:\/\/www.part-oldalak.hu\/wordpress\/author\/baksay-e\/"}]}},"_links":{"self":[{"href":"https:\/\/www.part-oldalak.hu\/wordpress\/wp-json\/wp\/v2\/posts\/782"}],"collection":[{"href":"https:\/\/www.part-oldalak.hu\/wordpress\/wp-json\/wp\/v2\/posts"}],"about":[{"href":"https:\/\/www.part-oldalak.hu\/wordpress\/wp-json\/wp\/v2\/types\/post"}],"author":[{"embeddable":true,"href":"https:\/\/www.part-oldalak.hu\/wordpress\/wp-json\/wp\/v2\/users\/4"}],"replies":[{"embeddable":true,"href":"https:\/\/www.part-oldalak.hu\/wordpress\/wp-json\/wp\/v2\/comments?post=782"}],"version-history":[{"count":3,"href":"https:\/\/www.part-oldalak.hu\/wordpress\/wp-json\/wp\/v2\/posts\/782\/revisions"}],"predecessor-version":[{"id":785,"href":"https:\/\/www.part-oldalak.hu\/wordpress\/wp-json\/wp\/v2\/posts\/782\/revisions\/785"}],"wp:featuredmedia":[{"embeddable":true,"href":"https:\/\/www.part-oldalak.hu\/wordpress\/wp-json\/wp\/v2\/media\/778"}],"wp:attachment":[{"href":"https:\/\/www.part-oldalak.hu\/wordpress\/wp-json\/wp\/v2\/media?parent=782"}],"wp:term":[{"taxonomy":"category","embeddable":true,"href":"https:\/\/www.part-oldalak.hu\/wordpress\/wp-json\/wp\/v2\/categories?post=782"},{"taxonomy":"post_tag","embeddable":true,"href":"https:\/\/www.part-oldalak.hu\/wordpress\/wp-json\/wp\/v2\/tags?post=782"}],"curies":[{"name":"wp","href":"https:\/\/api.w.org\/{rel}","templated":true}]}}