{"id":747,"date":"2022-02-18T18:00:00","date_gmt":"2022-02-18T17:00:00","guid":{"rendered":"http:\/\/www.part-oldalak.hu\/wordpress\/?p=747"},"modified":"2022-02-18T19:39:11","modified_gmt":"2022-02-18T18:39:11","slug":"szemetszedessel-karbantartassal-keszuknek-a-viziturasok-a-szezonra","status":"publish","type":"post","link":"https:\/\/www.part-oldalak.hu\/wordpress\/2022\/02\/18\/szemetszedessel-karbantartassal-keszuknek-a-viziturasok-a-szezonra\/","title":{"rendered":"Szem\u00e9tszed\u00e9ssel, karbantart\u00e1ssal k\u00e9sz\u00fclnek a v\u00edzit\u00far\u00e1sok a szezonra"},"content":{"rendered":"\n<p><em>K\u00e9t \u00e9ve alakult meg a Dunaf\u00f6ldv\u00e1ri Poszeidon V\u00edzi Term\u00e9szet \u00e9s K\u00f6rnyezetv\u00e9d\u0151k Egyes\u00fclete.<\/em><\/p>\n\n\n\n<p><strong>V\u00e1cz Zsolt<\/strong> egyes\u00fcleti eln\u00f6k a kezdeteket feleleven\u00edtve elmondta, hogy tizenk\u00e9t f\u0151vel indultak, az\u00f3ta folyamatosan n\u0151 a l\u00e9tsz\u00e1muk. <strong>F\u0151 profiljuk a szabadid\u0151s v\u00edzit\u00far\u00e1z\u00e1s, \u00e9s a term\u00e9szet- \u00e9s k\u00f6rnyezetv\u00e9delem<\/strong>, els\u0151sorban a Duna partj\u00e1n. Fontosnak tartj\u00e1k, hogy tev\u00e9kenys\u00e9g\u00fckbe min\u00e9l t\u00f6bb fiatalt vonjanak be, kialak\u00edtva benn\u00fck a tudatos term\u00e9szetv\u00e9delem ig\u00e9ny\u00e9t.<\/p>\n\n\n\n<h2 class=\"wp-block-heading\" id=\"takaritas-es-karbantartas\">Takar\u00edt\u00e1s \u00e9s karbantart\u00e1s<\/h2>\n\n\n\n<p>A t\u00e9l jelk\u00e9pesen a holtszezon sz\u00e1mukra, de ekkor sem t\u00e9tlenkednek. Id\u0151j\u00e1r\u00e1st\u00f3l f\u00fcgg\u0151en h\u00e9tv\u00e9geken takar\u00edt\u00e1si, karbantart\u00e1si akci\u00f3kat szerveznek. Az id\u0151 s\u00fcrget, mert ha tavasszal a term\u00e9szet \u00fajra \u00e9led \u00e9s z\u00f6ldbe borul, <strong>nehezebb a szemetet felkutatni \u00e9s \u00f6sszegy\u0171jteni. Az akci\u00f3kban \u00e1ltal\u00e1ban 15 &#8211; 20 f\u0151 vesz r\u00e9szt. <\/strong>Ez alkalmakon a Fels\u0151fok utcai b\u00e1zison is munka zajlik. A k\u00f6rnyezetet rendezik, haj\u00f3kat, technikai eszk\u00f6z\u00f6ket jav\u00edtanak.<\/p>\n\n\n\n<div class=\"wp-block-image is-style-default\"><figure class=\"aligncenter size-full is-resized\"><img decoding=\"async\" data-src=\"https:\/\/www.part-oldalak.hu\/wordpress\/wp-content\/uploads\/2022\/02\/Posz6.jpg\" alt=\"\" class=\"wp-image-753 lazyload\" width=\"581\" height=\"393\" src=\"data:image\/svg+xml;base64,PHN2ZyB3aWR0aD0iMSIgaGVpZ2h0PSIxIiB4bWxucz0iaHR0cDovL3d3dy53My5vcmcvMjAwMC9zdmciPjwvc3ZnPg==\" style=\"--smush-placeholder-width: 581px; --smush-placeholder-aspect-ratio: 581\/393;\" \/><\/figure><\/div>\n\n\n\n<h2 class=\"wp-block-heading\" id=\"szoros-a-kapcsolatuk-az-aztakeservit-ertekor-egyesulettel\">Szoros a kapcsolatuk az Aztakeservit \u00c9rt\u00e9k\u0151r Egyes\u00fclettel<\/h2>\n\n\n\n<p>Mivel hasonl\u00f3 a tev\u00e9kenys\u00e9gi k\u00f6r\u00fck, t\u00f6bb k\u00f6z\u00f6s akci\u00f3t szerveztek, els\u0151sorban a szem\u00e9tgy\u0171jt\u00e9s ter\u00e9n. Id\u00e9n is kaptak t\u0151l\u00fck m\u0171anyag zs\u00e1kokat, keszty\u0171ket \u00e9s sok j\u00f3 tan\u00e1csot. V\u00e1cz Zsolt szomor\u00faan tapasztalja, hogy v\u00edz \u00e1ltal sz\u00e1ll\u00edtott m\u0171anyag hullad\u00e9kok mellett sok h\u00e1ztart\u00e1si hullad\u00e9kot is tal\u00e1lnak, p\u00e9ld\u00e1ul b\u00fatordarabokat, ruh\u00e1kat, pap\u00edrt. <strong>Sajnos t\u00f6bben szem\u00e9tlerak\u00f3k\u00e9nt haszn\u00e1lj\u00e1k a v\u00edzpartot.<\/strong><\/p>\n\n\n\n<div class=\"wp-block-image is-style-default\"><figure class=\"aligncenter size-full is-resized\"><img decoding=\"async\" data-src=\"https:\/\/www.part-oldalak.hu\/wordpress\/wp-content\/uploads\/2022\/02\/Posz5.jpeg\" alt=\"\" class=\"wp-image-752 lazyload\" width=\"581\" height=\"327\" data-srcset=\"https:\/\/www.part-oldalak.hu\/wordpress\/wp-content\/uploads\/2022\/02\/Posz5.jpeg 774w, https:\/\/www.part-oldalak.hu\/wordpress\/wp-content\/uploads\/2022\/02\/Posz5-300x169.jpeg 300w, https:\/\/www.part-oldalak.hu\/wordpress\/wp-content\/uploads\/2022\/02\/Posz5-768x433.jpeg 768w\" data-sizes=\"(max-width: 581px) 100vw, 581px\" src=\"data:image\/svg+xml;base64,PHN2ZyB3aWR0aD0iMSIgaGVpZ2h0PSIxIiB4bWxucz0iaHR0cDovL3d3dy53My5vcmcvMjAwMC9zdmciPjwvc3ZnPg==\" style=\"--smush-placeholder-width: 581px; --smush-placeholder-aspect-ratio: 581\/327;\" \/><\/figure><\/div>\n\n\n\n<h2 class=\"wp-block-heading\" id=\"unnepelyes-szezonnyitas-aprilis-elsejen\">\u00dcnnep\u00e9lyes szezonnyit\u00e1s \u00e1prilis elsej\u00e9n<\/h2>\n\n\n\n<p>Mivel 2020 \u00e1prilis 1-j\u00e9n jegyezt\u00e9k be az egyes\u00fcletet, minden \u00e9vben e napon sz\u00e1llnak haj\u00f3ba el\u0151sz\u00f6r az egyes\u00fclet tagjai, eml\u00e9kezve a jeles \u00e9vfordul\u00f3ra. M\u00e1r most kezdik szervezni a <strong>hosszabb-r\u00f6videbb evez\u0151s t\u00far\u00e1kat, <\/strong>id\u0151pontokat egyeztetnek.Am\u00edg az id\u0151j\u00e1r\u00e1s kedvez\u0151, k\u00f6r\u00fclbel\u00fcl okt\u00f3berig sok id\u0151t t\u00f6ltenek majd a v\u00edzen.<\/p>\n","protected":false},"excerpt":{"rendered":"<p>A t\u00e9l ugyan holtszezon a poszeidonosok sz\u00e1m\u00e1ra, de ekkor sem t\u00e9tlenkednek. H\u00e9tv\u00e9genk\u00e9nt takar\u00edt\u00e1si, karbantart\u00e1si akci\u00f3kat szerveznek. <\/p>\n","protected":false},"author":6,"featured_media":755,"comment_status":"open","ping_status":"open","sticky":false,"template":"","format":"standard","meta":{"_monsterinsights_skip_tracking":false,"_monsterinsights_sitenote_active":false,"_monsterinsights_sitenote_note":"","_monsterinsights_sitenote_category":0,"footnotes":""},"categories":[1,10],"tags":[3,17,22],"class_list":["post-747","post","type-post","status-publish","format-standard","has-post-thumbnail","hentry","category-mozaik","category-sport","tag-kozelet","tag-mozaik","tag-sport"],"aioseo_notices":[],"yoast_head":"<!-- This site is optimized with the Yoast SEO plugin v25.6 - https:\/\/yoast.com\/wordpress\/plugins\/seo\/ -->\n<title>Szem\u00e9tszed\u00e9ssel, karbantart\u00e1ssal k\u00e9sz\u00fclnek a v\u00edzit\u00far\u00e1sok a szezonra - Part-Oldalak Kultur\u00e1lis Egylet<\/title>\n<meta name=\"description\" content=\"Az \u00edr\u00e1sb\u00f3l megtudjuk, hogy a Poszeidon v\u00edzit\u00far\u00e1sok szem\u00e9tszed\u00e9ssel, karbantart\u00e1ssal t\u00f6ltik a t\u00e9li h\u00f3napokat. Term\u00e9szet- \u00e9s k\u00f6rnyezetv\u00e9delem.\" \/>\n<meta name=\"robots\" content=\"index, follow, max-snippet:-1, max-image-preview:large, max-video-preview:-1\" \/>\n<link rel=\"canonical\" href=\"https:\/\/www.part-oldalak.hu\/wordpress\/2022\/02\/18\/szemetszedessel-karbantartassal-keszuknek-a-viziturasok-a-szezonra\/\" \/>\n<meta property=\"og:locale\" content=\"hu_HU\" \/>\n<meta property=\"og:type\" content=\"article\" \/>\n<meta property=\"og:title\" content=\"Szem\u00e9tszed\u00e9ssel, karbantart\u00e1ssal k\u00e9sz\u00fclnek a v\u00edzit\u00far\u00e1sok a szezonra - Part-Oldalak Kultur\u00e1lis Egylet\" \/>\n<meta property=\"og:description\" content=\"Az \u00edr\u00e1sb\u00f3l megtudjuk, hogy a Poszeidon v\u00edzit\u00far\u00e1sok szem\u00e9tszed\u00e9ssel, karbantart\u00e1ssal t\u00f6ltik a t\u00e9li h\u00f3napokat. Term\u00e9szet- \u00e9s k\u00f6rnyezetv\u00e9delem.\" \/>\n<meta property=\"og:url\" content=\"https:\/\/www.part-oldalak.hu\/wordpress\/2022\/02\/18\/szemetszedessel-karbantartassal-keszuknek-a-viziturasok-a-szezonra\/\" \/>\n<meta property=\"og:site_name\" content=\"Part-Oldalak Kultur\u00e1lis Egylet\" \/>\n<meta property=\"article:published_time\" content=\"2022-02-18T17:00:00+00:00\" \/>\n<meta property=\"article:modified_time\" content=\"2022-02-18T18:39:11+00:00\" \/>\n<meta property=\"og:image\" content=\"https:\/\/www.part-oldalak.hu\/wordpress\/wp-content\/uploads\/2022\/02\/Poszeidon-szemetszedes.jpeg\" \/>\n\t<meta property=\"og:image:width\" content=\"774\" \/>\n\t<meta property=\"og:image:height\" content=\"436\" \/>\n\t<meta property=\"og:image:type\" content=\"image\/jpeg\" \/>\n<meta name=\"author\" content=\"Szabados S\u00e1muel\" \/>\n<meta name=\"twitter:card\" content=\"summary_large_image\" \/>\n<meta name=\"twitter:label1\" content=\"Szerz\u0151:\" \/>\n\t<meta name=\"twitter:data1\" content=\"Szabados S\u00e1muel\" \/>\n\t<meta name=\"twitter:label2\" content=\"Becs\u00fclt olvas\u00e1si id\u0151\" \/>\n\t<meta name=\"twitter:data2\" content=\"2 perc\" \/>\n<script type=\"application\/ld+json\" class=\"yoast-schema-graph\">{\"@context\":\"https:\/\/schema.org\",\"@graph\":[{\"@type\":\"WebPage\",\"@id\":\"https:\/\/www.part-oldalak.hu\/wordpress\/2022\/02\/18\/szemetszedessel-karbantartassal-keszuknek-a-viziturasok-a-szezonra\/\",\"url\":\"https:\/\/www.part-oldalak.hu\/wordpress\/2022\/02\/18\/szemetszedessel-karbantartassal-keszuknek-a-viziturasok-a-szezonra\/\",\"name\":\"Szem\u00e9tszed\u00e9ssel, karbantart\u00e1ssal k\u00e9sz\u00fclnek a v\u00edzit\u00far\u00e1sok a szezonra - Part-Oldalak Kultur\u00e1lis Egylet\",\"isPartOf\":{\"@id\":\"https:\/\/www.part-oldalak.hu\/wordpress\/#website\"},\"primaryImageOfPage\":{\"@id\":\"https:\/\/www.part-oldalak.hu\/wordpress\/2022\/02\/18\/szemetszedessel-karbantartassal-keszuknek-a-viziturasok-a-szezonra\/#primaryimage\"},\"image\":{\"@id\":\"https:\/\/www.part-oldalak.hu\/wordpress\/2022\/02\/18\/szemetszedessel-karbantartassal-keszuknek-a-viziturasok-a-szezonra\/#primaryimage\"},\"thumbnailUrl\":\"https:\/\/www.part-oldalak.hu\/wordpress\/wp-content\/uploads\/2022\/02\/Poszeidon-szemetszedes.jpeg\",\"datePublished\":\"2022-02-18T17:00:00+00:00\",\"dateModified\":\"2022-02-18T18:39:11+00:00\",\"author\":{\"@id\":\"https:\/\/www.part-oldalak.hu\/wordpress\/#\/schema\/person\/33fd060024ced13a132c30281d1f2285\"},\"description\":\"Az \u00edr\u00e1sb\u00f3l megtudjuk, hogy a Poszeidon v\u00edzit\u00far\u00e1sok szem\u00e9tszed\u00e9ssel, karbantart\u00e1ssal t\u00f6ltik a t\u00e9li h\u00f3napokat. Term\u00e9szet- \u00e9s k\u00f6rnyezetv\u00e9delem.\",\"breadcrumb\":{\"@id\":\"https:\/\/www.part-oldalak.hu\/wordpress\/2022\/02\/18\/szemetszedessel-karbantartassal-keszuknek-a-viziturasok-a-szezonra\/#breadcrumb\"},\"inLanguage\":\"hu\",\"potentialAction\":[{\"@type\":\"ReadAction\",\"target\":[\"https:\/\/www.part-oldalak.hu\/wordpress\/2022\/02\/18\/szemetszedessel-karbantartassal-keszuknek-a-viziturasok-a-szezonra\/\"]}]},{\"@type\":\"ImageObject\",\"inLanguage\":\"hu\",\"@id\":\"https:\/\/www.part-oldalak.hu\/wordpress\/2022\/02\/18\/szemetszedessel-karbantartassal-keszuknek-a-viziturasok-a-szezonra\/#primaryimage\",\"url\":\"https:\/\/www.part-oldalak.hu\/wordpress\/wp-content\/uploads\/2022\/02\/Poszeidon-szemetszedes.jpeg\",\"contentUrl\":\"https:\/\/www.part-oldalak.hu\/wordpress\/wp-content\/uploads\/2022\/02\/Poszeidon-szemetszedes.jpeg\",\"width\":774,\"height\":436},{\"@type\":\"BreadcrumbList\",\"@id\":\"https:\/\/www.part-oldalak.hu\/wordpress\/2022\/02\/18\/szemetszedessel-karbantartassal-keszuknek-a-viziturasok-a-szezonra\/#breadcrumb\",\"itemListElement\":[{\"@type\":\"ListItem\",\"position\":1,\"name\":\"Kezd\u0151lap\",\"item\":\"https:\/\/www.part-oldalak.hu\/wordpress\/\"},{\"@type\":\"ListItem\",\"position\":2,\"name\":\"Szem\u00e9tszed\u00e9ssel, karbantart\u00e1ssal k\u00e9sz\u00fclnek a v\u00edzit\u00far\u00e1sok a szezonra\"}]},{\"@type\":\"WebSite\",\"@id\":\"https:\/\/www.part-oldalak.hu\/wordpress\/#website\",\"url\":\"https:\/\/www.part-oldalak.hu\/wordpress\/\",\"name\":\"Part-Oldalak Kultur\u00e1lis Egylet\",\"description\":\"\",\"potentialAction\":[{\"@type\":\"SearchAction\",\"target\":{\"@type\":\"EntryPoint\",\"urlTemplate\":\"https:\/\/www.part-oldalak.hu\/wordpress\/?s={search_term_string}\"},\"query-input\":{\"@type\":\"PropertyValueSpecification\",\"valueRequired\":true,\"valueName\":\"search_term_string\"}}],\"inLanguage\":\"hu\"},{\"@type\":\"Person\",\"@id\":\"https:\/\/www.part-oldalak.hu\/wordpress\/#\/schema\/person\/33fd060024ced13a132c30281d1f2285\",\"name\":\"Szabados S\u00e1muel\",\"image\":{\"@type\":\"ImageObject\",\"inLanguage\":\"hu\",\"@id\":\"https:\/\/www.part-oldalak.hu\/wordpress\/#\/schema\/person\/image\/\",\"url\":\"https:\/\/secure.gravatar.com\/avatar\/6c62ff7a49dff1be1d1476755e48da1a?s=96&d=mm&r=g\",\"contentUrl\":\"https:\/\/secure.gravatar.com\/avatar\/6c62ff7a49dff1be1d1476755e48da1a?s=96&d=mm&r=g\",\"caption\":\"Szabados S\u00e1muel\"},\"url\":\"https:\/\/www.part-oldalak.hu\/wordpress\/author\/samu\/\"}]}<\/script>\n<!-- \/ Yoast SEO plugin. -->","yoast_head_json":{"title":"Szem\u00e9tszed\u00e9ssel, karbantart\u00e1ssal k\u00e9sz\u00fclnek a v\u00edzit\u00far\u00e1sok a szezonra - Part-Oldalak Kultur\u00e1lis Egylet","description":"Az \u00edr\u00e1sb\u00f3l megtudjuk, hogy a Poszeidon v\u00edzit\u00far\u00e1sok szem\u00e9tszed\u00e9ssel, karbantart\u00e1ssal t\u00f6ltik a t\u00e9li h\u00f3napokat. Term\u00e9szet- \u00e9s k\u00f6rnyezetv\u00e9delem.","robots":{"index":"index","follow":"follow","max-snippet":"max-snippet:-1","max-image-preview":"max-image-preview:large","max-video-preview":"max-video-preview:-1"},"canonical":"https:\/\/www.part-oldalak.hu\/wordpress\/2022\/02\/18\/szemetszedessel-karbantartassal-keszuknek-a-viziturasok-a-szezonra\/","og_locale":"hu_HU","og_type":"article","og_title":"Szem\u00e9tszed\u00e9ssel, karbantart\u00e1ssal k\u00e9sz\u00fclnek a v\u00edzit\u00far\u00e1sok a szezonra - Part-Oldalak Kultur\u00e1lis Egylet","og_description":"Az \u00edr\u00e1sb\u00f3l megtudjuk, hogy a Poszeidon v\u00edzit\u00far\u00e1sok szem\u00e9tszed\u00e9ssel, karbantart\u00e1ssal t\u00f6ltik a t\u00e9li h\u00f3napokat. Term\u00e9szet- \u00e9s k\u00f6rnyezetv\u00e9delem.","og_url":"https:\/\/www.part-oldalak.hu\/wordpress\/2022\/02\/18\/szemetszedessel-karbantartassal-keszuknek-a-viziturasok-a-szezonra\/","og_site_name":"Part-Oldalak Kultur\u00e1lis Egylet","article_published_time":"2022-02-18T17:00:00+00:00","article_modified_time":"2022-02-18T18:39:11+00:00","og_image":[{"width":774,"height":436,"url":"https:\/\/www.part-oldalak.hu\/wordpress\/wp-content\/uploads\/2022\/02\/Poszeidon-szemetszedes.jpeg","type":"image\/jpeg"}],"author":"Szabados S\u00e1muel","twitter_card":"summary_large_image","twitter_misc":{"Szerz\u0151:":"Szabados S\u00e1muel","Becs\u00fclt olvas\u00e1si id\u0151":"2 perc"},"schema":{"@context":"https:\/\/schema.org","@graph":[{"@type":"WebPage","@id":"https:\/\/www.part-oldalak.hu\/wordpress\/2022\/02\/18\/szemetszedessel-karbantartassal-keszuknek-a-viziturasok-a-szezonra\/","url":"https:\/\/www.part-oldalak.hu\/wordpress\/2022\/02\/18\/szemetszedessel-karbantartassal-keszuknek-a-viziturasok-a-szezonra\/","name":"Szem\u00e9tszed\u00e9ssel, karbantart\u00e1ssal k\u00e9sz\u00fclnek a v\u00edzit\u00far\u00e1sok a szezonra - Part-Oldalak Kultur\u00e1lis Egylet","isPartOf":{"@id":"https:\/\/www.part-oldalak.hu\/wordpress\/#website"},"primaryImageOfPage":{"@id":"https:\/\/www.part-oldalak.hu\/wordpress\/2022\/02\/18\/szemetszedessel-karbantartassal-keszuknek-a-viziturasok-a-szezonra\/#primaryimage"},"image":{"@id":"https:\/\/www.part-oldalak.hu\/wordpress\/2022\/02\/18\/szemetszedessel-karbantartassal-keszuknek-a-viziturasok-a-szezonra\/#primaryimage"},"thumbnailUrl":"https:\/\/www.part-oldalak.hu\/wordpress\/wp-content\/uploads\/2022\/02\/Poszeidon-szemetszedes.jpeg","datePublished":"2022-02-18T17:00:00+00:00","dateModified":"2022-02-18T18:39:11+00:00","author":{"@id":"https:\/\/www.part-oldalak.hu\/wordpress\/#\/schema\/person\/33fd060024ced13a132c30281d1f2285"},"description":"Az \u00edr\u00e1sb\u00f3l megtudjuk, hogy a Poszeidon v\u00edzit\u00far\u00e1sok szem\u00e9tszed\u00e9ssel, karbantart\u00e1ssal t\u00f6ltik a t\u00e9li h\u00f3napokat. Term\u00e9szet- \u00e9s k\u00f6rnyezetv\u00e9delem.","breadcrumb":{"@id":"https:\/\/www.part-oldalak.hu\/wordpress\/2022\/02\/18\/szemetszedessel-karbantartassal-keszuknek-a-viziturasok-a-szezonra\/#breadcrumb"},"inLanguage":"hu","potentialAction":[{"@type":"ReadAction","target":["https:\/\/www.part-oldalak.hu\/wordpress\/2022\/02\/18\/szemetszedessel-karbantartassal-keszuknek-a-viziturasok-a-szezonra\/"]}]},{"@type":"ImageObject","inLanguage":"hu","@id":"https:\/\/www.part-oldalak.hu\/wordpress\/2022\/02\/18\/szemetszedessel-karbantartassal-keszuknek-a-viziturasok-a-szezonra\/#primaryimage","url":"https:\/\/www.part-oldalak.hu\/wordpress\/wp-content\/uploads\/2022\/02\/Poszeidon-szemetszedes.jpeg","contentUrl":"https:\/\/www.part-oldalak.hu\/wordpress\/wp-content\/uploads\/2022\/02\/Poszeidon-szemetszedes.jpeg","width":774,"height":436},{"@type":"BreadcrumbList","@id":"https:\/\/www.part-oldalak.hu\/wordpress\/2022\/02\/18\/szemetszedessel-karbantartassal-keszuknek-a-viziturasok-a-szezonra\/#breadcrumb","itemListElement":[{"@type":"ListItem","position":1,"name":"Kezd\u0151lap","item":"https:\/\/www.part-oldalak.hu\/wordpress\/"},{"@type":"ListItem","position":2,"name":"Szem\u00e9tszed\u00e9ssel, karbantart\u00e1ssal k\u00e9sz\u00fclnek a v\u00edzit\u00far\u00e1sok a szezonra"}]},{"@type":"WebSite","@id":"https:\/\/www.part-oldalak.hu\/wordpress\/#website","url":"https:\/\/www.part-oldalak.hu\/wordpress\/","name":"Part-Oldalak Kultur\u00e1lis Egylet","description":"","potentialAction":[{"@type":"SearchAction","target":{"@type":"EntryPoint","urlTemplate":"https:\/\/www.part-oldalak.hu\/wordpress\/?s={search_term_string}"},"query-input":{"@type":"PropertyValueSpecification","valueRequired":true,"valueName":"search_term_string"}}],"inLanguage":"hu"},{"@type":"Person","@id":"https:\/\/www.part-oldalak.hu\/wordpress\/#\/schema\/person\/33fd060024ced13a132c30281d1f2285","name":"Szabados S\u00e1muel","image":{"@type":"ImageObject","inLanguage":"hu","@id":"https:\/\/www.part-oldalak.hu\/wordpress\/#\/schema\/person\/image\/","url":"https:\/\/secure.gravatar.com\/avatar\/6c62ff7a49dff1be1d1476755e48da1a?s=96&d=mm&r=g","contentUrl":"https:\/\/secure.gravatar.com\/avatar\/6c62ff7a49dff1be1d1476755e48da1a?s=96&d=mm&r=g","caption":"Szabados S\u00e1muel"},"url":"https:\/\/www.part-oldalak.hu\/wordpress\/author\/samu\/"}]}},"_links":{"self":[{"href":"https:\/\/www.part-oldalak.hu\/wordpress\/wp-json\/wp\/v2\/posts\/747"}],"collection":[{"href":"https:\/\/www.part-oldalak.hu\/wordpress\/wp-json\/wp\/v2\/posts"}],"about":[{"href":"https:\/\/www.part-oldalak.hu\/wordpress\/wp-json\/wp\/v2\/types\/post"}],"author":[{"embeddable":true,"href":"https:\/\/www.part-oldalak.hu\/wordpress\/wp-json\/wp\/v2\/users\/6"}],"replies":[{"embeddable":true,"href":"https:\/\/www.part-oldalak.hu\/wordpress\/wp-json\/wp\/v2\/comments?post=747"}],"version-history":[{"count":4,"href":"https:\/\/www.part-oldalak.hu\/wordpress\/wp-json\/wp\/v2\/posts\/747\/revisions"}],"predecessor-version":[{"id":763,"href":"https:\/\/www.part-oldalak.hu\/wordpress\/wp-json\/wp\/v2\/posts\/747\/revisions\/763"}],"wp:featuredmedia":[{"embeddable":true,"href":"https:\/\/www.part-oldalak.hu\/wordpress\/wp-json\/wp\/v2\/media\/755"}],"wp:attachment":[{"href":"https:\/\/www.part-oldalak.hu\/wordpress\/wp-json\/wp\/v2\/media?parent=747"}],"wp:term":[{"taxonomy":"category","embeddable":true,"href":"https:\/\/www.part-oldalak.hu\/wordpress\/wp-json\/wp\/v2\/categories?post=747"},{"taxonomy":"post_tag","embeddable":true,"href":"https:\/\/www.part-oldalak.hu\/wordpress\/wp-json\/wp\/v2\/tags?post=747"}],"curies":[{"name":"wp","href":"https:\/\/api.w.org\/{rel}","templated":true}]}}