{"id":720,"date":"2022-02-16T18:00:00","date_gmt":"2022-02-16T17:00:00","guid":{"rendered":"http:\/\/www.part-oldalak.hu\/wordpress\/?p=720"},"modified":"2022-02-23T20:01:48","modified_gmt":"2022-02-23T19:01:48","slug":"megvan-kik-kapjak-a-varosi-kitunteteseket-2022-ben","status":"publish","type":"post","link":"https:\/\/www.part-oldalak.hu\/wordpress\/2022\/02\/16\/megvan-kik-kapjak-a-varosi-kitunteteseket-2022-ben\/","title":{"rendered":"Megvan, kik kapj\u00e1k a v\u00e1rosi kit\u00fcntet\u00e9seket 2022-ben"},"content":{"rendered":"\n<p>Dunaf\u00f6ldv\u00e1r V\u00e1ros \u00d6nkorm\u00e1nyzat\u00e1nak K\u00e9pvisel\u0151-test\u00fclete a 2022. janu\u00e1r 25-\u00e9n megtartott soros k\u00e9pvisel\u0151-test\u00fcleti \u00fcl\u00e9s\u00e9n Dunaf\u00f6ldv\u00e1r V\u00e1ros \u00d6nkorm\u00e1nyzat\u00e1nak jelk\u00e9peir\u0151l, kit\u00fcntet\u00e9seir\u0151l, elismer\u0151 c\u00edmeir\u0151l \u00e9s a telep\u00fcl\u00e9sn\u00e9v haszn\u00e1lat\u00e1r\u00f3l sz\u00f3l\u00f3 rendelete alapj\u00e1n hat\u00e1rozott a<\/p>\n\n\n\n<h2 class=\"wp-block-heading\" id=\"2022-evi-varosi-kituntetesekrol\">&nbsp;2022. \u00e9vi v\u00e1rosi kit\u00fcntet\u00e9sekr\u0151l.<\/h2>\n\n\n\n<p>A be\u00e9rkezett javaslatok alapj\u00e1n a k\u00e9pvisel\u0151-test\u00fclet az al\u00e1bbi d\u00f6nt\u00e9st hozta:<\/p>\n\n\n\n<p>Dunaf\u00f6ldv\u00e1r v\u00e1ros k\u00f6z\u00e9let\u00e9ben v\u00e1llalt szerep\u00fck, kiemelked\u0151 munk\u00e1ss\u00e1guk elismer\u00e9sek\u00e9nt \u00e9s egy\u00e9b \u00e9rdemeik alapj\u00e1n<\/p>\n\n\n\n<p>&nbsp;<strong>\u201eDunaf\u00f6ldv\u00e1r\u00e9rt Eml\u00e9k\u00e9rem\u201d kit\u00fcntet\u00e9sben r\u00e9szes\u00fcl: Horv\u00e1th Ir\u00e9n, <\/strong>sz\u00e1mos, v\u00e1rosunkat \u00e9rint\u0151 civil kezdem\u00e9nyez\u00e9s elind\u00edt\u00f3ja, lok\u00e1lpatri\u00f3ta tev\u00e9kenys\u00e9ge, szeml\u00e9lete elismer\u00e9sek\u00e9nt.<\/p>\n\n\n\n<div class=\"wp-block-image is-style-default\"><figure class=\"aligncenter size-large is-resized\"><img decoding=\"async\" data-src=\"https:\/\/www.part-oldalak.hu\/wordpress\/wp-content\/uploads\/2022\/02\/55798120_2358440677551284_3790653176701517824_n-576x1024.jpg\" alt=\"\" class=\"wp-image-727 lazyload\" width=\"432\" height=\"768\" data-srcset=\"https:\/\/www.part-oldalak.hu\/wordpress\/wp-content\/uploads\/2022\/02\/55798120_2358440677551284_3790653176701517824_n-576x1024.jpg 576w, https:\/\/www.part-oldalak.hu\/wordpress\/wp-content\/uploads\/2022\/02\/55798120_2358440677551284_3790653176701517824_n-169x300.jpg 169w, https:\/\/www.part-oldalak.hu\/wordpress\/wp-content\/uploads\/2022\/02\/55798120_2358440677551284_3790653176701517824_n-768x1365.jpg 768w, https:\/\/www.part-oldalak.hu\/wordpress\/wp-content\/uploads\/2022\/02\/55798120_2358440677551284_3790653176701517824_n-864x1536.jpg 864w, https:\/\/www.part-oldalak.hu\/wordpress\/wp-content\/uploads\/2022\/02\/55798120_2358440677551284_3790653176701517824_n-1024x1820.jpg 1024w, https:\/\/www.part-oldalak.hu\/wordpress\/wp-content\/uploads\/2022\/02\/55798120_2358440677551284_3790653176701517824_n.jpg 1152w\" data-sizes=\"(max-width: 432px) 100vw, 432px\" src=\"data:image\/svg+xml;base64,PHN2ZyB3aWR0aD0iMSIgaGVpZ2h0PSIxIiB4bWxucz0iaHR0cDovL3d3dy53My5vcmcvMjAwMC9zdmciPjwvc3ZnPg==\" style=\"--smush-placeholder-width: 432px; --smush-placeholder-aspect-ratio: 432\/768;\" \/><figcaption>Horv\u00e1th Ir\u00e9n<\/figcaption><\/figure><\/div>\n\n\n\n<p><em>\u201e<\/em><strong>Dunaf\u00f6ldv\u00e1r\u00e9rt Eml\u00e9k\u00e9rem\u201d kit\u00fcntet\u00e9sben r\u00e9szes\u00fcl<\/strong>: <strong>Dr. Kuti Istv\u00e1n<\/strong>, szakmai m\u00faltja \u00e9s v\u00e1rosunk k\u00f6zbiztons\u00e1g\u00e1\u00e9rt v\u00e9gzett folyamatos munk\u00e1ja elismer\u00e9sek\u00e9nt.<\/p>\n\n\n\n<div class=\"wp-block-image is-style-default\"><figure class=\"aligncenter size-full is-resized\"><img decoding=\"async\" data-src=\"https:\/\/www.part-oldalak.hu\/wordpress\/wp-content\/uploads\/2022\/02\/10.29.Dr-Kuti.jpg\" alt=\"\" class=\"wp-image-722 lazyload\" width=\"640\" height=\"441\" src=\"data:image\/svg+xml;base64,PHN2ZyB3aWR0aD0iMSIgaGVpZ2h0PSIxIiB4bWxucz0iaHR0cDovL3d3dy53My5vcmcvMjAwMC9zdmciPjwvc3ZnPg==\" style=\"--smush-placeholder-width: 640px; --smush-placeholder-aspect-ratio: 640\/441;\" \/><figcaption>Dr.Kuti Istv\u00e1n<\/figcaption><\/figure><\/div>\n\n\n\n<p><strong>\u201ePosztumusz Dunaf\u00f6ldv\u00e1r\u00e9rt Eml\u00e9k\u00e9rem\u201d kit\u00fcntet\u00e9sben r\u00e9szes\u00fcl:<\/strong> <strong>n\u00e9hai Moln\u00e1r Tam\u00e1s Istv\u00e1nn\u00e9 Berke \u00c9va Erzs\u00e9bet<\/strong>, a r\u00e1szorul\u00f3knak val\u00f3 folyamatos seg\u00edts\u00e9gny\u00fajt\u00e1s, az \u00e1ltala megszervezett \u00f6tletes csal\u00e1di programok lebonyol\u00edt\u00e1sa elismer\u00e9sek\u00e9nt.<\/p>\n\n\n\n<div class=\"wp-block-image is-style-default\"><figure class=\"aligncenter size-full is-resized\"><img decoding=\"async\" data-src=\"https:\/\/www.part-oldalak.hu\/wordpress\/wp-content\/uploads\/2022\/02\/Kepkivagas-11.jpg\" alt=\"\" class=\"wp-image-736 lazyload\" width=\"640\" height=\"343\" src=\"data:image\/svg+xml;base64,PHN2ZyB3aWR0aD0iMSIgaGVpZ2h0PSIxIiB4bWxucz0iaHR0cDovL3d3dy53My5vcmcvMjAwMC9zdmciPjwvc3ZnPg==\" style=\"--smush-placeholder-width: 640px; --smush-placeholder-aspect-ratio: 640\/343;\" \/><figcaption><strong>Moln\u00e1r Tam\u00e1s Istv\u00e1nn\u00e9 Berke \u00c9va Erzs\u00e9bet<\/strong><\/figcaption><\/figure><\/div>\n\n\n\n<p><strong>\u201eDunaf\u00f6ldv\u00e1r Gyermekei\u00e9rt\u201d kit\u00fcntet\u00e9sben r\u00e9szes\u00fcl: Feh\u00e9rn\u00e9 Keser\u0171 Katalin<\/strong>, n\u00e9gy \u00e9vtizedes,  eredm\u00e9nyekben gazdag pedag\u00f3gusi p\u00e1lyafut\u00e1sa, p\u00e9ldamutat\u00f3 szakmai munk\u00e1ja elismer\u00e9sek\u00e9nt.<\/p>\n\n\n\n<div class=\"wp-block-image is-style-default\"><figure class=\"aligncenter size-full is-resized\"><img decoding=\"async\" data-src=\"https:\/\/www.part-oldalak.hu\/wordpress\/wp-content\/uploads\/2022\/02\/8220f26703cc467fa0703bf753107d81-1.jpg\" alt=\"\" class=\"wp-image-724 lazyload\" width=\"640\" height=\"480\" data-srcset=\"https:\/\/www.part-oldalak.hu\/wordpress\/wp-content\/uploads\/2022\/02\/8220f26703cc467fa0703bf753107d81-1.jpg 922w, https:\/\/www.part-oldalak.hu\/wordpress\/wp-content\/uploads\/2022\/02\/8220f26703cc467fa0703bf753107d81-1-300x225.jpg 300w, https:\/\/www.part-oldalak.hu\/wordpress\/wp-content\/uploads\/2022\/02\/8220f26703cc467fa0703bf753107d81-1-768x576.jpg 768w\" data-sizes=\"(max-width: 640px) 100vw, 640px\" src=\"data:image\/svg+xml;base64,PHN2ZyB3aWR0aD0iMSIgaGVpZ2h0PSIxIiB4bWxucz0iaHR0cDovL3d3dy53My5vcmcvMjAwMC9zdmciPjwvc3ZnPg==\" style=\"--smush-placeholder-width: 640px; --smush-placeholder-aspect-ratio: 640\/480;\" \/><figcaption>Feh\u00e9rn\u00e9 Keser\u0171 Katalin<\/figcaption><\/figure><\/div>\n\n\n\n<p><strong>\u201eDunaf\u00f6ldv\u00e1r Sportj\u00e1\u00e9rt\u201d kit\u00fcntet\u00e9sben r\u00e9szes\u00fcl: a Dunaf\u00f6ldv\u00e1ri Kajak-Kenu Egyes\u00fclet<\/strong>, sikeres szakmai tev\u00e9kenys\u00e9ge, a gyermekekhez val\u00f3 p\u00e9lda\u00e9rt\u00e9k\u0171 hozz\u00e1\u00e1ll\u00e1sa, k\u00f6rnyezet\u00fcnk meg\u00f3v\u00e1sa \u00e9rdek\u00e9ben v\u00e9gzett munk\u00e1ja elismer\u00e9sek\u00e9nt.<\/p>\n\n\n\n<div class=\"wp-block-image is-style-default\"><figure class=\"aligncenter size-large is-resized\"><img decoding=\"async\" data-src=\"https:\/\/www.part-oldalak.hu\/wordpress\/wp-content\/uploads\/2022\/02\/244205980_6178173335588335_4423164700768840720_n-1024x768.jpg\" alt=\"\" class=\"wp-image-725 lazyload\" width=\"640\" height=\"480\" data-srcset=\"https:\/\/www.part-oldalak.hu\/wordpress\/wp-content\/uploads\/2022\/02\/244205980_6178173335588335_4423164700768840720_n-1024x768.jpg 1024w, https:\/\/www.part-oldalak.hu\/wordpress\/wp-content\/uploads\/2022\/02\/244205980_6178173335588335_4423164700768840720_n-300x225.jpg 300w, https:\/\/www.part-oldalak.hu\/wordpress\/wp-content\/uploads\/2022\/02\/244205980_6178173335588335_4423164700768840720_n-768x576.jpg 768w, https:\/\/www.part-oldalak.hu\/wordpress\/wp-content\/uploads\/2022\/02\/244205980_6178173335588335_4423164700768840720_n-1536x1152.jpg 1536w, https:\/\/www.part-oldalak.hu\/wordpress\/wp-content\/uploads\/2022\/02\/244205980_6178173335588335_4423164700768840720_n.jpg 2000w\" data-sizes=\"(max-width: 640px) 100vw, 640px\" src=\"data:image\/svg+xml;base64,PHN2ZyB3aWR0aD0iMSIgaGVpZ2h0PSIxIiB4bWxucz0iaHR0cDovL3d3dy53My5vcmcvMjAwMC9zdmciPjwvc3ZnPg==\" style=\"--smush-placeholder-width: 640px; --smush-placeholder-aspect-ratio: 640\/480;\" \/><figcaption><strong>Dunaf\u00f6ldv\u00e1ri Cs\u00f3nakh\u00e1z &#8211; Kajak-Kenu \u00e9s S\u00e1rk\u00e1nyhaj\u00f3 Egyes\u00fclet<\/strong><\/figcaption><\/figure><\/div>\n\n\n\n<p><strong>\u201ePosztumusz Dunaf\u00f6ldv\u00e1r Sportj\u00e1\u00e9rt\u201d kit\u00fcntet\u00e9sben r\u00e9szes\u00fcl: n\u00e9hai Kerekes P\u00e9ter<\/strong>, t\u00f6bb \u00e9vtizedes nevel\u0151-szervez\u0151 sportmunk\u00e1ja elismer\u00e9sek\u00e9nt, a k\u00e9zilabda sport\u00e1g ut\u00e1np\u00f3tl\u00e1sban el\u00e9rt \u00e9rdemei\u00e9rt.<\/p>\n\n\n\n<div class=\"wp-block-image is-style-default\"><figure class=\"aligncenter size-full\"><img decoding=\"async\" width=\"640\" height=\"480\" data-src=\"https:\/\/www.part-oldalak.hu\/wordpress\/wp-content\/uploads\/2022\/02\/23472267_1524516667583915_1676706951897650595_n.jpg\" alt=\"\" class=\"wp-image-726 lazyload\" data-srcset=\"https:\/\/www.part-oldalak.hu\/wordpress\/wp-content\/uploads\/2022\/02\/23472267_1524516667583915_1676706951897650595_n.jpg 640w, https:\/\/www.part-oldalak.hu\/wordpress\/wp-content\/uploads\/2022\/02\/23472267_1524516667583915_1676706951897650595_n-300x225.jpg 300w\" data-sizes=\"(max-width: 640px) 100vw, 640px\" src=\"data:image\/svg+xml;base64,PHN2ZyB3aWR0aD0iMSIgaGVpZ2h0PSIxIiB4bWxucz0iaHR0cDovL3d3dy53My5vcmcvMjAwMC9zdmciPjwvc3ZnPg==\" style=\"--smush-placeholder-width: 640px; --smush-placeholder-aspect-ratio: 640\/480;\" \/><figcaption>Kerekes P\u00e9ter<\/figcaption><\/figure><\/div>\n\n\n\n<p>A v\u00e1rosi kit\u00fc<em>ntet\u00e9sek \u00e1tad\u00e1s\u00e1ra legk\u00e9s\u0151bb 2022. j\u00fanius 30. napj\u00e1ig ker\u00fcl sor.<\/em><\/p>\n\n\n\n<p><\/p>\n","protected":false},"excerpt":{"rendered":"<p>Dunaf\u00f6ldv\u00e1r V\u00e1ros \u00d6nkorm\u00e1nyzat\u00e1nak K\u00e9pvisel\u0151-test\u00fclete d\u00f6nt\u00f6tt a v\u00e1rosi kit\u00fcntet\u00e9sek adom\u00e1nyoz\u00e1s\u00e1r\u00f3l.<\/p>\n","protected":false},"author":4,"featured_media":732,"comment_status":"open","ping_status":"open","sticky":false,"template":"","format":"standard","meta":{"_monsterinsights_skip_tracking":false,"_monsterinsights_sitenote_active":false,"_monsterinsights_sitenote_note":"","_monsterinsights_sitenote_category":0,"footnotes":""},"categories":[9,1],"tags":[3,17],"class_list":["post-720","post","type-post","status-publish","format-standard","has-post-thumbnail","hentry","category-kozelet","category-mozaik","tag-kozelet","tag-mozaik"],"aioseo_notices":[],"yoast_head":"<!-- This site is optimized with the Yoast SEO plugin v25.6 - https:\/\/yoast.com\/wordpress\/plugins\/seo\/ -->\n<title>Megvan, kik kapj\u00e1k a v\u00e1rosi kit\u00fcntet\u00e9seket 2022-ben - Part-Oldalak Kultur\u00e1lis Egylet<\/title>\n<meta name=\"description\" content=\"Dunaf\u00f6ldv\u00e1r \u00d6nkorm\u00e1nyzata K\u00e9pvisel\u0151-test\u00fclete kit\u00fcntet\u00e9seir\u0151l elismer\u0151 c\u00edmeir\u0151l hat\u00e1rozott. Sz\u00f3l jelk\u00e9peir\u0151l, kit\u00fcntet\u00e9seir\u0151l.\" \/>\n<meta name=\"robots\" content=\"index, follow, max-snippet:-1, max-image-preview:large, max-video-preview:-1\" \/>\n<link rel=\"canonical\" href=\"http:\/\/www.part-oldalak.hu\/wordpress\/2022\/02\/16\/megvan-kik-kapjak-a-varosi-kitunteteseket-2022-ben\/\" \/>\n<meta property=\"og:locale\" content=\"hu_HU\" \/>\n<meta property=\"og:type\" content=\"article\" \/>\n<meta property=\"og:title\" content=\"Megvan, kik kapj\u00e1k a v\u00e1rosi kit\u00fcntet\u00e9seket 2022-ben - Part-Oldalak Kultur\u00e1lis Egylet\" \/>\n<meta property=\"og:description\" content=\"Dunaf\u00f6ldv\u00e1r \u00d6nkorm\u00e1nyzata K\u00e9pvisel\u0151-test\u00fclete kit\u00fcntet\u00e9seir\u0151l elismer\u0151 c\u00edmeir\u0151l hat\u00e1rozott. Sz\u00f3l jelk\u00e9peir\u0151l, kit\u00fcntet\u00e9seir\u0151l.\" \/>\n<meta property=\"og:url\" content=\"http:\/\/www.part-oldalak.hu\/wordpress\/2022\/02\/16\/megvan-kik-kapjak-a-varosi-kitunteteseket-2022-ben\/\" \/>\n<meta property=\"og:site_name\" content=\"Part-Oldalak Kultur\u00e1lis Egylet\" \/>\n<meta property=\"article:published_time\" content=\"2022-02-16T17:00:00+00:00\" \/>\n<meta property=\"article:modified_time\" content=\"2022-02-23T19:01:48+00:00\" \/>\n<meta property=\"og:image\" content=\"http:\/\/www.part-oldalak.hu\/wordpress\/wp-content\/uploads\/2022\/02\/93565214_2862913710410864_3202323870686117888_n-scaled.jpg\" \/>\n\t<meta property=\"og:image:width\" content=\"2560\" \/>\n\t<meta property=\"og:image:height\" content=\"973\" \/>\n\t<meta property=\"og:image:type\" content=\"image\/jpeg\" \/>\n<meta name=\"author\" content=\"Baksay Erika\" \/>\n<meta name=\"twitter:card\" content=\"summary_large_image\" \/>\n<meta name=\"twitter:label1\" content=\"Szerz\u0151:\" \/>\n\t<meta name=\"twitter:data1\" content=\"Baksay Erika\" \/>\n\t<meta name=\"twitter:label2\" content=\"Becs\u00fclt olvas\u00e1si id\u0151\" \/>\n\t<meta name=\"twitter:data2\" content=\"3 perc\" \/>\n<script type=\"application\/ld+json\" class=\"yoast-schema-graph\">{\"@context\":\"https:\/\/schema.org\",\"@graph\":[{\"@type\":\"WebPage\",\"@id\":\"http:\/\/www.part-oldalak.hu\/wordpress\/2022\/02\/16\/megvan-kik-kapjak-a-varosi-kitunteteseket-2022-ben\/\",\"url\":\"http:\/\/www.part-oldalak.hu\/wordpress\/2022\/02\/16\/megvan-kik-kapjak-a-varosi-kitunteteseket-2022-ben\/\",\"name\":\"Megvan, kik kapj\u00e1k a v\u00e1rosi kit\u00fcntet\u00e9seket 2022-ben - Part-Oldalak Kultur\u00e1lis Egylet\",\"isPartOf\":{\"@id\":\"https:\/\/www.part-oldalak.hu\/wordpress\/#website\"},\"primaryImageOfPage\":{\"@id\":\"http:\/\/www.part-oldalak.hu\/wordpress\/2022\/02\/16\/megvan-kik-kapjak-a-varosi-kitunteteseket-2022-ben\/#primaryimage\"},\"image\":{\"@id\":\"http:\/\/www.part-oldalak.hu\/wordpress\/2022\/02\/16\/megvan-kik-kapjak-a-varosi-kitunteteseket-2022-ben\/#primaryimage\"},\"thumbnailUrl\":\"https:\/\/www.part-oldalak.hu\/wordpress\/wp-content\/uploads\/2022\/02\/93565214_2862913710410864_3202323870686117888_n-scaled.jpg\",\"datePublished\":\"2022-02-16T17:00:00+00:00\",\"dateModified\":\"2022-02-23T19:01:48+00:00\",\"author\":{\"@id\":\"https:\/\/www.part-oldalak.hu\/wordpress\/#\/schema\/person\/3f2664d99a7e735a4164d4f0b609ac76\"},\"description\":\"Dunaf\u00f6ldv\u00e1r \u00d6nkorm\u00e1nyzata K\u00e9pvisel\u0151-test\u00fclete kit\u00fcntet\u00e9seir\u0151l elismer\u0151 c\u00edmeir\u0151l hat\u00e1rozott. Sz\u00f3l jelk\u00e9peir\u0151l, kit\u00fcntet\u00e9seir\u0151l.\",\"breadcrumb\":{\"@id\":\"http:\/\/www.part-oldalak.hu\/wordpress\/2022\/02\/16\/megvan-kik-kapjak-a-varosi-kitunteteseket-2022-ben\/#breadcrumb\"},\"inLanguage\":\"hu\",\"potentialAction\":[{\"@type\":\"ReadAction\",\"target\":[\"http:\/\/www.part-oldalak.hu\/wordpress\/2022\/02\/16\/megvan-kik-kapjak-a-varosi-kitunteteseket-2022-ben\/\"]}]},{\"@type\":\"ImageObject\",\"inLanguage\":\"hu\",\"@id\":\"http:\/\/www.part-oldalak.hu\/wordpress\/2022\/02\/16\/megvan-kik-kapjak-a-varosi-kitunteteseket-2022-ben\/#primaryimage\",\"url\":\"https:\/\/www.part-oldalak.hu\/wordpress\/wp-content\/uploads\/2022\/02\/93565214_2862913710410864_3202323870686117888_n-scaled.jpg\",\"contentUrl\":\"https:\/\/www.part-oldalak.hu\/wordpress\/wp-content\/uploads\/2022\/02\/93565214_2862913710410864_3202323870686117888_n-scaled.jpg\",\"width\":2560,\"height\":973},{\"@type\":\"BreadcrumbList\",\"@id\":\"http:\/\/www.part-oldalak.hu\/wordpress\/2022\/02\/16\/megvan-kik-kapjak-a-varosi-kitunteteseket-2022-ben\/#breadcrumb\",\"itemListElement\":[{\"@type\":\"ListItem\",\"position\":1,\"name\":\"Kezd\u0151lap\",\"item\":\"https:\/\/www.part-oldalak.hu\/wordpress\/\"},{\"@type\":\"ListItem\",\"position\":2,\"name\":\"Megvan, kik kapj\u00e1k a v\u00e1rosi kit\u00fcntet\u00e9seket 2022-ben\"}]},{\"@type\":\"WebSite\",\"@id\":\"https:\/\/www.part-oldalak.hu\/wordpress\/#website\",\"url\":\"https:\/\/www.part-oldalak.hu\/wordpress\/\",\"name\":\"Part-Oldalak Kultur\u00e1lis Egylet\",\"description\":\"\",\"potentialAction\":[{\"@type\":\"SearchAction\",\"target\":{\"@type\":\"EntryPoint\",\"urlTemplate\":\"https:\/\/www.part-oldalak.hu\/wordpress\/?s={search_term_string}\"},\"query-input\":{\"@type\":\"PropertyValueSpecification\",\"valueRequired\":true,\"valueName\":\"search_term_string\"}}],\"inLanguage\":\"hu\"},{\"@type\":\"Person\",\"@id\":\"https:\/\/www.part-oldalak.hu\/wordpress\/#\/schema\/person\/3f2664d99a7e735a4164d4f0b609ac76\",\"name\":\"Baksay Erika\",\"image\":{\"@type\":\"ImageObject\",\"inLanguage\":\"hu\",\"@id\":\"https:\/\/www.part-oldalak.hu\/wordpress\/#\/schema\/person\/image\/\",\"url\":\"https:\/\/secure.gravatar.com\/avatar\/dfbbfd48c4440e9e3bdcc2190e290859?s=96&d=mm&r=g\",\"contentUrl\":\"https:\/\/secure.gravatar.com\/avatar\/dfbbfd48c4440e9e3bdcc2190e290859?s=96&d=mm&r=g\",\"caption\":\"Baksay Erika\"},\"url\":\"https:\/\/www.part-oldalak.hu\/wordpress\/author\/baksay-e\/\"}]}<\/script>\n<!-- \/ Yoast SEO plugin. -->","yoast_head_json":{"title":"Megvan, kik kapj\u00e1k a v\u00e1rosi kit\u00fcntet\u00e9seket 2022-ben - Part-Oldalak Kultur\u00e1lis Egylet","description":"Dunaf\u00f6ldv\u00e1r \u00d6nkorm\u00e1nyzata K\u00e9pvisel\u0151-test\u00fclete kit\u00fcntet\u00e9seir\u0151l elismer\u0151 c\u00edmeir\u0151l hat\u00e1rozott. Sz\u00f3l jelk\u00e9peir\u0151l, kit\u00fcntet\u00e9seir\u0151l.","robots":{"index":"index","follow":"follow","max-snippet":"max-snippet:-1","max-image-preview":"max-image-preview:large","max-video-preview":"max-video-preview:-1"},"canonical":"http:\/\/www.part-oldalak.hu\/wordpress\/2022\/02\/16\/megvan-kik-kapjak-a-varosi-kitunteteseket-2022-ben\/","og_locale":"hu_HU","og_type":"article","og_title":"Megvan, kik kapj\u00e1k a v\u00e1rosi kit\u00fcntet\u00e9seket 2022-ben - Part-Oldalak Kultur\u00e1lis Egylet","og_description":"Dunaf\u00f6ldv\u00e1r \u00d6nkorm\u00e1nyzata K\u00e9pvisel\u0151-test\u00fclete kit\u00fcntet\u00e9seir\u0151l elismer\u0151 c\u00edmeir\u0151l hat\u00e1rozott. Sz\u00f3l jelk\u00e9peir\u0151l, kit\u00fcntet\u00e9seir\u0151l.","og_url":"http:\/\/www.part-oldalak.hu\/wordpress\/2022\/02\/16\/megvan-kik-kapjak-a-varosi-kitunteteseket-2022-ben\/","og_site_name":"Part-Oldalak Kultur\u00e1lis Egylet","article_published_time":"2022-02-16T17:00:00+00:00","article_modified_time":"2022-02-23T19:01:48+00:00","og_image":[{"width":2560,"height":973,"url":"http:\/\/www.part-oldalak.hu\/wordpress\/wp-content\/uploads\/2022\/02\/93565214_2862913710410864_3202323870686117888_n-scaled.jpg","type":"image\/jpeg"}],"author":"Baksay Erika","twitter_card":"summary_large_image","twitter_misc":{"Szerz\u0151:":"Baksay Erika","Becs\u00fclt olvas\u00e1si id\u0151":"3 perc"},"schema":{"@context":"https:\/\/schema.org","@graph":[{"@type":"WebPage","@id":"http:\/\/www.part-oldalak.hu\/wordpress\/2022\/02\/16\/megvan-kik-kapjak-a-varosi-kitunteteseket-2022-ben\/","url":"http:\/\/www.part-oldalak.hu\/wordpress\/2022\/02\/16\/megvan-kik-kapjak-a-varosi-kitunteteseket-2022-ben\/","name":"Megvan, kik kapj\u00e1k a v\u00e1rosi kit\u00fcntet\u00e9seket 2022-ben - Part-Oldalak Kultur\u00e1lis Egylet","isPartOf":{"@id":"https:\/\/www.part-oldalak.hu\/wordpress\/#website"},"primaryImageOfPage":{"@id":"http:\/\/www.part-oldalak.hu\/wordpress\/2022\/02\/16\/megvan-kik-kapjak-a-varosi-kitunteteseket-2022-ben\/#primaryimage"},"image":{"@id":"http:\/\/www.part-oldalak.hu\/wordpress\/2022\/02\/16\/megvan-kik-kapjak-a-varosi-kitunteteseket-2022-ben\/#primaryimage"},"thumbnailUrl":"https:\/\/www.part-oldalak.hu\/wordpress\/wp-content\/uploads\/2022\/02\/93565214_2862913710410864_3202323870686117888_n-scaled.jpg","datePublished":"2022-02-16T17:00:00+00:00","dateModified":"2022-02-23T19:01:48+00:00","author":{"@id":"https:\/\/www.part-oldalak.hu\/wordpress\/#\/schema\/person\/3f2664d99a7e735a4164d4f0b609ac76"},"description":"Dunaf\u00f6ldv\u00e1r \u00d6nkorm\u00e1nyzata K\u00e9pvisel\u0151-test\u00fclete kit\u00fcntet\u00e9seir\u0151l elismer\u0151 c\u00edmeir\u0151l hat\u00e1rozott. Sz\u00f3l jelk\u00e9peir\u0151l, kit\u00fcntet\u00e9seir\u0151l.","breadcrumb":{"@id":"http:\/\/www.part-oldalak.hu\/wordpress\/2022\/02\/16\/megvan-kik-kapjak-a-varosi-kitunteteseket-2022-ben\/#breadcrumb"},"inLanguage":"hu","potentialAction":[{"@type":"ReadAction","target":["http:\/\/www.part-oldalak.hu\/wordpress\/2022\/02\/16\/megvan-kik-kapjak-a-varosi-kitunteteseket-2022-ben\/"]}]},{"@type":"ImageObject","inLanguage":"hu","@id":"http:\/\/www.part-oldalak.hu\/wordpress\/2022\/02\/16\/megvan-kik-kapjak-a-varosi-kitunteteseket-2022-ben\/#primaryimage","url":"https:\/\/www.part-oldalak.hu\/wordpress\/wp-content\/uploads\/2022\/02\/93565214_2862913710410864_3202323870686117888_n-scaled.jpg","contentUrl":"https:\/\/www.part-oldalak.hu\/wordpress\/wp-content\/uploads\/2022\/02\/93565214_2862913710410864_3202323870686117888_n-scaled.jpg","width":2560,"height":973},{"@type":"BreadcrumbList","@id":"http:\/\/www.part-oldalak.hu\/wordpress\/2022\/02\/16\/megvan-kik-kapjak-a-varosi-kitunteteseket-2022-ben\/#breadcrumb","itemListElement":[{"@type":"ListItem","position":1,"name":"Kezd\u0151lap","item":"https:\/\/www.part-oldalak.hu\/wordpress\/"},{"@type":"ListItem","position":2,"name":"Megvan, kik kapj\u00e1k a v\u00e1rosi kit\u00fcntet\u00e9seket 2022-ben"}]},{"@type":"WebSite","@id":"https:\/\/www.part-oldalak.hu\/wordpress\/#website","url":"https:\/\/www.part-oldalak.hu\/wordpress\/","name":"Part-Oldalak Kultur\u00e1lis Egylet","description":"","potentialAction":[{"@type":"SearchAction","target":{"@type":"EntryPoint","urlTemplate":"https:\/\/www.part-oldalak.hu\/wordpress\/?s={search_term_string}"},"query-input":{"@type":"PropertyValueSpecification","valueRequired":true,"valueName":"search_term_string"}}],"inLanguage":"hu"},{"@type":"Person","@id":"https:\/\/www.part-oldalak.hu\/wordpress\/#\/schema\/person\/3f2664d99a7e735a4164d4f0b609ac76","name":"Baksay Erika","image":{"@type":"ImageObject","inLanguage":"hu","@id":"https:\/\/www.part-oldalak.hu\/wordpress\/#\/schema\/person\/image\/","url":"https:\/\/secure.gravatar.com\/avatar\/dfbbfd48c4440e9e3bdcc2190e290859?s=96&d=mm&r=g","contentUrl":"https:\/\/secure.gravatar.com\/avatar\/dfbbfd48c4440e9e3bdcc2190e290859?s=96&d=mm&r=g","caption":"Baksay Erika"},"url":"https:\/\/www.part-oldalak.hu\/wordpress\/author\/baksay-e\/"}]}},"_links":{"self":[{"href":"https:\/\/www.part-oldalak.hu\/wordpress\/wp-json\/wp\/v2\/posts\/720"}],"collection":[{"href":"https:\/\/www.part-oldalak.hu\/wordpress\/wp-json\/wp\/v2\/posts"}],"about":[{"href":"https:\/\/www.part-oldalak.hu\/wordpress\/wp-json\/wp\/v2\/types\/post"}],"author":[{"embeddable":true,"href":"https:\/\/www.part-oldalak.hu\/wordpress\/wp-json\/wp\/v2\/users\/4"}],"replies":[{"embeddable":true,"href":"https:\/\/www.part-oldalak.hu\/wordpress\/wp-json\/wp\/v2\/comments?post=720"}],"version-history":[{"count":6,"href":"https:\/\/www.part-oldalak.hu\/wordpress\/wp-json\/wp\/v2\/posts\/720\/revisions"}],"predecessor-version":[{"id":859,"href":"https:\/\/www.part-oldalak.hu\/wordpress\/wp-json\/wp\/v2\/posts\/720\/revisions\/859"}],"wp:featuredmedia":[{"embeddable":true,"href":"https:\/\/www.part-oldalak.hu\/wordpress\/wp-json\/wp\/v2\/media\/732"}],"wp:attachment":[{"href":"https:\/\/www.part-oldalak.hu\/wordpress\/wp-json\/wp\/v2\/media?parent=720"}],"wp:term":[{"taxonomy":"category","embeddable":true,"href":"https:\/\/www.part-oldalak.hu\/wordpress\/wp-json\/wp\/v2\/categories?post=720"},{"taxonomy":"post_tag","embeddable":true,"href":"https:\/\/www.part-oldalak.hu\/wordpress\/wp-json\/wp\/v2\/tags?post=720"}],"curies":[{"name":"wp","href":"https:\/\/api.w.org\/{rel}","templated":true}]}}