{"id":709,"date":"2022-02-17T18:02:00","date_gmt":"2022-02-17T17:02:00","guid":{"rendered":"http:\/\/www.part-oldalak.hu\/wordpress\/?p=709"},"modified":"2022-02-16T14:08:08","modified_gmt":"2022-02-16T13:08:08","slug":"koser-koser-ez-a-kaja","status":"publish","type":"post","link":"https:\/\/www.part-oldalak.hu\/wordpress\/2022\/02\/17\/koser-koser-ez-a-kaja\/","title":{"rendered":"K\u00f3ser?! K\u00f3ser ez a kaja!"},"content":{"rendered":"\n<p>Nem egy divat, nem is egy ir\u00e1nyzat, sokan hallottunk r\u00f3la, m\u00e9gse biztos, hogy mindannyian \u00e9rtj\u00fck, mir\u0151l is van sz\u00f3. <strong>L\u00e1szl\u00f3 Boldizs\u00e1rn\u00e9 \u00c1gi<\/strong> avatta be az \u00e9rdekl\u0151d\u0151ket a k\u00f3ser \u00e9tkez\u00e9s rejtelmeibe a kertbar\u00e1tok T\u00e9li est\u00e9k el\u0151ad\u00e1ssorozat\u00e1nak m\u00e1sodik alkalm\u00e1n.<\/p>\n\n\n\n<h2 class=\"wp-block-heading\" id=\"mi-is-az-a-koser\">Mi is az a k\u00f3ser?<\/h2>\n\n\n\n<p>Ahogyan azt az el\u0151ad\u00e1s c\u00edme is sugallta, az t\u00e9m\u00e1ja az \u00e9tkez\u00e9s volt, eg\u00e9szen pontosan a zsid\u00f3 \u00e9rkez\u00e9s. Ennek megfelel\u0151en<strong> \u201eMi az a k\u00f3ser? K\u00f3ser h\u00e1ztart\u00e1s a zsid\u00f3 csal\u00e1dokban. Ett\u00e9l m\u00e1r k\u00f3ser kaj\u00e1t?\u201d<\/strong> c\u00edmmel hirdett\u00e9k meg az esti programot. Az el\u0151ad\u00f3, L\u00e1szl\u00f3 Boldizs\u00e1rn\u00e9 nem ismeretlen vend\u00e9g Dunaf\u00f6ldv\u00e1ron, hiszen a sajtjai m\u00e1r j\u00f3 ideje megtal\u00e1lhat\u00f3ak a szombati piacokon. A kertbar\u00e1tokkal is megvan a kapcsolata, hiszen Terner Istv\u00e1nn\u00e9val k\u00f6z\u00f6sen j\u00e1rnak Duna\u00fajv\u00e1rosba a piacra is. Szereti a v\u00e1rosunkat, sokat is j\u00e1r ide.<\/p>\n\n\n\n<p>Ak\u00e1r \u00f3r\u00e1kat is k\u00e9pes lenne a k\u00f3ser \u00e9tkez\u00e9sr\u0151l besz\u00e9lgetni, ami nem v\u00e9letlen, igencsak sokr\u00e9t\u0171 a t\u00e9ma, amit a vall\u00e1sos rabbik is eg\u00e9sz \u00e9let\u00fckben boncolgatnak. A k\u00f6znyelvben a k\u00f3ser azt jelenti, hogy j\u00f3. A k\u00f3ser \u201eval\u00f3di\u201d jelent\u00e9se azonban alkalmas.<\/p>\n\n\n\n<p><strong>A zsid\u00f3 \u00e9tkez\u00e9sben a zs\u00edros \u00e9s a tejes \u00e9teleket k\u00fcl\u00f6n fogyasztj\u00e1k, k\u00fcl\u00f6n f\u0151zik \u00e9s k\u00fcl\u00f6n ed\u00e9nyekbe \u00e9s szekr\u00e9nyekbe is rakj\u00e1k<\/strong>. Tulajdonk\u00e9ppen a f\u0151z\u00e9s ugyanaz, csak a zs\u00edroshoz nem tesznek tejf\u00f6lt, a tejes \u00e9telekhez nem tesznek zs\u00edros h\u00fast \u00e9s nem eszik a diszn\u00f3h\u00fast (\u00e9s m\u00e9g egy csom\u00f3 m\u00e1st sem, jegyezte meg k\u00e9s\u0151bb az el\u0151ad\u00f3). <strong>\u00d6sszetett a k\u00e9rd\u00e9s, hogy a szab\u00e1lyaik szerint mit szabad \u00e9s mit nem<\/strong>, aki benne \u00e9l, aki k\u00f3ser h\u00e1ztart\u00e1st vezet, annak mindez term\u00e9szetes. Aki ebben n\u0151tt fel, tov\u00e1bb viszi a hagyom\u00e1nyokat, mint b\u00e1rmely m\u00e1s csal\u00e1dban.<\/p>\n\n\n\n<div class=\"wp-block-image\"><figure class=\"aligncenter size-large is-resized\"><img decoding=\"async\" data-src=\"https:\/\/www.part-oldalak.hu\/wordpress\/wp-content\/uploads\/2022\/02\/IMG_1708-768x1024.jpg\" alt=\"\" class=\"wp-image-711 lazyload\" width=\"425\" height=\"566\" data-srcset=\"https:\/\/www.part-oldalak.hu\/wordpress\/wp-content\/uploads\/2022\/02\/IMG_1708-768x1024.jpg 768w, https:\/\/www.part-oldalak.hu\/wordpress\/wp-content\/uploads\/2022\/02\/IMG_1708-225x300.jpg 225w, https:\/\/www.part-oldalak.hu\/wordpress\/wp-content\/uploads\/2022\/02\/IMG_1708-1152x1536.jpg 1152w, https:\/\/www.part-oldalak.hu\/wordpress\/wp-content\/uploads\/2022\/02\/IMG_1708-1536x2048.jpg 1536w, https:\/\/www.part-oldalak.hu\/wordpress\/wp-content\/uploads\/2022\/02\/IMG_1708-1024x1365.jpg 1024w, https:\/\/www.part-oldalak.hu\/wordpress\/wp-content\/uploads\/2022\/02\/IMG_1708-scaled.jpg 1920w\" data-sizes=\"(max-width: 425px) 100vw, 425px\" src=\"data:image\/svg+xml;base64,PHN2ZyB3aWR0aD0iMSIgaGVpZ2h0PSIxIiB4bWxucz0iaHR0cDovL3d3dy53My5vcmcvMjAwMC9zdmciPjwvc3ZnPg==\" style=\"--smush-placeholder-width: 425px; --smush-placeholder-aspect-ratio: 425\/566;\" \/><figcaption>L\u00e1szl\u00f3 Boldizs\u00e1rn\u00e9, \u00c1gi<\/figcaption><\/figure><\/div>\n\n\n\n<h2 class=\"wp-block-heading\" id=\"csaladi-kotelekek\">Csal\u00e1di k\u00f6tel\u00e9kek<\/h2>\n\n\n\n<p>\u00c1gi csal\u00e1dja nem vezetett k\u00f3ser h\u00e1ztart\u00e1st, ezeket az el\u0151ad\u00e1sokat a holokausztr\u00f3l, Izraelr\u0151l \u00e9s ak\u00e1r a k\u00f3ser \u00e9tkez\u00e9sr\u0151l a nagyapja tisztelet\u00e9re tartja \u00c1gi. <strong>\u0150t, vagyis Kr\u00e1mmer \u00c1rmint a m\u00e1sodik vil\u00e1gh\u00e1bor\u00faban \u00f6lt\u00e9k meg, mint munkaszolg\u00e1latost.<\/strong><\/p>\n\n\n\n<h2 class=\"wp-block-heading\" id=\"a-jelen\">A jelen<\/h2>\n\n\n\n<p>A holokauszt el\u0151ad\u00e1sokat nagy figyelemmel k\u00eds\u00e9rik a fiatalok is, akiknek eddig tartott el\u0151ad\u00e1st <strong>L\u00e1szl\u00f3 Boldizs\u00e1rn\u00e9<\/strong>. Nagyon \u00e9rdekli \u0151ket a t\u00e9ma, nyitottak. 20 \u00e9vig j\u00e1rt iskol\u00e1kba, soha egyetlen rossz eml\u00e9ke nem volt ezzel kapcsolatban. A <strong>k\u00f3ser \u00e9tkez\u00e9st pedig term\u00e9szetes, hogy kev\u00e9sb\u00e9 ismerik vid\u00e9ken<\/strong>, Budapesten tal\u00e1n ink\u00e1bb, ez\u00e9rt is szeretn\u00e9 ismereteit \u00e1tadni a sz\u00e1mukra is.<\/p>\n\n\n\n<blockquote class=\"wp-block-quote is-style-large is-layout-flow wp-block-quote-is-layout-flow\"><p>A k\u00f3ser konyha nem egy \u201efelkapott\u201d \u00e9tkez\u00e9si szok\u00e1s, hanem a mindenhat\u00f3 \u00e1ltal adott vall\u00e1si t\u00f6rv\u00e9ny, amit be kell betartani.<\/p><\/blockquote>\n\n\n\n<h2 class=\"wp-block-heading\" id=\"meglepo-reszletek\">Meglep\u0151 r\u00e9szletek<\/h2>\n\n\n\n<p>El\u0151ad\u00e1s\u00e1ban <strong>sz\u00f3ba ker\u00fclt napjaink egyik felkapott itala, a Coca-Cola is, ami, mint kider\u00fclt, ma m\u00e1r k\u00f3ser<\/strong>. A f\u00e1ma \u00fagy sz\u00f3l, hogy sok-sok \u00e9vtizeddel ezel\u0151tt, 1935-ben egy \u00fariember bement, megk\u00e9rdezte, hogy mi az ital \u00f6sszet\u00e9tele. A receptet term\u00e9szetesen nem adt\u00e1k ki neki, azt mondt\u00e1k, 10 ezer \u00f6sszetev\u0151je van, \u00e9s, ha \u0151 azt \u00e1tn\u00e9zi \u00e9s megmondja, hogy mi az, ami nem odaval\u00f3, akkor k\u00f3serr\u00e1 lehet tenni. <strong>Ez a f\u00e9rfi azt\u00e1n tal\u00e1lt is benne egy \u00f6sszetev\u0151t, amit lecser\u00e9ltek n\u00f6v\u00e9nyi eredet\u0171re, s az\u00f3ta k\u00f3serk\u00e9nt tekinthet\u00fcnk erre a n\u00e9pszer\u0171 bubor\u00e9kos \u00fcd\u00edt\u0151re<\/strong>. A zsid\u00f3knak nem csak ebben volt nagy szerep\u00fck, m\u00e1r az ital megalkot\u00f3ja is zsid\u00f3 gy\u00f3gyszer\u00e9sz volt, aki azonban lemondott tal\u00e1lm\u00e1ny\u00e1r\u00f3l, amit term\u00e9szetesen eg\u00e9sz \u00e9let\u00e9ben b\u00e1nt.<\/p>\n","protected":false},"excerpt":{"rendered":"<p>L\u00e1szl\u00f3 Boldizs\u00e1rn\u00e9 \u00c1gi avatta be az \u00e9rdekl\u0151d\u0151ket a k\u00f3ser \u00e9tkez\u00e9s rejtelmeibe a kertbar\u00e1tok T\u00e9li est\u00e9k el\u0151ad\u00e1ssorozat\u00e1nak m\u00e1sodik alkalm\u00e1n.<\/p>\n","protected":false},"author":2,"featured_media":710,"comment_status":"open","ping_status":"open","sticky":false,"template":"","format":"standard","meta":{"_monsterinsights_skip_tracking":false,"_monsterinsights_sitenote_active":false,"_monsterinsights_sitenote_note":"","_monsterinsights_sitenote_category":0,"footnotes":""},"categories":[6,1],"tags":[4,17],"class_list":["post-709","post","type-post","status-publish","format-standard","has-post-thumbnail","hentry","category-kultura","category-mozaik","tag-kultura","tag-mozaik"],"aioseo_notices":[],"yoast_head":"<!-- This site is optimized with the Yoast SEO plugin v25.6 - https:\/\/yoast.com\/wordpress\/plugins\/seo\/ -->\n<title>K\u00f3ser?! K\u00f3ser ez a kaja! - Part-Oldalak Kultur\u00e1lis Egylet<\/title>\n<meta name=\"description\" content=\"Ebben a cikkben az el\u0151ad\u00f3 bemutatja k\u00f3ser konyha l\u00e9nyeg\u00e9t. Szok\u00e1sok, hagyom\u00e1nyok, szab\u00e1lyok \u00e9s k\u00f6t\u00f6tts\u00e9gek. A k\u00f3sers\u00e1g mindennapjainkban.\" \/>\n<meta name=\"robots\" content=\"index, follow, max-snippet:-1, max-image-preview:large, max-video-preview:-1\" \/>\n<link rel=\"canonical\" href=\"https:\/\/www.part-oldalak.hu\/wordpress\/2022\/02\/17\/koser-koser-ez-a-kaja\/\" \/>\n<meta property=\"og:locale\" content=\"hu_HU\" \/>\n<meta property=\"og:type\" content=\"article\" \/>\n<meta property=\"og:title\" content=\"K\u00f3ser?! K\u00f3ser ez a kaja! - Part-Oldalak Kultur\u00e1lis Egylet\" \/>\n<meta property=\"og:description\" content=\"Ebben a cikkben az el\u0151ad\u00f3 bemutatja k\u00f3ser konyha l\u00e9nyeg\u00e9t. Szok\u00e1sok, hagyom\u00e1nyok, szab\u00e1lyok \u00e9s k\u00f6t\u00f6tts\u00e9gek. A k\u00f3sers\u00e1g mindennapjainkban.\" \/>\n<meta property=\"og:url\" content=\"https:\/\/www.part-oldalak.hu\/wordpress\/2022\/02\/17\/koser-koser-ez-a-kaja\/\" \/>\n<meta property=\"og:site_name\" content=\"Part-Oldalak Kultur\u00e1lis Egylet\" \/>\n<meta property=\"article:published_time\" content=\"2022-02-17T17:02:00+00:00\" \/>\n<meta property=\"og:image\" content=\"https:\/\/www.part-oldalak.hu\/wordpress\/wp-content\/uploads\/2022\/02\/IMG_1697-scaled.jpg\" \/>\n\t<meta property=\"og:image:width\" content=\"2560\" \/>\n\t<meta property=\"og:image:height\" content=\"1920\" \/>\n\t<meta property=\"og:image:type\" content=\"image\/jpeg\" \/>\n<meta name=\"author\" content=\"Kelemen Dorottya\" \/>\n<meta name=\"twitter:card\" content=\"summary_large_image\" \/>\n<meta name=\"twitter:label1\" content=\"Szerz\u0151:\" \/>\n\t<meta name=\"twitter:data1\" content=\"Kelemen Dorottya\" \/>\n\t<meta name=\"twitter:label2\" content=\"Becs\u00fclt olvas\u00e1si id\u0151\" \/>\n\t<meta name=\"twitter:data2\" content=\"3 perc\" \/>\n<script type=\"application\/ld+json\" class=\"yoast-schema-graph\">{\"@context\":\"https:\/\/schema.org\",\"@graph\":[{\"@type\":\"WebPage\",\"@id\":\"https:\/\/www.part-oldalak.hu\/wordpress\/2022\/02\/17\/koser-koser-ez-a-kaja\/\",\"url\":\"https:\/\/www.part-oldalak.hu\/wordpress\/2022\/02\/17\/koser-koser-ez-a-kaja\/\",\"name\":\"K\u00f3ser?! K\u00f3ser ez a kaja! - Part-Oldalak Kultur\u00e1lis Egylet\",\"isPartOf\":{\"@id\":\"https:\/\/www.part-oldalak.hu\/wordpress\/#website\"},\"primaryImageOfPage\":{\"@id\":\"https:\/\/www.part-oldalak.hu\/wordpress\/2022\/02\/17\/koser-koser-ez-a-kaja\/#primaryimage\"},\"image\":{\"@id\":\"https:\/\/www.part-oldalak.hu\/wordpress\/2022\/02\/17\/koser-koser-ez-a-kaja\/#primaryimage\"},\"thumbnailUrl\":\"https:\/\/www.part-oldalak.hu\/wordpress\/wp-content\/uploads\/2022\/02\/IMG_1697-scaled.jpg\",\"datePublished\":\"2022-02-17T17:02:00+00:00\",\"author\":{\"@id\":\"https:\/\/www.part-oldalak.hu\/wordpress\/#\/schema\/person\/c884fbd77fcee1cb2ee4cdb02d55315f\"},\"description\":\"Ebben a cikkben az el\u0151ad\u00f3 bemutatja k\u00f3ser konyha l\u00e9nyeg\u00e9t. Szok\u00e1sok, hagyom\u00e1nyok, szab\u00e1lyok \u00e9s k\u00f6t\u00f6tts\u00e9gek. A k\u00f3sers\u00e1g mindennapjainkban.\",\"breadcrumb\":{\"@id\":\"https:\/\/www.part-oldalak.hu\/wordpress\/2022\/02\/17\/koser-koser-ez-a-kaja\/#breadcrumb\"},\"inLanguage\":\"hu\",\"potentialAction\":[{\"@type\":\"ReadAction\",\"target\":[\"https:\/\/www.part-oldalak.hu\/wordpress\/2022\/02\/17\/koser-koser-ez-a-kaja\/\"]}]},{\"@type\":\"ImageObject\",\"inLanguage\":\"hu\",\"@id\":\"https:\/\/www.part-oldalak.hu\/wordpress\/2022\/02\/17\/koser-koser-ez-a-kaja\/#primaryimage\",\"url\":\"https:\/\/www.part-oldalak.hu\/wordpress\/wp-content\/uploads\/2022\/02\/IMG_1697-scaled.jpg\",\"contentUrl\":\"https:\/\/www.part-oldalak.hu\/wordpress\/wp-content\/uploads\/2022\/02\/IMG_1697-scaled.jpg\",\"width\":2560,\"height\":1920,\"caption\":\"Tavalyi el\u0151ad\u00e1son k\u00e9sz\u00fclt k\u00e9p\"},{\"@type\":\"BreadcrumbList\",\"@id\":\"https:\/\/www.part-oldalak.hu\/wordpress\/2022\/02\/17\/koser-koser-ez-a-kaja\/#breadcrumb\",\"itemListElement\":[{\"@type\":\"ListItem\",\"position\":1,\"name\":\"Kezd\u0151lap\",\"item\":\"https:\/\/www.part-oldalak.hu\/wordpress\/\"},{\"@type\":\"ListItem\",\"position\":2,\"name\":\"K\u00f3ser?! K\u00f3ser ez a kaja!\"}]},{\"@type\":\"WebSite\",\"@id\":\"https:\/\/www.part-oldalak.hu\/wordpress\/#website\",\"url\":\"https:\/\/www.part-oldalak.hu\/wordpress\/\",\"name\":\"Part-Oldalak Kultur\u00e1lis Egylet\",\"description\":\"\",\"potentialAction\":[{\"@type\":\"SearchAction\",\"target\":{\"@type\":\"EntryPoint\",\"urlTemplate\":\"https:\/\/www.part-oldalak.hu\/wordpress\/?s={search_term_string}\"},\"query-input\":{\"@type\":\"PropertyValueSpecification\",\"valueRequired\":true,\"valueName\":\"search_term_string\"}}],\"inLanguage\":\"hu\"},{\"@type\":\"Person\",\"@id\":\"https:\/\/www.part-oldalak.hu\/wordpress\/#\/schema\/person\/c884fbd77fcee1cb2ee4cdb02d55315f\",\"name\":\"Kelemen Dorottya\",\"image\":{\"@type\":\"ImageObject\",\"inLanguage\":\"hu\",\"@id\":\"https:\/\/www.part-oldalak.hu\/wordpress\/#\/schema\/person\/image\/\",\"url\":\"https:\/\/secure.gravatar.com\/avatar\/9da28a4fe1cf6c75e5132163678f9461?s=96&d=mm&r=g\",\"contentUrl\":\"https:\/\/secure.gravatar.com\/avatar\/9da28a4fe1cf6c75e5132163678f9461?s=96&d=mm&r=g\",\"caption\":\"Kelemen Dorottya\"},\"url\":\"https:\/\/www.part-oldalak.hu\/wordpress\/author\/kelemen-dorottya\/\"}]}<\/script>\n<!-- \/ Yoast SEO plugin. -->","yoast_head_json":{"title":"K\u00f3ser?! K\u00f3ser ez a kaja! - Part-Oldalak Kultur\u00e1lis Egylet","description":"Ebben a cikkben az el\u0151ad\u00f3 bemutatja k\u00f3ser konyha l\u00e9nyeg\u00e9t. Szok\u00e1sok, hagyom\u00e1nyok, szab\u00e1lyok \u00e9s k\u00f6t\u00f6tts\u00e9gek. A k\u00f3sers\u00e1g mindennapjainkban.","robots":{"index":"index","follow":"follow","max-snippet":"max-snippet:-1","max-image-preview":"max-image-preview:large","max-video-preview":"max-video-preview:-1"},"canonical":"https:\/\/www.part-oldalak.hu\/wordpress\/2022\/02\/17\/koser-koser-ez-a-kaja\/","og_locale":"hu_HU","og_type":"article","og_title":"K\u00f3ser?! K\u00f3ser ez a kaja! - Part-Oldalak Kultur\u00e1lis Egylet","og_description":"Ebben a cikkben az el\u0151ad\u00f3 bemutatja k\u00f3ser konyha l\u00e9nyeg\u00e9t. Szok\u00e1sok, hagyom\u00e1nyok, szab\u00e1lyok \u00e9s k\u00f6t\u00f6tts\u00e9gek. A k\u00f3sers\u00e1g mindennapjainkban.","og_url":"https:\/\/www.part-oldalak.hu\/wordpress\/2022\/02\/17\/koser-koser-ez-a-kaja\/","og_site_name":"Part-Oldalak Kultur\u00e1lis Egylet","article_published_time":"2022-02-17T17:02:00+00:00","og_image":[{"width":2560,"height":1920,"url":"https:\/\/www.part-oldalak.hu\/wordpress\/wp-content\/uploads\/2022\/02\/IMG_1697-scaled.jpg","type":"image\/jpeg"}],"author":"Kelemen Dorottya","twitter_card":"summary_large_image","twitter_misc":{"Szerz\u0151:":"Kelemen Dorottya","Becs\u00fclt olvas\u00e1si id\u0151":"3 perc"},"schema":{"@context":"https:\/\/schema.org","@graph":[{"@type":"WebPage","@id":"https:\/\/www.part-oldalak.hu\/wordpress\/2022\/02\/17\/koser-koser-ez-a-kaja\/","url":"https:\/\/www.part-oldalak.hu\/wordpress\/2022\/02\/17\/koser-koser-ez-a-kaja\/","name":"K\u00f3ser?! K\u00f3ser ez a kaja! - Part-Oldalak Kultur\u00e1lis Egylet","isPartOf":{"@id":"https:\/\/www.part-oldalak.hu\/wordpress\/#website"},"primaryImageOfPage":{"@id":"https:\/\/www.part-oldalak.hu\/wordpress\/2022\/02\/17\/koser-koser-ez-a-kaja\/#primaryimage"},"image":{"@id":"https:\/\/www.part-oldalak.hu\/wordpress\/2022\/02\/17\/koser-koser-ez-a-kaja\/#primaryimage"},"thumbnailUrl":"https:\/\/www.part-oldalak.hu\/wordpress\/wp-content\/uploads\/2022\/02\/IMG_1697-scaled.jpg","datePublished":"2022-02-17T17:02:00+00:00","author":{"@id":"https:\/\/www.part-oldalak.hu\/wordpress\/#\/schema\/person\/c884fbd77fcee1cb2ee4cdb02d55315f"},"description":"Ebben a cikkben az el\u0151ad\u00f3 bemutatja k\u00f3ser konyha l\u00e9nyeg\u00e9t. Szok\u00e1sok, hagyom\u00e1nyok, szab\u00e1lyok \u00e9s k\u00f6t\u00f6tts\u00e9gek. A k\u00f3sers\u00e1g mindennapjainkban.","breadcrumb":{"@id":"https:\/\/www.part-oldalak.hu\/wordpress\/2022\/02\/17\/koser-koser-ez-a-kaja\/#breadcrumb"},"inLanguage":"hu","potentialAction":[{"@type":"ReadAction","target":["https:\/\/www.part-oldalak.hu\/wordpress\/2022\/02\/17\/koser-koser-ez-a-kaja\/"]}]},{"@type":"ImageObject","inLanguage":"hu","@id":"https:\/\/www.part-oldalak.hu\/wordpress\/2022\/02\/17\/koser-koser-ez-a-kaja\/#primaryimage","url":"https:\/\/www.part-oldalak.hu\/wordpress\/wp-content\/uploads\/2022\/02\/IMG_1697-scaled.jpg","contentUrl":"https:\/\/www.part-oldalak.hu\/wordpress\/wp-content\/uploads\/2022\/02\/IMG_1697-scaled.jpg","width":2560,"height":1920,"caption":"Tavalyi el\u0151ad\u00e1son k\u00e9sz\u00fclt k\u00e9p"},{"@type":"BreadcrumbList","@id":"https:\/\/www.part-oldalak.hu\/wordpress\/2022\/02\/17\/koser-koser-ez-a-kaja\/#breadcrumb","itemListElement":[{"@type":"ListItem","position":1,"name":"Kezd\u0151lap","item":"https:\/\/www.part-oldalak.hu\/wordpress\/"},{"@type":"ListItem","position":2,"name":"K\u00f3ser?! K\u00f3ser ez a kaja!"}]},{"@type":"WebSite","@id":"https:\/\/www.part-oldalak.hu\/wordpress\/#website","url":"https:\/\/www.part-oldalak.hu\/wordpress\/","name":"Part-Oldalak Kultur\u00e1lis Egylet","description":"","potentialAction":[{"@type":"SearchAction","target":{"@type":"EntryPoint","urlTemplate":"https:\/\/www.part-oldalak.hu\/wordpress\/?s={search_term_string}"},"query-input":{"@type":"PropertyValueSpecification","valueRequired":true,"valueName":"search_term_string"}}],"inLanguage":"hu"},{"@type":"Person","@id":"https:\/\/www.part-oldalak.hu\/wordpress\/#\/schema\/person\/c884fbd77fcee1cb2ee4cdb02d55315f","name":"Kelemen Dorottya","image":{"@type":"ImageObject","inLanguage":"hu","@id":"https:\/\/www.part-oldalak.hu\/wordpress\/#\/schema\/person\/image\/","url":"https:\/\/secure.gravatar.com\/avatar\/9da28a4fe1cf6c75e5132163678f9461?s=96&d=mm&r=g","contentUrl":"https:\/\/secure.gravatar.com\/avatar\/9da28a4fe1cf6c75e5132163678f9461?s=96&d=mm&r=g","caption":"Kelemen Dorottya"},"url":"https:\/\/www.part-oldalak.hu\/wordpress\/author\/kelemen-dorottya\/"}]}},"_links":{"self":[{"href":"https:\/\/www.part-oldalak.hu\/wordpress\/wp-json\/wp\/v2\/posts\/709"}],"collection":[{"href":"https:\/\/www.part-oldalak.hu\/wordpress\/wp-json\/wp\/v2\/posts"}],"about":[{"href":"https:\/\/www.part-oldalak.hu\/wordpress\/wp-json\/wp\/v2\/types\/post"}],"author":[{"embeddable":true,"href":"https:\/\/www.part-oldalak.hu\/wordpress\/wp-json\/wp\/v2\/users\/2"}],"replies":[{"embeddable":true,"href":"https:\/\/www.part-oldalak.hu\/wordpress\/wp-json\/wp\/v2\/comments?post=709"}],"version-history":[{"count":4,"href":"https:\/\/www.part-oldalak.hu\/wordpress\/wp-json\/wp\/v2\/posts\/709\/revisions"}],"predecessor-version":[{"id":740,"href":"https:\/\/www.part-oldalak.hu\/wordpress\/wp-json\/wp\/v2\/posts\/709\/revisions\/740"}],"wp:featuredmedia":[{"embeddable":true,"href":"https:\/\/www.part-oldalak.hu\/wordpress\/wp-json\/wp\/v2\/media\/710"}],"wp:attachment":[{"href":"https:\/\/www.part-oldalak.hu\/wordpress\/wp-json\/wp\/v2\/media?parent=709"}],"wp:term":[{"taxonomy":"category","embeddable":true,"href":"https:\/\/www.part-oldalak.hu\/wordpress\/wp-json\/wp\/v2\/categories?post=709"},{"taxonomy":"post_tag","embeddable":true,"href":"https:\/\/www.part-oldalak.hu\/wordpress\/wp-json\/wp\/v2\/tags?post=709"}],"curies":[{"name":"wp","href":"https:\/\/api.w.org\/{rel}","templated":true}]}}