{"id":6874,"date":"2023-06-17T17:08:14","date_gmt":"2023-06-17T16:08:14","guid":{"rendered":"https:\/\/www.part-oldalak.hu\/wordpress\/?p=6874"},"modified":"2023-06-17T17:08:14","modified_gmt":"2023-06-17T16:08:14","slug":"vizi-tagozattal-bovult-a-polgarorseg","status":"publish","type":"post","link":"https:\/\/www.part-oldalak.hu\/wordpress\/2023\/06\/17\/vizi-tagozattal-bovult-a-polgarorseg\/","title":{"rendered":"V\u00edzi tagozattal b\u0151v\u00fclt a polg\u00e1r\u0151rs\u00e9g"},"content":{"rendered":"\n<p>Nagy bejelent\u00e9st tett a Poszeid\u00f3n V\u00edzi Term\u00e9szet \u00e9s K\u00f6rnyezetv\u00e9d\u0151k Egyes\u00fclete a p\u00fcnk\u00f6sdi hossz\u00fa h\u00e9tv\u00e9g\u00e9n. <\/p>\n\n\n\n<h2 class=\"wp-block-heading\">P\u00fcnk\u00f6sdi napokat szerveztek<\/h2>\n\n\n\n<p>Ahov\u00e1 az orsz\u00e1g minden r\u00e9sz\u00e9r\u0151l v\u00e1rt\u00e1k a fiatalokat a dunaf\u00f6ldv\u00e1ri v\u00edzit\u00far\u00e1sok. Az \u00e9vek folyam\u00e1n t\u00f6bb egyes\u00fclettel is tal\u00e1lkoztak a v\u00edzit\u00far\u00e1s programokon, k\u00f6z\u00fcl\u00fck sokan elj\u00f6ttek most hozz\u00e1juk, \u0151ket l\u00e1tt\u00e1k vend\u00e9g\u00fcl a h\u00e1romnapos h\u00e9tv\u00e9ge sor\u00e1n. <\/p>\n\n\n\n<figure class=\"wp-block-image aligncenter size-full\"><img decoding=\"async\" data-src=\"https:\/\/www.part-oldalak.hu\/wordpress\/wp-content\/uploads\/2023\/06\/20230528_103235.jpg\" alt=\"\" class=\"wp-image-6880 lazyload\" src=\"data:image\/svg+xml;base64,PHN2ZyB3aWR0aD0iMSIgaGVpZ2h0PSIxIiB4bWxucz0iaHR0cDovL3d3dy53My5vcmcvMjAwMC9zdmciPjwvc3ZnPg==\" style=\"--smush-placeholder-width: 4032px; --smush-placeholder-aspect-ratio: 4032\/2268;\" \/><\/figure>\n\n\n\n<p>A program egyik legfontosabb pontja <strong>annak a hatos t\u00farakenunak az avat\u00e1sa volt<\/strong>, ami tavaly sajnos elmaradt. Id\u00e9n azonban m\u00e1r nem egy, hanem egyenesen <strong>kett\u0151 kenut avathattak<\/strong> a vas\u00e1rnap d\u00e9lel\u0151tti cerem\u00f3nia sor\u00e1n. Az els\u0151t a <strong>Dunaf\u00f6ldv\u00e1ri Polg\u00e1r\u0151r Sz\u00f6vets\u00e9g<\/strong> j\u00f3volt\u00e1b\u00f3l tudt\u00e1k megcsin\u00e1ltatni, m\u00edg a m\u00e1sikat <strong>Sz\u00e9les J\u00e1nos mag\u00e1nszem\u00e9ly felaj\u00e1nl\u00e1s\u00e1b\u00f3l k\u00e9sz\u00edttett\u00e9k el.<\/strong><\/p>\n\n\n\n<h2 class=\"wp-block-heading\">Nagy bejelent\u00e9ssel \u00e9ltek <\/h2>\n\n\n\n<p>A haj\u00f3avat\u00e1s keretei k\u00f6z\u00f6tt jelentett\u00e9k be, hogy <strong>\u00e1prilis elsej\u00e9vel megalakult a Dunaf\u00f6ldv\u00e1ri Polg\u00e1r\u0151rs\u00e9g v\u00edzi tagozata<\/strong>. \u00c9vek \u00f3ta, tulajdonk\u00e9ppen az\u00f3ta, hogy az egyes\u00fclet l\u00e9trej\u00f6tt, folyamatos seg\u00edts\u00e9get kaptak a poszeid\u00f3nosok a polg\u00e1r\u0151rs\u00e9g tagjait\u00f3l.<\/p>\n\n\n\n<figure class=\"wp-block-image aligncenter size-full\"><img decoding=\"async\" data-src=\"https:\/\/www.part-oldalak.hu\/wordpress\/wp-content\/uploads\/2023\/06\/20230528_111917.jpg\" alt=\"\" class=\"wp-image-6881 lazyload\" src=\"data:image\/svg+xml;base64,PHN2ZyB3aWR0aD0iMSIgaGVpZ2h0PSIxIiB4bWxucz0iaHR0cDovL3d3dy53My5vcmcvMjAwMC9zdmciPjwvc3ZnPg==\" style=\"--smush-placeholder-width: 4032px; --smush-placeholder-aspect-ratio: 4032\/2268;\" \/><\/figure>\n\n\n\n<p>Az \u00f6tlet \u00fagy j\u00f6tt, hogy a polg\u00e1r\u0151rs\u00e9gnek a tavalyi \u00e9v folyam\u00e1n kellett egy kis seg\u00edts\u00e9g, <strong>a cs\u00f3nakjuk t\u00e1rol\u00e1s\u00e1ra kerestek helyet, amit a Poszeid\u00f3n \u00f6r\u00f6mmel v\u00e1llalt<\/strong>. A telephelyen tal\u00e1lkoztak a j\u00e1rm\u0171vel a Poszeid\u00f3n tagjai, k\u00f6zt\u00fck a fiatalok is, \u00e9s r\u00f6gt\u00f6n megl\u00e1tt\u00e1k benne a lehet\u0151s\u00e9get, szerett\u00e9k volna fel\u00faj\u00edtani. A polg\u00e1r\u0151r\u00f6k nagyon \u00f6r\u00fcltek a kezdem\u00e9nyez\u00e9snek, \u00edgy kezd\u0151d\u00f6tt meg a v\u00edzi tagozat \u00fajj\u00e1\u00e9leszt\u00e9se. <\/p>\n\n\n\n<figure class=\"wp-block-image aligncenter size-large\"><img decoding=\"async\" width=\"1024\" height=\"576\" data-src=\"https:\/\/www.part-oldalak.hu\/wordpress\/wp-content\/uploads\/2023\/06\/20230528_103217-1024x576.jpg\" alt=\"\" class=\"wp-image-6878 lazyload\" data-srcset=\"https:\/\/www.part-oldalak.hu\/wordpress\/wp-content\/uploads\/2023\/06\/20230528_103217-1024x576.jpg 1024w, https:\/\/www.part-oldalak.hu\/wordpress\/wp-content\/uploads\/2023\/06\/20230528_103217-300x169.jpg 300w, https:\/\/www.part-oldalak.hu\/wordpress\/wp-content\/uploads\/2023\/06\/20230528_103217-768x432.jpg 768w, https:\/\/www.part-oldalak.hu\/wordpress\/wp-content\/uploads\/2023\/06\/20230528_103217-1536x864.jpg 1536w, https:\/\/www.part-oldalak.hu\/wordpress\/wp-content\/uploads\/2023\/06\/20230528_103217-2048x1152.jpg 2048w\" data-sizes=\"(max-width: 1024px) 100vw, 1024px\" src=\"data:image\/svg+xml;base64,PHN2ZyB3aWR0aD0iMSIgaGVpZ2h0PSIxIiB4bWxucz0iaHR0cDovL3d3dy53My5vcmcvMjAwMC9zdmciPjwvc3ZnPg==\" style=\"--smush-placeholder-width: 1024px; --smush-placeholder-aspect-ratio: 1024\/576;\" \/><\/figure>\n\n\n\n<blockquote class=\"wp-block-quote is-layout-flow wp-block-quote-is-layout-flow\">\n<p>Az ut\u00e1np\u00f3tl\u00e1ssal nem csak a v\u00edzit\u00far\u00e1sok, de a polg\u00e1r\u0151rs\u00e9g is sz\u00e1molhat a v\u00edzen, hiszen az ifik is sz\u00edvesen r\u00e9szt vesznek a munk\u00e1ban. <\/p>\n<\/blockquote>\n\n\n\n<h2 class=\"wp-block-heading\">Egyre er\u0151sebb a kapcsolat a Poszeid\u00f3n \u00e9s a polg\u00e1r\u0151rs\u00e9g k\u00f6z\u00f6tt<\/h2>\n\n\n\n<p>P\u00e9lda\u00e9rt\u00e9k\u0171 <strong>egy\u00fcttm\u0171k\u00f6d\u00e9s <\/strong>m\u00f6g\u00e9 \u00e1lltak be a polg\u00e1r\u0151r\u00f6k, hiszen \u00e9rzik, hogy <strong>a v\u00edzi \u00e9let nagyon fontos r\u00e9sze a v\u00e1rosnak<\/strong> \u00e9s rem\u00e9lhet\u0151leg m\u00e9g nagyon sok\u00e1ig az is lesz. \u00dagy l\u00e1tj\u00e1k, hogy a j\u00f6v\u0151 ebben az egyes\u00fcletben \u00e9s annak fiatal tagjaiban van, hiszen <strong>az \u0151 hobbijuk a &#8222;munk\u00e1juk&#8221; is lehet.<\/strong> A polg\u00e1r\u0151r\u00f6knek van egy motorcs\u00f3nakjuk, \u00edgy,  amikor v\u00edzen vannak, ak\u00e1r szolg\u00e1latot is ell\u00e1thatn\u00e1nak, term\u00e9szetesen a megfelel\u0151 fel\u00fcgyelet mellett. <\/p>\n\n\n\n<figure class=\"wp-block-image aligncenter size-large\"><img decoding=\"async\" width=\"1024\" height=\"576\" data-src=\"https:\/\/www.part-oldalak.hu\/wordpress\/wp-content\/uploads\/2023\/06\/20230528_113246-1024x576.jpg\" alt=\"\" class=\"wp-image-6882 lazyload\" data-srcset=\"https:\/\/www.part-oldalak.hu\/wordpress\/wp-content\/uploads\/2023\/06\/20230528_113246-1024x576.jpg 1024w, https:\/\/www.part-oldalak.hu\/wordpress\/wp-content\/uploads\/2023\/06\/20230528_113246-300x169.jpg 300w, https:\/\/www.part-oldalak.hu\/wordpress\/wp-content\/uploads\/2023\/06\/20230528_113246-768x432.jpg 768w, https:\/\/www.part-oldalak.hu\/wordpress\/wp-content\/uploads\/2023\/06\/20230528_113246-1536x864.jpg 1536w, https:\/\/www.part-oldalak.hu\/wordpress\/wp-content\/uploads\/2023\/06\/20230528_113246-2048x1152.jpg 2048w\" data-sizes=\"(max-width: 1024px) 100vw, 1024px\" src=\"data:image\/svg+xml;base64,PHN2ZyB3aWR0aD0iMSIgaGVpZ2h0PSIxIiB4bWxucz0iaHR0cDovL3d3dy53My5vcmcvMjAwMC9zdmciPjwvc3ZnPg==\" style=\"--smush-placeholder-width: 1024px; --smush-placeholder-aspect-ratio: 1024\/576;\" \/><\/figure>\n\n\n\n<p>A p\u00fcnk\u00f6sdi napokon term\u00e9szetesen a<strong> polg\u00e1r\u0151rs\u00e9g is r\u00e9szt vett<\/strong>, ekkor egy felh\u00edv\u00e1ssal \u00e9ltek a fiatalok \u00e9s a sz\u00fcleik fel\u00e9, <strong>arra k\u00e9rt\u00e9k \u0151ket, hogy csatlakozzanak a polg\u00e1r\u0151rs\u00e9ghez<\/strong>. A legut\u00f3bbi \u00fcl\u00e9s\u00fck\u00f6n megjelent 8-10 poszeid\u00f3nos sz\u00fcl\u0151 \u00e9s ifi is, akik al\u00e1\u00edrt\u00e1k a tagfelv\u00e9teli k\u00e9relm\u00fcket. <\/p>\n","protected":false},"excerpt":{"rendered":"<p>Nagy bejelent\u00e9st tett a Poszeid\u00f3n V\u00edzi Term\u00e9szet \u00e9s K\u00f6rnyezetv\u00e9d\u0151k Egyes\u00fclete a p\u00fcnk\u00f6sdi hossz\u00fa h\u00e9tv\u00e9g\u00e9n. <\/p>\n","protected":false},"author":2,"featured_media":6879,"comment_status":"open","ping_status":"open","sticky":false,"template":"","format":"standard","meta":{"_monsterinsights_skip_tracking":false,"_monsterinsights_sitenote_active":false,"_monsterinsights_sitenote_note":"","_monsterinsights_sitenote_category":0,"footnotes":""},"categories":[1,10],"tags":[17,22],"class_list":["post-6874","post","type-post","status-publish","format-standard","has-post-thumbnail","hentry","category-mozaik","category-sport","tag-mozaik","tag-sport"],"aioseo_notices":[],"yoast_head":"<!-- This site is optimized with the Yoast SEO plugin v25.6 - https:\/\/yoast.com\/wordpress\/plugins\/seo\/ -->\n<title>V\u00edzi tagozattal b\u0151v\u00fclt a polg\u00e1r\u0151rs\u00e9g - Part-Oldalak Kultur\u00e1lis Egylet<\/title>\n<meta name=\"robots\" content=\"index, follow, max-snippet:-1, max-image-preview:large, max-video-preview:-1\" \/>\n<link rel=\"canonical\" href=\"https:\/\/www.part-oldalak.hu\/wordpress\/2023\/06\/17\/vizi-tagozattal-bovult-a-polgarorseg\/\" \/>\n<meta property=\"og:locale\" content=\"hu_HU\" \/>\n<meta property=\"og:type\" content=\"article\" \/>\n<meta property=\"og:title\" content=\"V\u00edzi tagozattal b\u0151v\u00fclt a polg\u00e1r\u0151rs\u00e9g - Part-Oldalak Kultur\u00e1lis Egylet\" \/>\n<meta property=\"og:description\" content=\"Nagy bejelent\u00e9st tett a Poszeid\u00f3n V\u00edzi Term\u00e9szet \u00e9s K\u00f6rnyezetv\u00e9d\u0151k Egyes\u00fclete a p\u00fcnk\u00f6sdi hossz\u00fa h\u00e9tv\u00e9g\u00e9n.\" \/>\n<meta property=\"og:url\" content=\"https:\/\/www.part-oldalak.hu\/wordpress\/2023\/06\/17\/vizi-tagozattal-bovult-a-polgarorseg\/\" \/>\n<meta property=\"og:site_name\" content=\"Part-Oldalak Kultur\u00e1lis Egylet\" \/>\n<meta property=\"article:published_time\" content=\"2023-06-17T16:08:14+00:00\" \/>\n<meta property=\"og:image\" content=\"https:\/\/www.part-oldalak.hu\/wordpress\/wp-content\/uploads\/2023\/06\/20230527_145831-scaled.jpg\" \/>\n\t<meta property=\"og:image:width\" content=\"2560\" \/>\n\t<meta property=\"og:image:height\" content=\"1440\" \/>\n\t<meta property=\"og:image:type\" content=\"image\/jpeg\" \/>\n<meta name=\"author\" content=\"Kelemen Dorottya\" \/>\n<meta name=\"twitter:card\" content=\"summary_large_image\" \/>\n<meta name=\"twitter:label1\" content=\"Szerz\u0151:\" \/>\n\t<meta name=\"twitter:data1\" content=\"Kelemen Dorottya\" \/>\n\t<meta name=\"twitter:label2\" content=\"Becs\u00fclt olvas\u00e1si id\u0151\" \/>\n\t<meta name=\"twitter:data2\" content=\"3 perc\" \/>\n<script type=\"application\/ld+json\" class=\"yoast-schema-graph\">{\"@context\":\"https:\/\/schema.org\",\"@graph\":[{\"@type\":\"WebPage\",\"@id\":\"https:\/\/www.part-oldalak.hu\/wordpress\/2023\/06\/17\/vizi-tagozattal-bovult-a-polgarorseg\/\",\"url\":\"https:\/\/www.part-oldalak.hu\/wordpress\/2023\/06\/17\/vizi-tagozattal-bovult-a-polgarorseg\/\",\"name\":\"V\u00edzi tagozattal b\u0151v\u00fclt a polg\u00e1r\u0151rs\u00e9g - Part-Oldalak Kultur\u00e1lis Egylet\",\"isPartOf\":{\"@id\":\"https:\/\/www.part-oldalak.hu\/wordpress\/#website\"},\"primaryImageOfPage\":{\"@id\":\"https:\/\/www.part-oldalak.hu\/wordpress\/2023\/06\/17\/vizi-tagozattal-bovult-a-polgarorseg\/#primaryimage\"},\"image\":{\"@id\":\"https:\/\/www.part-oldalak.hu\/wordpress\/2023\/06\/17\/vizi-tagozattal-bovult-a-polgarorseg\/#primaryimage\"},\"thumbnailUrl\":\"https:\/\/www.part-oldalak.hu\/wordpress\/wp-content\/uploads\/2023\/06\/20230527_145831-scaled.jpg\",\"datePublished\":\"2023-06-17T16:08:14+00:00\",\"author\":{\"@id\":\"https:\/\/www.part-oldalak.hu\/wordpress\/#\/schema\/person\/c884fbd77fcee1cb2ee4cdb02d55315f\"},\"breadcrumb\":{\"@id\":\"https:\/\/www.part-oldalak.hu\/wordpress\/2023\/06\/17\/vizi-tagozattal-bovult-a-polgarorseg\/#breadcrumb\"},\"inLanguage\":\"hu\",\"potentialAction\":[{\"@type\":\"ReadAction\",\"target\":[\"https:\/\/www.part-oldalak.hu\/wordpress\/2023\/06\/17\/vizi-tagozattal-bovult-a-polgarorseg\/\"]}]},{\"@type\":\"ImageObject\",\"inLanguage\":\"hu\",\"@id\":\"https:\/\/www.part-oldalak.hu\/wordpress\/2023\/06\/17\/vizi-tagozattal-bovult-a-polgarorseg\/#primaryimage\",\"url\":\"https:\/\/www.part-oldalak.hu\/wordpress\/wp-content\/uploads\/2023\/06\/20230527_145831-scaled.jpg\",\"contentUrl\":\"https:\/\/www.part-oldalak.hu\/wordpress\/wp-content\/uploads\/2023\/06\/20230527_145831-scaled.jpg\",\"width\":2560,\"height\":1440},{\"@type\":\"BreadcrumbList\",\"@id\":\"https:\/\/www.part-oldalak.hu\/wordpress\/2023\/06\/17\/vizi-tagozattal-bovult-a-polgarorseg\/#breadcrumb\",\"itemListElement\":[{\"@type\":\"ListItem\",\"position\":1,\"name\":\"Kezd\u0151lap\",\"item\":\"https:\/\/www.part-oldalak.hu\/wordpress\/\"},{\"@type\":\"ListItem\",\"position\":2,\"name\":\"V\u00edzi tagozattal b\u0151v\u00fclt a polg\u00e1r\u0151rs\u00e9g\"}]},{\"@type\":\"WebSite\",\"@id\":\"https:\/\/www.part-oldalak.hu\/wordpress\/#website\",\"url\":\"https:\/\/www.part-oldalak.hu\/wordpress\/\",\"name\":\"Part-Oldalak Kultur\u00e1lis Egylet\",\"description\":\"\",\"potentialAction\":[{\"@type\":\"SearchAction\",\"target\":{\"@type\":\"EntryPoint\",\"urlTemplate\":\"https:\/\/www.part-oldalak.hu\/wordpress\/?s={search_term_string}\"},\"query-input\":{\"@type\":\"PropertyValueSpecification\",\"valueRequired\":true,\"valueName\":\"search_term_string\"}}],\"inLanguage\":\"hu\"},{\"@type\":\"Person\",\"@id\":\"https:\/\/www.part-oldalak.hu\/wordpress\/#\/schema\/person\/c884fbd77fcee1cb2ee4cdb02d55315f\",\"name\":\"Kelemen Dorottya\",\"image\":{\"@type\":\"ImageObject\",\"inLanguage\":\"hu\",\"@id\":\"https:\/\/www.part-oldalak.hu\/wordpress\/#\/schema\/person\/image\/\",\"url\":\"https:\/\/secure.gravatar.com\/avatar\/9da28a4fe1cf6c75e5132163678f9461?s=96&d=mm&r=g\",\"contentUrl\":\"https:\/\/secure.gravatar.com\/avatar\/9da28a4fe1cf6c75e5132163678f9461?s=96&d=mm&r=g\",\"caption\":\"Kelemen Dorottya\"},\"url\":\"https:\/\/www.part-oldalak.hu\/wordpress\/author\/kelemen-dorottya\/\"}]}<\/script>\n<!-- \/ Yoast SEO plugin. -->","yoast_head_json":{"title":"V\u00edzi tagozattal b\u0151v\u00fclt a polg\u00e1r\u0151rs\u00e9g - Part-Oldalak Kultur\u00e1lis Egylet","robots":{"index":"index","follow":"follow","max-snippet":"max-snippet:-1","max-image-preview":"max-image-preview:large","max-video-preview":"max-video-preview:-1"},"canonical":"https:\/\/www.part-oldalak.hu\/wordpress\/2023\/06\/17\/vizi-tagozattal-bovult-a-polgarorseg\/","og_locale":"hu_HU","og_type":"article","og_title":"V\u00edzi tagozattal b\u0151v\u00fclt a polg\u00e1r\u0151rs\u00e9g - Part-Oldalak Kultur\u00e1lis Egylet","og_description":"Nagy bejelent\u00e9st tett a Poszeid\u00f3n V\u00edzi Term\u00e9szet \u00e9s K\u00f6rnyezetv\u00e9d\u0151k Egyes\u00fclete a p\u00fcnk\u00f6sdi hossz\u00fa h\u00e9tv\u00e9g\u00e9n.","og_url":"https:\/\/www.part-oldalak.hu\/wordpress\/2023\/06\/17\/vizi-tagozattal-bovult-a-polgarorseg\/","og_site_name":"Part-Oldalak Kultur\u00e1lis Egylet","article_published_time":"2023-06-17T16:08:14+00:00","og_image":[{"width":2560,"height":1440,"url":"https:\/\/www.part-oldalak.hu\/wordpress\/wp-content\/uploads\/2023\/06\/20230527_145831-scaled.jpg","type":"image\/jpeg"}],"author":"Kelemen Dorottya","twitter_card":"summary_large_image","twitter_misc":{"Szerz\u0151:":"Kelemen Dorottya","Becs\u00fclt olvas\u00e1si id\u0151":"3 perc"},"schema":{"@context":"https:\/\/schema.org","@graph":[{"@type":"WebPage","@id":"https:\/\/www.part-oldalak.hu\/wordpress\/2023\/06\/17\/vizi-tagozattal-bovult-a-polgarorseg\/","url":"https:\/\/www.part-oldalak.hu\/wordpress\/2023\/06\/17\/vizi-tagozattal-bovult-a-polgarorseg\/","name":"V\u00edzi tagozattal b\u0151v\u00fclt a polg\u00e1r\u0151rs\u00e9g - Part-Oldalak Kultur\u00e1lis Egylet","isPartOf":{"@id":"https:\/\/www.part-oldalak.hu\/wordpress\/#website"},"primaryImageOfPage":{"@id":"https:\/\/www.part-oldalak.hu\/wordpress\/2023\/06\/17\/vizi-tagozattal-bovult-a-polgarorseg\/#primaryimage"},"image":{"@id":"https:\/\/www.part-oldalak.hu\/wordpress\/2023\/06\/17\/vizi-tagozattal-bovult-a-polgarorseg\/#primaryimage"},"thumbnailUrl":"https:\/\/www.part-oldalak.hu\/wordpress\/wp-content\/uploads\/2023\/06\/20230527_145831-scaled.jpg","datePublished":"2023-06-17T16:08:14+00:00","author":{"@id":"https:\/\/www.part-oldalak.hu\/wordpress\/#\/schema\/person\/c884fbd77fcee1cb2ee4cdb02d55315f"},"breadcrumb":{"@id":"https:\/\/www.part-oldalak.hu\/wordpress\/2023\/06\/17\/vizi-tagozattal-bovult-a-polgarorseg\/#breadcrumb"},"inLanguage":"hu","potentialAction":[{"@type":"ReadAction","target":["https:\/\/www.part-oldalak.hu\/wordpress\/2023\/06\/17\/vizi-tagozattal-bovult-a-polgarorseg\/"]}]},{"@type":"ImageObject","inLanguage":"hu","@id":"https:\/\/www.part-oldalak.hu\/wordpress\/2023\/06\/17\/vizi-tagozattal-bovult-a-polgarorseg\/#primaryimage","url":"https:\/\/www.part-oldalak.hu\/wordpress\/wp-content\/uploads\/2023\/06\/20230527_145831-scaled.jpg","contentUrl":"https:\/\/www.part-oldalak.hu\/wordpress\/wp-content\/uploads\/2023\/06\/20230527_145831-scaled.jpg","width":2560,"height":1440},{"@type":"BreadcrumbList","@id":"https:\/\/www.part-oldalak.hu\/wordpress\/2023\/06\/17\/vizi-tagozattal-bovult-a-polgarorseg\/#breadcrumb","itemListElement":[{"@type":"ListItem","position":1,"name":"Kezd\u0151lap","item":"https:\/\/www.part-oldalak.hu\/wordpress\/"},{"@type":"ListItem","position":2,"name":"V\u00edzi tagozattal b\u0151v\u00fclt a polg\u00e1r\u0151rs\u00e9g"}]},{"@type":"WebSite","@id":"https:\/\/www.part-oldalak.hu\/wordpress\/#website","url":"https:\/\/www.part-oldalak.hu\/wordpress\/","name":"Part-Oldalak Kultur\u00e1lis Egylet","description":"","potentialAction":[{"@type":"SearchAction","target":{"@type":"EntryPoint","urlTemplate":"https:\/\/www.part-oldalak.hu\/wordpress\/?s={search_term_string}"},"query-input":{"@type":"PropertyValueSpecification","valueRequired":true,"valueName":"search_term_string"}}],"inLanguage":"hu"},{"@type":"Person","@id":"https:\/\/www.part-oldalak.hu\/wordpress\/#\/schema\/person\/c884fbd77fcee1cb2ee4cdb02d55315f","name":"Kelemen Dorottya","image":{"@type":"ImageObject","inLanguage":"hu","@id":"https:\/\/www.part-oldalak.hu\/wordpress\/#\/schema\/person\/image\/","url":"https:\/\/secure.gravatar.com\/avatar\/9da28a4fe1cf6c75e5132163678f9461?s=96&d=mm&r=g","contentUrl":"https:\/\/secure.gravatar.com\/avatar\/9da28a4fe1cf6c75e5132163678f9461?s=96&d=mm&r=g","caption":"Kelemen Dorottya"},"url":"https:\/\/www.part-oldalak.hu\/wordpress\/author\/kelemen-dorottya\/"}]}},"_links":{"self":[{"href":"https:\/\/www.part-oldalak.hu\/wordpress\/wp-json\/wp\/v2\/posts\/6874"}],"collection":[{"href":"https:\/\/www.part-oldalak.hu\/wordpress\/wp-json\/wp\/v2\/posts"}],"about":[{"href":"https:\/\/www.part-oldalak.hu\/wordpress\/wp-json\/wp\/v2\/types\/post"}],"author":[{"embeddable":true,"href":"https:\/\/www.part-oldalak.hu\/wordpress\/wp-json\/wp\/v2\/users\/2"}],"replies":[{"embeddable":true,"href":"https:\/\/www.part-oldalak.hu\/wordpress\/wp-json\/wp\/v2\/comments?post=6874"}],"version-history":[{"count":8,"href":"https:\/\/www.part-oldalak.hu\/wordpress\/wp-json\/wp\/v2\/posts\/6874\/revisions"}],"predecessor-version":[{"id":6897,"href":"https:\/\/www.part-oldalak.hu\/wordpress\/wp-json\/wp\/v2\/posts\/6874\/revisions\/6897"}],"wp:featuredmedia":[{"embeddable":true,"href":"https:\/\/www.part-oldalak.hu\/wordpress\/wp-json\/wp\/v2\/media\/6879"}],"wp:attachment":[{"href":"https:\/\/www.part-oldalak.hu\/wordpress\/wp-json\/wp\/v2\/media?parent=6874"}],"wp:term":[{"taxonomy":"category","embeddable":true,"href":"https:\/\/www.part-oldalak.hu\/wordpress\/wp-json\/wp\/v2\/categories?post=6874"},{"taxonomy":"post_tag","embeddable":true,"href":"https:\/\/www.part-oldalak.hu\/wordpress\/wp-json\/wp\/v2\/tags?post=6874"}],"curies":[{"name":"wp","href":"https:\/\/api.w.org\/{rel}","templated":true}]}}