{"id":6852,"date":"2023-06-16T17:47:51","date_gmt":"2023-06-16T16:47:51","guid":{"rendered":"http:\/\/www.part-oldalak.hu\/wordpress\/?p=6852"},"modified":"2023-06-16T17:47:53","modified_gmt":"2023-06-16T16:47:53","slug":"megnyilt-a-levendulas-diakok-kiallitasa","status":"publish","type":"post","link":"https:\/\/www.part-oldalak.hu\/wordpress\/2023\/06\/16\/megnyilt-a-levendulas-diakok-kiallitasa\/","title":{"rendered":"Megny\u00edlt a levendul\u00e1s di\u00e1kok ki\u00e1ll\u00edt\u00e1sa"},"content":{"rendered":"\n<p>Id\u00e9n z\u00e1rta huszadik tan\u00e9v\u00e9t a Levendula Alapfok\u00fa M\u0171v\u00e9szeti Iskola &#8211; a jubileumi \u00e9v nem csak sok tanul\u00f3t hozott nekik, de egy nagyon sikeres id\u0151szakot is maguk m\u00f6g\u00f6tt tudhatnak.<\/p>\n\n\n\n<h2 class=\"wp-block-heading\">\u00cdgy telt az elm\u00falt esztend\u0151<\/h2>\n\n\n\n<p>A levedul\u00e1sok az idei tan\u00e9v v\u00e9g\u00e9n is <strong>ki\u00e1ll\u00edt\u00e1st rendeztek a Berze-Nagy Ilona V\u00e1rosi k\u00f6nyvt\u00e1rban<\/strong>. Az esem\u00e9ny egy\u00fattal aprop\u00f3t k\u00edn\u00e1lt arra, hogy megk\u00e9rj\u00fck <strong>Farkas-Huszka R\u00f3zs\u00e1t<\/strong>, az int\u00e9zm\u00e9ny igazgat\u00f3j\u00e1t, \u00e9rt\u00e9kelje a nemr\u00e9g lez\u00e1rt huszadik tan\u00e9v\u00fcket. Id\u00e9n 350 tanul\u00f3 mondhatta mag\u00e1t a m\u0171v\u00e9szeti iskola tanul\u00f3j\u00e1nak, ebbe term\u00e9szetesen bele tartoznak a k\u00f6rny\u00e9kbeli telep\u00fcl\u00e9sek tagint\u00e9zm\u00e9nyei: Dunaegyh\u00e1za, Apostag, Dunavecse, Tas is. Jelent\u0151sen megn\u0151tt a k\u00e9pz\u0151m\u0171v\u00e9szeti-, valamint a n\u00e9pt\u00e1nc tanszakra jelentkez\u0151k sz\u00e1ma, hozz\u00e1vet\u0151legesen <strong>30%-kal lettek t\u00f6bben az el\u0151z\u0151 \u00e9vhez k\u00e9pest.<\/strong><\/p>\n\n\n\n<figure class=\"wp-block-image aligncenter size-large\"><img decoding=\"async\" width=\"1024\" height=\"768\" data-src=\"https:\/\/www.part-oldalak.hu\/wordpress\/wp-content\/uploads\/2023\/06\/IMG_3808-1024x768.jpg\" alt=\"\" class=\"wp-image-6862 lazyload\" data-srcset=\"https:\/\/www.part-oldalak.hu\/wordpress\/wp-content\/uploads\/2023\/06\/IMG_3808-1024x768.jpg 1024w, https:\/\/www.part-oldalak.hu\/wordpress\/wp-content\/uploads\/2023\/06\/IMG_3808-300x225.jpg 300w, https:\/\/www.part-oldalak.hu\/wordpress\/wp-content\/uploads\/2023\/06\/IMG_3808-768x576.jpg 768w, https:\/\/www.part-oldalak.hu\/wordpress\/wp-content\/uploads\/2023\/06\/IMG_3808-1536x1152.jpg 1536w, https:\/\/www.part-oldalak.hu\/wordpress\/wp-content\/uploads\/2023\/06\/IMG_3808-2048x1536.jpg 2048w\" data-sizes=\"(max-width: 1024px) 100vw, 1024px\" src=\"data:image\/svg+xml;base64,PHN2ZyB3aWR0aD0iMSIgaGVpZ2h0PSIxIiB4bWxucz0iaHR0cDovL3d3dy53My5vcmcvMjAwMC9zdmciPjwvc3ZnPg==\" style=\"--smush-placeholder-width: 1024px; --smush-placeholder-aspect-ratio: 1024\/768;\" \/><\/figure>\n\n\n\n<blockquote class=\"wp-block-quote is-layout-flow wp-block-quote-is-layout-flow\">\n<p>R\u00f3zsa \u00fagy v\u00e9li, ez a kiv\u00e1l\u00f3 pedag\u00f3gusoknak k\u00f6sz\u00f6nhet\u0151.<\/p>\n<\/blockquote>\n\n\n\n<p>Igyekeztek a lehet\u0151 legt\u00f6bbet kihozni az \u00e9vb\u0151l, <strong>t\u00f6bb dunaf\u00f6ldv\u00e1ri rendezv\u00e9nyen is megjelentek<\/strong>. Csak, hogy n\u00e9h\u00e1nyat emelj\u00fcnk ki k\u00f6z\u00fcl\u00fck: a sz\u00fcreti fesztiv\u00e1lon g\u00e1l\u00e1t adtak a n\u00e9pt\u00e1ncosok, megjelentek az adventi forgatagban, ahol a k\u00e9zm\u0171vesked\u00e9shez biztos\u00edtott\u00e1k a lehet\u0151s\u00e9get kicsik \u00e9s nagyok sz\u00e1m\u00e1ra. H\u00fasv\u00e9tkor k\u00f6z\u00f6sen j\u00e1tsz\u00f3h\u00e1zat szerveztek a m\u0171vel\u0151d\u00e9si k\u00f6zponttal, de a maj\u00e1lison is ott voltak a n\u00e9pt\u00e1ncosokkal \u00e9s t\u00e1rsast\u00e1ncosokkal, m\u00e1jusban az <strong>\u00d6rd\u00f6gszek\u00e9r T\u00e1ncegyes\u00fclettel megtartott\u00e1k a IV. Antant\u00e9nusz Gyermekn\u00e9pt\u00e1nc Fesztiv\u00e1lt.<\/strong> J\u00fanius elej\u00e9n a <strong>V\u00e1rnapok <\/strong>k\u00f6zrem\u0171k\u00f6d\u0151i voltak: citer\u00e1val, n\u00e9pt\u00e1nccal \u00e9s k\u00e9zm\u0171ves sarokkal mutatkoztak be a rendezv\u00e9nyen. <\/p>\n\n\n\n<figure class=\"wp-block-image aligncenter size-large\"><img decoding=\"async\" width=\"1024\" height=\"768\" data-src=\"https:\/\/www.part-oldalak.hu\/wordpress\/wp-content\/uploads\/2023\/06\/IMG_3805-1024x768.jpg\" alt=\"\" class=\"wp-image-6859 lazyload\" data-srcset=\"https:\/\/www.part-oldalak.hu\/wordpress\/wp-content\/uploads\/2023\/06\/IMG_3805-1024x768.jpg 1024w, https:\/\/www.part-oldalak.hu\/wordpress\/wp-content\/uploads\/2023\/06\/IMG_3805-300x225.jpg 300w, https:\/\/www.part-oldalak.hu\/wordpress\/wp-content\/uploads\/2023\/06\/IMG_3805-768x576.jpg 768w, https:\/\/www.part-oldalak.hu\/wordpress\/wp-content\/uploads\/2023\/06\/IMG_3805-1536x1152.jpg 1536w, https:\/\/www.part-oldalak.hu\/wordpress\/wp-content\/uploads\/2023\/06\/IMG_3805-2048x1536.jpg 2048w\" data-sizes=\"(max-width: 1024px) 100vw, 1024px\" src=\"data:image\/svg+xml;base64,PHN2ZyB3aWR0aD0iMSIgaGVpZ2h0PSIxIiB4bWxucz0iaHR0cDovL3d3dy53My5vcmcvMjAwMC9zdmciPjwvc3ZnPg==\" style=\"--smush-placeholder-width: 1024px; --smush-placeholder-aspect-ratio: 1024\/768;\" \/><\/figure>\n\n\n\n<blockquote class=\"wp-block-quote is-layout-flow wp-block-quote-is-layout-flow\">\n<p>A ki\u00e1ll\u00edt\u00e1s megnyit\u00f3ja el\u0151tt egy h\u00e9ttel egy k\u00e9t\u00f3r\u00e1s g\u00e1la keretei k\u00f6z\u00f6tt l\u00e9ptek fel a n\u00e9pt\u00e1ncosok, a t\u00e1rsast\u00e1nc tagozatosok, de zen\u00e9ltek a citer\u00e1sok, s\u0151t a <strong>&#8222;Levendula 20 &#8211; Levendul\u00e1s vagyok!&#8221;<\/strong> n\u00e9vre hallgat\u00f3 saj\u00e1t rajzp\u00e1ly\u00e1zat\u00e1nak is ekkor hirdett\u00e9k ki a helyez\u00e9seit. <\/p>\n<\/blockquote>\n\n\n\n<p>A tan\u00e9v igazi z\u00e1r\u00e1sa a j\u00f6v\u0151 heti t\u00e1bor lesz majd, amikor ism\u00e9t t\u00f6bbf\u00e9le technik\u00e1val ismerkedhetnek meg a r\u00e9sztvev\u0151k. R\u00f3zsa b\u00edzik benne, hogy a 2023\/2024-es tan\u00e9vben is ilyen sok gyerek v\u00e1lasztja majd az int\u00e9zm\u00e9ny\u00fcket. <\/p>\n\n\n\n<h2 class=\"wp-block-heading\">Bemutatkoznak a k\u00e9pz\u0151m\u0171v\u00e9szeti tanszakosok <\/h2>\n\n\n\n<p>A t\u00f6bb\u00e9ves hagyom\u00e1nyra visszatekint\u0151 ki\u00e1ll\u00edt\u00e1son <strong>Mar\u00f3tin\u00e9 Szeleczky M\u00e1ria<\/strong>, valamint <strong>Szab\u00f3 \u00c1gnes <\/strong>tan\u00edtv\u00e1nyainak a m\u0171veit \u00e1ll\u00edtott\u00e1k ki. A Berze-Nagy Ilona V\u00e1rosi K\u00f6nyvt\u00e1r emeleti nagyterm\u00e9ben tekinthetj\u00fck meg a parav\u00e1nokon, a falakon \u00e9s a vitrinekben kihelyezett t\u00e1rgyakat. K\u00f6z\u00e9pen kaptak helyet a gyerekek grafik\u00e1i, oldalt pedig a t\u00f6bbnyire agyagb\u00f3l k\u00e9sz\u00fclt t\u00e1rgyak. <\/p>\n\n\n\n<figure class=\"wp-block-image aligncenter size-large\"><img decoding=\"async\" width=\"1024\" height=\"768\" data-src=\"https:\/\/www.part-oldalak.hu\/wordpress\/wp-content\/uploads\/2023\/06\/IMG_3806-1024x768.jpg\" alt=\"\" class=\"wp-image-6860 lazyload\" data-srcset=\"https:\/\/www.part-oldalak.hu\/wordpress\/wp-content\/uploads\/2023\/06\/IMG_3806-1024x768.jpg 1024w, https:\/\/www.part-oldalak.hu\/wordpress\/wp-content\/uploads\/2023\/06\/IMG_3806-300x225.jpg 300w, https:\/\/www.part-oldalak.hu\/wordpress\/wp-content\/uploads\/2023\/06\/IMG_3806-768x576.jpg 768w, https:\/\/www.part-oldalak.hu\/wordpress\/wp-content\/uploads\/2023\/06\/IMG_3806-1536x1152.jpg 1536w, https:\/\/www.part-oldalak.hu\/wordpress\/wp-content\/uploads\/2023\/06\/IMG_3806-2048x1536.jpg 2048w\" data-sizes=\"(max-width: 1024px) 100vw, 1024px\" src=\"data:image\/svg+xml;base64,PHN2ZyB3aWR0aD0iMSIgaGVpZ2h0PSIxIiB4bWxucz0iaHR0cDovL3d3dy53My5vcmcvMjAwMC9zdmciPjwvc3ZnPg==\" style=\"--smush-placeholder-width: 1024px; --smush-placeholder-aspect-ratio: 1024\/768;\" \/><\/figure>\n\n\n\n<p>A ki\u00e1ll\u00edt\u00e1s k\u00fcl\u00f6nlegess\u00e9ge, hogy nem csak az iskol\u00e1sok munk\u00e1i kaptak helyet, hanem a Levendula feln\u0151tt hallgat\u00f3i\u00e9 is.<\/p>\n\n\n\n<figure class=\"wp-block-image aligncenter size-full\"><img decoding=\"async\" width=\"2560\" height=\"1920\" data-src=\"https:\/\/www.part-oldalak.hu\/wordpress\/wp-content\/uploads\/2023\/06\/IMG_3810-scaled.jpg\" alt=\"\" class=\"wp-image-6863 lazyload\" data-srcset=\"https:\/\/www.part-oldalak.hu\/wordpress\/wp-content\/uploads\/2023\/06\/IMG_3810-scaled.jpg 2560w, https:\/\/www.part-oldalak.hu\/wordpress\/wp-content\/uploads\/2023\/06\/IMG_3810-300x225.jpg 300w\" data-sizes=\"(max-width: 2560px) 100vw, 2560px\" src=\"data:image\/svg+xml;base64,PHN2ZyB3aWR0aD0iMSIgaGVpZ2h0PSIxIiB4bWxucz0iaHR0cDovL3d3dy53My5vcmcvMjAwMC9zdmciPjwvc3ZnPg==\" style=\"--smush-placeholder-width: 2560px; --smush-placeholder-aspect-ratio: 2560\/1920;\" \/><\/figure>\n\n\n\n<p><strong>Mar\u00f3tin\u00e9 Szeleczky M\u00e1ria<\/strong> az\u00f3ta a Levendula AMI grafika tan\u00e1ra, hogy az int\u00e9zm\u00e9ny 20 \u00e9ve megalakult, hozz\u00e1 als\u00f3-, \u00e9s fels\u0151tagozatos gyerekek egyar\u00e1nt j\u00e1rnak. A ki\u00e1ll\u00edt\u00e1son a m\u00e1sodikost\u00f3l a hetedik oszt\u00e1lyosokig mutatkoztak be a tanul\u00f3k, az \u00e1ltaluk k\u00e9sz\u00edtett <strong>142 db k\u00e9pet mutatt\u00e1k be<\/strong>. <\/p>\n\n\n\n<figure class=\"wp-block-image aligncenter size-full\"><img decoding=\"async\" data-src=\"https:\/\/www.part-oldalak.hu\/wordpress\/wp-content\/uploads\/2023\/06\/IMG_3804.jpg\" alt=\"\" class=\"wp-image-6858 lazyload\" src=\"data:image\/svg+xml;base64,PHN2ZyB3aWR0aD0iMSIgaGVpZ2h0PSIxIiB4bWxucz0iaHR0cDovL3d3dy53My5vcmcvMjAwMC9zdmciPjwvc3ZnPg==\" style=\"--smush-placeholder-width: 4032px; --smush-placeholder-aspect-ratio: 4032\/3024;\" \/><\/figure>\n\n\n\n<p><strong>Szab\u00f3 \u00c1gnes<\/strong>, akit ink\u00e1bb csak Szaszak\u00e9nt ismer\u00fcnk, a k\u00e9zm\u0171ves tanszakon dolgozik, els\u0151sorban als\u00f3s gyerekekkel. <strong>\u00c9lm\u00e9nyk\u00f6zpont\u00faan alkotnak<\/strong>, a c\u00e9l, hogy a tanul\u00f3k min\u00e9l t\u00f6bb eszk\u00f6zzel, technik\u00e1val megismerkedjenek \u00e9s megtal\u00e1lj\u00e1k azt, ami a legk\u00f6zelebb \u00e1ll hozz\u00e1juk. Nagyon szeretnek a gyerekek nemezel\u00e9ssel foglalkozni, k\u00e9sz\u00edtettek fonal grafik\u00e1kat, de egy &#8222;hagyom\u00e1nyos&#8221; filccel is sz\u00edvesen alkotnak. <\/p>\n\n\n\n<figure class=\"wp-block-image aligncenter size-large\"><img decoding=\"async\" width=\"1024\" height=\"768\" data-src=\"https:\/\/www.part-oldalak.hu\/wordpress\/wp-content\/uploads\/2023\/06\/IMG_3800-1024x768.jpg\" alt=\"\" class=\"wp-image-6855 lazyload\" data-srcset=\"https:\/\/www.part-oldalak.hu\/wordpress\/wp-content\/uploads\/2023\/06\/IMG_3800-1024x768.jpg 1024w, https:\/\/www.part-oldalak.hu\/wordpress\/wp-content\/uploads\/2023\/06\/IMG_3800-300x225.jpg 300w, https:\/\/www.part-oldalak.hu\/wordpress\/wp-content\/uploads\/2023\/06\/IMG_3800-768x576.jpg 768w, https:\/\/www.part-oldalak.hu\/wordpress\/wp-content\/uploads\/2023\/06\/IMG_3800-1536x1152.jpg 1536w, https:\/\/www.part-oldalak.hu\/wordpress\/wp-content\/uploads\/2023\/06\/IMG_3800-2048x1536.jpg 2048w\" data-sizes=\"(max-width: 1024px) 100vw, 1024px\" src=\"data:image\/svg+xml;base64,PHN2ZyB3aWR0aD0iMSIgaGVpZ2h0PSIxIiB4bWxucz0iaHR0cDovL3d3dy53My5vcmcvMjAwMC9zdmciPjwvc3ZnPg==\" style=\"--smush-placeholder-width: 1024px; --smush-placeholder-aspect-ratio: 1024\/768;\" \/><\/figure>\n\n\n\n<p><\/p>\n","protected":false},"excerpt":{"rendered":"<p>Id\u00e9n z\u00e1rta huszadik tan\u00e9v\u00e9t a Levendula Alapfok\u00fa M\u0171v\u00e9szeti Iskola &#8211; a jubileumi \u00e9v nem csak sok tanul\u00f3t hozott nekik, de egy nagyon sikeres id\u0151szakot is maguk m\u00f6g\u00f6tt tudhatnak.<\/p>\n","protected":false},"author":2,"featured_media":6864,"comment_status":"open","ping_status":"open","sticky":false,"template":"","format":"standard","meta":{"_monsterinsights_skip_tracking":false,"_monsterinsights_sitenote_active":false,"_monsterinsights_sitenote_note":"","_monsterinsights_sitenote_category":0,"footnotes":""},"categories":[6,1],"tags":[4,17],"class_list":["post-6852","post","type-post","status-publish","format-standard","has-post-thumbnail","hentry","category-kultura","category-mozaik","tag-kultura","tag-mozaik"],"aioseo_notices":[],"yoast_head":"<!-- This site is optimized with the Yoast SEO plugin v25.6 - https:\/\/yoast.com\/wordpress\/plugins\/seo\/ -->\n<title>Megny\u00edlt a levendul\u00e1s di\u00e1kok ki\u00e1ll\u00edt\u00e1sa - Part-Oldalak Kultur\u00e1lis Egylet<\/title>\n<meta name=\"robots\" content=\"index, follow, max-snippet:-1, max-image-preview:large, max-video-preview:-1\" \/>\n<link rel=\"canonical\" href=\"https:\/\/www.part-oldalak.hu\/wordpress\/2023\/06\/16\/megnyilt-a-levendulas-diakok-kiallitasa\/\" \/>\n<meta property=\"og:locale\" content=\"hu_HU\" \/>\n<meta property=\"og:type\" content=\"article\" \/>\n<meta property=\"og:title\" content=\"Megny\u00edlt a levendul\u00e1s di\u00e1kok ki\u00e1ll\u00edt\u00e1sa - Part-Oldalak Kultur\u00e1lis Egylet\" \/>\n<meta property=\"og:description\" content=\"Id\u00e9n z\u00e1rta huszadik tan\u00e9v\u00e9t a Levendula Alapfok\u00fa M\u0171v\u00e9szeti Iskola - a jubileumi \u00e9v nem csak sok tanul\u00f3t hozott nekik, de egy nagyon sikeres id\u0151szakot is maguk m\u00f6g\u00f6tt tudhatnak.\" \/>\n<meta property=\"og:url\" content=\"https:\/\/www.part-oldalak.hu\/wordpress\/2023\/06\/16\/megnyilt-a-levendulas-diakok-kiallitasa\/\" \/>\n<meta property=\"og:site_name\" content=\"Part-Oldalak Kultur\u00e1lis Egylet\" \/>\n<meta property=\"article:published_time\" content=\"2023-06-16T16:47:51+00:00\" \/>\n<meta property=\"article:modified_time\" content=\"2023-06-16T16:47:53+00:00\" \/>\n<meta property=\"og:image\" content=\"https:\/\/www.part-oldalak.hu\/wordpress\/wp-content\/uploads\/2023\/06\/IMG_3811-scaled.jpg\" \/>\n\t<meta property=\"og:image:width\" content=\"2560\" \/>\n\t<meta property=\"og:image:height\" content=\"1920\" \/>\n\t<meta property=\"og:image:type\" content=\"image\/jpeg\" \/>\n<meta name=\"author\" content=\"Kelemen Dorottya\" \/>\n<meta name=\"twitter:card\" content=\"summary_large_image\" \/>\n<meta name=\"twitter:label1\" content=\"Szerz\u0151:\" \/>\n\t<meta name=\"twitter:data1\" content=\"Kelemen Dorottya\" \/>\n\t<meta name=\"twitter:label2\" content=\"Becs\u00fclt olvas\u00e1si id\u0151\" \/>\n\t<meta name=\"twitter:data2\" content=\"4 perc\" \/>\n<script type=\"application\/ld+json\" class=\"yoast-schema-graph\">{\"@context\":\"https:\/\/schema.org\",\"@graph\":[{\"@type\":\"WebPage\",\"@id\":\"https:\/\/www.part-oldalak.hu\/wordpress\/2023\/06\/16\/megnyilt-a-levendulas-diakok-kiallitasa\/\",\"url\":\"https:\/\/www.part-oldalak.hu\/wordpress\/2023\/06\/16\/megnyilt-a-levendulas-diakok-kiallitasa\/\",\"name\":\"Megny\u00edlt a levendul\u00e1s di\u00e1kok ki\u00e1ll\u00edt\u00e1sa - Part-Oldalak Kultur\u00e1lis Egylet\",\"isPartOf\":{\"@id\":\"https:\/\/www.part-oldalak.hu\/wordpress\/#website\"},\"primaryImageOfPage\":{\"@id\":\"https:\/\/www.part-oldalak.hu\/wordpress\/2023\/06\/16\/megnyilt-a-levendulas-diakok-kiallitasa\/#primaryimage\"},\"image\":{\"@id\":\"https:\/\/www.part-oldalak.hu\/wordpress\/2023\/06\/16\/megnyilt-a-levendulas-diakok-kiallitasa\/#primaryimage\"},\"thumbnailUrl\":\"https:\/\/www.part-oldalak.hu\/wordpress\/wp-content\/uploads\/2023\/06\/IMG_3811-scaled.jpg\",\"datePublished\":\"2023-06-16T16:47:51+00:00\",\"dateModified\":\"2023-06-16T16:47:53+00:00\",\"author\":{\"@id\":\"https:\/\/www.part-oldalak.hu\/wordpress\/#\/schema\/person\/c884fbd77fcee1cb2ee4cdb02d55315f\"},\"breadcrumb\":{\"@id\":\"https:\/\/www.part-oldalak.hu\/wordpress\/2023\/06\/16\/megnyilt-a-levendulas-diakok-kiallitasa\/#breadcrumb\"},\"inLanguage\":\"hu\",\"potentialAction\":[{\"@type\":\"ReadAction\",\"target\":[\"https:\/\/www.part-oldalak.hu\/wordpress\/2023\/06\/16\/megnyilt-a-levendulas-diakok-kiallitasa\/\"]}]},{\"@type\":\"ImageObject\",\"inLanguage\":\"hu\",\"@id\":\"https:\/\/www.part-oldalak.hu\/wordpress\/2023\/06\/16\/megnyilt-a-levendulas-diakok-kiallitasa\/#primaryimage\",\"url\":\"https:\/\/www.part-oldalak.hu\/wordpress\/wp-content\/uploads\/2023\/06\/IMG_3811-scaled.jpg\",\"contentUrl\":\"https:\/\/www.part-oldalak.hu\/wordpress\/wp-content\/uploads\/2023\/06\/IMG_3811-scaled.jpg\",\"width\":2560,\"height\":1920},{\"@type\":\"BreadcrumbList\",\"@id\":\"https:\/\/www.part-oldalak.hu\/wordpress\/2023\/06\/16\/megnyilt-a-levendulas-diakok-kiallitasa\/#breadcrumb\",\"itemListElement\":[{\"@type\":\"ListItem\",\"position\":1,\"name\":\"Kezd\u0151lap\",\"item\":\"https:\/\/www.part-oldalak.hu\/wordpress\/\"},{\"@type\":\"ListItem\",\"position\":2,\"name\":\"Megny\u00edlt a levendul\u00e1s di\u00e1kok ki\u00e1ll\u00edt\u00e1sa\"}]},{\"@type\":\"WebSite\",\"@id\":\"https:\/\/www.part-oldalak.hu\/wordpress\/#website\",\"url\":\"https:\/\/www.part-oldalak.hu\/wordpress\/\",\"name\":\"Part-Oldalak Kultur\u00e1lis Egylet\",\"description\":\"\",\"potentialAction\":[{\"@type\":\"SearchAction\",\"target\":{\"@type\":\"EntryPoint\",\"urlTemplate\":\"https:\/\/www.part-oldalak.hu\/wordpress\/?s={search_term_string}\"},\"query-input\":{\"@type\":\"PropertyValueSpecification\",\"valueRequired\":true,\"valueName\":\"search_term_string\"}}],\"inLanguage\":\"hu\"},{\"@type\":\"Person\",\"@id\":\"https:\/\/www.part-oldalak.hu\/wordpress\/#\/schema\/person\/c884fbd77fcee1cb2ee4cdb02d55315f\",\"name\":\"Kelemen Dorottya\",\"image\":{\"@type\":\"ImageObject\",\"inLanguage\":\"hu\",\"@id\":\"https:\/\/www.part-oldalak.hu\/wordpress\/#\/schema\/person\/image\/\",\"url\":\"https:\/\/secure.gravatar.com\/avatar\/9da28a4fe1cf6c75e5132163678f9461?s=96&d=mm&r=g\",\"contentUrl\":\"https:\/\/secure.gravatar.com\/avatar\/9da28a4fe1cf6c75e5132163678f9461?s=96&d=mm&r=g\",\"caption\":\"Kelemen Dorottya\"},\"url\":\"https:\/\/www.part-oldalak.hu\/wordpress\/author\/kelemen-dorottya\/\"}]}<\/script>\n<!-- \/ Yoast SEO plugin. -->","yoast_head_json":{"title":"Megny\u00edlt a levendul\u00e1s di\u00e1kok ki\u00e1ll\u00edt\u00e1sa - Part-Oldalak Kultur\u00e1lis Egylet","robots":{"index":"index","follow":"follow","max-snippet":"max-snippet:-1","max-image-preview":"max-image-preview:large","max-video-preview":"max-video-preview:-1"},"canonical":"https:\/\/www.part-oldalak.hu\/wordpress\/2023\/06\/16\/megnyilt-a-levendulas-diakok-kiallitasa\/","og_locale":"hu_HU","og_type":"article","og_title":"Megny\u00edlt a levendul\u00e1s di\u00e1kok ki\u00e1ll\u00edt\u00e1sa - Part-Oldalak Kultur\u00e1lis Egylet","og_description":"Id\u00e9n z\u00e1rta huszadik tan\u00e9v\u00e9t a Levendula Alapfok\u00fa M\u0171v\u00e9szeti Iskola - a jubileumi \u00e9v nem csak sok tanul\u00f3t hozott nekik, de egy nagyon sikeres id\u0151szakot is maguk m\u00f6g\u00f6tt tudhatnak.","og_url":"https:\/\/www.part-oldalak.hu\/wordpress\/2023\/06\/16\/megnyilt-a-levendulas-diakok-kiallitasa\/","og_site_name":"Part-Oldalak Kultur\u00e1lis Egylet","article_published_time":"2023-06-16T16:47:51+00:00","article_modified_time":"2023-06-16T16:47:53+00:00","og_image":[{"width":2560,"height":1920,"url":"https:\/\/www.part-oldalak.hu\/wordpress\/wp-content\/uploads\/2023\/06\/IMG_3811-scaled.jpg","type":"image\/jpeg"}],"author":"Kelemen Dorottya","twitter_card":"summary_large_image","twitter_misc":{"Szerz\u0151:":"Kelemen Dorottya","Becs\u00fclt olvas\u00e1si id\u0151":"4 perc"},"schema":{"@context":"https:\/\/schema.org","@graph":[{"@type":"WebPage","@id":"https:\/\/www.part-oldalak.hu\/wordpress\/2023\/06\/16\/megnyilt-a-levendulas-diakok-kiallitasa\/","url":"https:\/\/www.part-oldalak.hu\/wordpress\/2023\/06\/16\/megnyilt-a-levendulas-diakok-kiallitasa\/","name":"Megny\u00edlt a levendul\u00e1s di\u00e1kok ki\u00e1ll\u00edt\u00e1sa - Part-Oldalak Kultur\u00e1lis Egylet","isPartOf":{"@id":"https:\/\/www.part-oldalak.hu\/wordpress\/#website"},"primaryImageOfPage":{"@id":"https:\/\/www.part-oldalak.hu\/wordpress\/2023\/06\/16\/megnyilt-a-levendulas-diakok-kiallitasa\/#primaryimage"},"image":{"@id":"https:\/\/www.part-oldalak.hu\/wordpress\/2023\/06\/16\/megnyilt-a-levendulas-diakok-kiallitasa\/#primaryimage"},"thumbnailUrl":"https:\/\/www.part-oldalak.hu\/wordpress\/wp-content\/uploads\/2023\/06\/IMG_3811-scaled.jpg","datePublished":"2023-06-16T16:47:51+00:00","dateModified":"2023-06-16T16:47:53+00:00","author":{"@id":"https:\/\/www.part-oldalak.hu\/wordpress\/#\/schema\/person\/c884fbd77fcee1cb2ee4cdb02d55315f"},"breadcrumb":{"@id":"https:\/\/www.part-oldalak.hu\/wordpress\/2023\/06\/16\/megnyilt-a-levendulas-diakok-kiallitasa\/#breadcrumb"},"inLanguage":"hu","potentialAction":[{"@type":"ReadAction","target":["https:\/\/www.part-oldalak.hu\/wordpress\/2023\/06\/16\/megnyilt-a-levendulas-diakok-kiallitasa\/"]}]},{"@type":"ImageObject","inLanguage":"hu","@id":"https:\/\/www.part-oldalak.hu\/wordpress\/2023\/06\/16\/megnyilt-a-levendulas-diakok-kiallitasa\/#primaryimage","url":"https:\/\/www.part-oldalak.hu\/wordpress\/wp-content\/uploads\/2023\/06\/IMG_3811-scaled.jpg","contentUrl":"https:\/\/www.part-oldalak.hu\/wordpress\/wp-content\/uploads\/2023\/06\/IMG_3811-scaled.jpg","width":2560,"height":1920},{"@type":"BreadcrumbList","@id":"https:\/\/www.part-oldalak.hu\/wordpress\/2023\/06\/16\/megnyilt-a-levendulas-diakok-kiallitasa\/#breadcrumb","itemListElement":[{"@type":"ListItem","position":1,"name":"Kezd\u0151lap","item":"https:\/\/www.part-oldalak.hu\/wordpress\/"},{"@type":"ListItem","position":2,"name":"Megny\u00edlt a levendul\u00e1s di\u00e1kok ki\u00e1ll\u00edt\u00e1sa"}]},{"@type":"WebSite","@id":"https:\/\/www.part-oldalak.hu\/wordpress\/#website","url":"https:\/\/www.part-oldalak.hu\/wordpress\/","name":"Part-Oldalak Kultur\u00e1lis Egylet","description":"","potentialAction":[{"@type":"SearchAction","target":{"@type":"EntryPoint","urlTemplate":"https:\/\/www.part-oldalak.hu\/wordpress\/?s={search_term_string}"},"query-input":{"@type":"PropertyValueSpecification","valueRequired":true,"valueName":"search_term_string"}}],"inLanguage":"hu"},{"@type":"Person","@id":"https:\/\/www.part-oldalak.hu\/wordpress\/#\/schema\/person\/c884fbd77fcee1cb2ee4cdb02d55315f","name":"Kelemen Dorottya","image":{"@type":"ImageObject","inLanguage":"hu","@id":"https:\/\/www.part-oldalak.hu\/wordpress\/#\/schema\/person\/image\/","url":"https:\/\/secure.gravatar.com\/avatar\/9da28a4fe1cf6c75e5132163678f9461?s=96&d=mm&r=g","contentUrl":"https:\/\/secure.gravatar.com\/avatar\/9da28a4fe1cf6c75e5132163678f9461?s=96&d=mm&r=g","caption":"Kelemen Dorottya"},"url":"https:\/\/www.part-oldalak.hu\/wordpress\/author\/kelemen-dorottya\/"}]}},"_links":{"self":[{"href":"https:\/\/www.part-oldalak.hu\/wordpress\/wp-json\/wp\/v2\/posts\/6852"}],"collection":[{"href":"https:\/\/www.part-oldalak.hu\/wordpress\/wp-json\/wp\/v2\/posts"}],"about":[{"href":"https:\/\/www.part-oldalak.hu\/wordpress\/wp-json\/wp\/v2\/types\/post"}],"author":[{"embeddable":true,"href":"https:\/\/www.part-oldalak.hu\/wordpress\/wp-json\/wp\/v2\/users\/2"}],"replies":[{"embeddable":true,"href":"https:\/\/www.part-oldalak.hu\/wordpress\/wp-json\/wp\/v2\/comments?post=6852"}],"version-history":[{"count":9,"href":"https:\/\/www.part-oldalak.hu\/wordpress\/wp-json\/wp\/v2\/posts\/6852\/revisions"}],"predecessor-version":[{"id":6873,"href":"https:\/\/www.part-oldalak.hu\/wordpress\/wp-json\/wp\/v2\/posts\/6852\/revisions\/6873"}],"wp:featuredmedia":[{"embeddable":true,"href":"https:\/\/www.part-oldalak.hu\/wordpress\/wp-json\/wp\/v2\/media\/6864"}],"wp:attachment":[{"href":"https:\/\/www.part-oldalak.hu\/wordpress\/wp-json\/wp\/v2\/media?parent=6852"}],"wp:term":[{"taxonomy":"category","embeddable":true,"href":"https:\/\/www.part-oldalak.hu\/wordpress\/wp-json\/wp\/v2\/categories?post=6852"},{"taxonomy":"post_tag","embeddable":true,"href":"https:\/\/www.part-oldalak.hu\/wordpress\/wp-json\/wp\/v2\/tags?post=6852"}],"curies":[{"name":"wp","href":"https:\/\/api.w.org\/{rel}","templated":true}]}}