{"id":5509,"date":"2023-02-24T18:50:05","date_gmt":"2023-02-24T17:50:05","guid":{"rendered":"http:\/\/www.part-oldalak.hu\/wordpress\/?p=5509"},"modified":"2023-02-24T18:50:07","modified_gmt":"2023-02-24T17:50:07","slug":"gazdaforumot-tartottak-a-kozos-agrarpolitika-alakulasarol","status":"publish","type":"post","link":"https:\/\/www.part-oldalak.hu\/wordpress\/2023\/02\/24\/gazdaforumot-tartottak-a-kozos-agrarpolitika-alakulasarol\/","title":{"rendered":"Gazdaf\u00f3rumot tartottak a k\u00f6z\u00f6s agr\u00e1rpolitika alakul\u00e1s\u00e1r\u00f3l"},"content":{"rendered":"\n<p>A Polg\u00e1rmesteri Hivatal d\u00edszterme adott otthont annak a rendezv\u00e9nynek, melynek c\u00e9lja a k\u00f6z\u00f6s agr\u00e1rpolitika aktualit\u00e1sainak megvitat\u00e1sa volt. <\/p>\n\n\n\n<h2 class=\"wp-block-heading\">Egy klasszikus f\u00f3rum <\/h2>\n\n\n\n<p>Egy <strong>klasszikus agr\u00e1rf\u00f3rumot tartottak Dunaf\u00f6ldv\u00e1ron<\/strong>, febru\u00e1r 15-\u00e9n, a Nemzeti Agr\u00e1rgazdas\u00e1gi Kamar\u00e1val egy\u00fcttm\u0171k\u00f6d\u00e9sben, d\u00f6nt\u00e9shoz\u00f3k megh\u00edv\u00e1s\u00e1val \u00e9s r\u00e9szv\u00e9tel\u00e9vel. A rendezv\u00e9nyen <strong>az aktu\u00e1lis agr\u00e1r t\u00e9m\u00e1k m\u0171hely-megbesz\u00e9l\u00e9s\u00e9re ker\u00fclt sor<\/strong>, annak \u00e9rdek\u00e9ben, hogy a termel\u0151k els\u0151 k\u00e9zb\u0151l \u00e9rtes\u00fclhessenek a legfontosabb k\u00e9rd\u00e9sekr\u0151l, inform\u00e1ci\u00f3kr\u00f3l. <\/p>\n\n\n\n<blockquote class=\"wp-block-quote is-layout-flow wp-block-quote-is-layout-flow\">\n<p>A f\u00f3rum c\u00e9lja m\u00e1sr\u00e9szr\u0151l a fogyaszt\u00f3k felh\u00edv\u00e1sa a tudatos v\u00e1s\u00e1rl\u00e1s fontoss\u00e1g\u00e1ra. <\/p>\n<\/blockquote>\n\n\n\n<p>A rendezv\u00e9nyen Tolna megyei termel\u0151k is bemutatkozhattak: sajtok, kolb\u00e1sz, sonka, bor \u00e9s chili ker\u00fclt az asztalokra az emeleti folyos\u00f3n. <\/p>\n\n\n\n<h2 class=\"wp-block-heading\">Az el\u0151ad\u00f3k<\/h2>\n\n\n\n<p>Az esem\u00e9nyen megjelent <strong>S\u00fcli J\u00e1nos<\/strong> is, aki nyit\u00f3besz\u00e9d\u00e9ben elmondta, hogy az agr\u00e1rium mindig is fontos volt, nekik, a Paksi Atomer\u0151m\u0171 \u00e9p\u00edt\u00e9s\u00e9ben gondolkod\u00f3knak is. <\/p>\n\n\n\n<p>Az agr\u00e1riumban gazd\u00e1lkod\u00f3knak ez a f\u00f3rum olyan tud\u00e1st biztos\u00edt, ami a hossz\u00fat\u00e1v\u00fa nyeres\u00e9ges munk\u00e1hoz, a j\u00f3 min\u0151s\u00e9g\u0171 \u00e9lelmiszer el\u0151\u00e1ll\u00edt\u00e1s\u00e1hoz sz\u00fcks\u00e9ges, melyet r\u00e1ad\u00e1sul a r\u00e9gi\u00f3ban el is tudnak fogyasztani. <\/p>\n\n\n\n<p>A helysz\u00ednen <strong>p\u00e9nz\u00fcgyi tan\u00e1csad\u00e1s, az \u00faj uni\u00f3s szab\u00e1lyokkal kapcsolatos t\u00e1j\u00e9koztat\u00e1s<\/strong>, p\u00e1ly\u00e1zati lehet\u0151s\u00e9gek, finansz\u00edroz\u00e1si megold\u00e1sok is el\u0151t\u00e9rbe ker\u00fcltek, de sz\u00f3 esett a <strong>digit\u00e1lis j\u00f6v\u0151<\/strong>r\u0151l, a <strong>dr\u00f3nhaszn\u00e1lat<\/strong>r\u00f3l is. <\/p>\n\n\n\n<figure class=\"wp-block-image size-large\"><img decoding=\"async\" width=\"1024\" height=\"768\" data-src=\"https:\/\/www.part-oldalak.hu\/wordpress\/wp-content\/uploads\/2023\/02\/IMG_9272-1024x768.jpg\" alt=\"\" class=\"wp-image-5526 lazyload\" data-srcset=\"https:\/\/www.part-oldalak.hu\/wordpress\/wp-content\/uploads\/2023\/02\/IMG_9272-1024x768.jpg 1024w, https:\/\/www.part-oldalak.hu\/wordpress\/wp-content\/uploads\/2023\/02\/IMG_9272-300x225.jpg 300w, https:\/\/www.part-oldalak.hu\/wordpress\/wp-content\/uploads\/2023\/02\/IMG_9272-768x576.jpg 768w, https:\/\/www.part-oldalak.hu\/wordpress\/wp-content\/uploads\/2023\/02\/IMG_9272-1536x1152.jpg 1536w, https:\/\/www.part-oldalak.hu\/wordpress\/wp-content\/uploads\/2023\/02\/IMG_9272-2048x1536.jpg 2048w\" data-sizes=\"(max-width: 1024px) 100vw, 1024px\" src=\"data:image\/svg+xml;base64,PHN2ZyB3aWR0aD0iMSIgaGVpZ2h0PSIxIiB4bWxucz0iaHR0cDovL3d3dy53My5vcmcvMjAwMC9zdmciPjwvc3ZnPg==\" style=\"--smush-placeholder-width: 1024px; --smush-placeholder-aspect-ratio: 1024\/768;\" \/><\/figure>\n\n\n\n<p>Hossz\u00fara sikeredett a dunaf\u00f6ldv\u00e1ri \u00f6sszej\u00f6vetel, a terem t\u00f6mve volt, \u00e9s a rengeteg k\u00e9rd\u00e9sb\u0151l \u00edt\u00e9lve a f\u00f3rum t\u00e9m\u00e1i  nagyon is tal\u00e1lkoztak a r\u00e9sztvev\u0151k \u00e9rdekl\u0151d\u00e9s\u00e9vel. <\/p>\n\n\n\n<p>Nem n\u00e1lunk tartottak csak ilyen rendezv\u00e9nyt, a <strong>KDFM\u00dc, vagyis a K\u00f6z\u00e9p-Duna Menti Fejleszt\u00e9si \u00dcgyn\u00f6ks\u00e9g<\/strong> t\u00f6bbek k\u00f6z\u00f6tt Kalocs\u00e1ra is elvitte m\u00e1r ezt a f\u00f3rumot, ahogyan a list\u00e1n szerepel Tam\u00e1si is. A K\u00f6z\u00e9p-Duna menti r\u00e9gi\u00f3hoz \u00f6sszesen 99 telep\u00fcl\u00e9s tartozik, ezek k\u00f6z\u00fcl v\u00e1lasztj\u00e1k ki azokat, ahol \u00e9rdemes lehet ilyen el\u0151ad\u00e1st tartani. <\/p>\n\n\n\n<p>A program sor\u00e1n t\u00f6bbek k\u00f6z\u00f6tt bemutatkozott <strong>Dr. Juh\u00e1sz Anik\u00f3, az Agr\u00e1rminiszt\u00e9rium helyettes \u00e1llamtitk\u00e1ra<\/strong>, aki a vid\u00e9kfejleszt\u00e9si t\u00e1mogat\u00e1sokr\u00f3l \u00e9s p\u00e1ly\u00e1zatokr\u00f3l besz\u00e9lt. <strong>Dr. Cseh Tibor Andr\u00e1s, a MAGOSZ f\u0151titk\u00e1ra<\/strong>, akinek el\u0151ad\u00e1sa a gazdas\u00e1g\u00e1tad\u00e1sr\u00f3l \u00e9s f\u00f6ldforgalmi szab\u00e1lyoz\u00e1sokr\u00f3l sz\u00f3lt, a szervez\u0151k r\u00e9sz\u00e9r\u0151l pedig <strong>Gr\u00f3nay Andrea, a K\u00f6z\u00e9p-Duna Menti Fejleszt\u00e9si \u00dcgyn\u00f6ks\u00e9g \u00fcgyvezet\u0151 igazgat\u00f3ja<\/strong> is megsz\u00f3lalt. <\/p>\n\n\n\n<h2 class=\"wp-block-heading\">\u0150k mutatkozhattak be <\/h2>\n\n\n\n<p>N\u00e9h\u00e1ny termel\u0151nek is lehet\u0151s\u00e9ge ny\u00edlt arra, hogy bemutassa term\u00e9keit a gazdaf\u00f3rum sor\u00e1n, valamint a b\u00f6lcskei <strong>Kati Vil\u00e1ga<\/strong> sajtjai is megtal\u00e1ltuk, aki azonban szem\u00e9lyesen nem tudott jelen lenni. <\/p>\n\n\n\n<figure class=\"wp-block-gallery has-nested-images columns-default is-cropped wp-block-gallery-1 is-layout-flex wp-block-gallery-is-layout-flex\">\n<figure class=\"wp-block-image size-large\"><img decoding=\"async\" width=\"1024\" height=\"768\" data-id=\"5520\" data-src=\"https:\/\/www.part-oldalak.hu\/wordpress\/wp-content\/uploads\/2023\/02\/IMG_9284-1024x768.jpg\" alt=\"\" class=\"wp-image-5520 lazyload\" data-srcset=\"https:\/\/www.part-oldalak.hu\/wordpress\/wp-content\/uploads\/2023\/02\/IMG_9284-1024x768.jpg 1024w, https:\/\/www.part-oldalak.hu\/wordpress\/wp-content\/uploads\/2023\/02\/IMG_9284-300x225.jpg 300w, https:\/\/www.part-oldalak.hu\/wordpress\/wp-content\/uploads\/2023\/02\/IMG_9284-768x576.jpg 768w, https:\/\/www.part-oldalak.hu\/wordpress\/wp-content\/uploads\/2023\/02\/IMG_9284-1536x1152.jpg 1536w, https:\/\/www.part-oldalak.hu\/wordpress\/wp-content\/uploads\/2023\/02\/IMG_9284-2048x1536.jpg 2048w\" data-sizes=\"(max-width: 1024px) 100vw, 1024px\" src=\"data:image\/svg+xml;base64,PHN2ZyB3aWR0aD0iMSIgaGVpZ2h0PSIxIiB4bWxucz0iaHR0cDovL3d3dy53My5vcmcvMjAwMC9zdmciPjwvc3ZnPg==\" style=\"--smush-placeholder-width: 1024px; --smush-placeholder-aspect-ratio: 1024\/768;\" \/><\/figure>\n\n\n\n<figure class=\"wp-block-image size-large\"><img decoding=\"async\" width=\"1024\" height=\"768\" data-id=\"5513\" data-src=\"https:\/\/www.part-oldalak.hu\/wordpress\/wp-content\/uploads\/2023\/02\/IMG_9254-1024x768.jpg\" alt=\"\" class=\"wp-image-5513 lazyload\" data-srcset=\"https:\/\/www.part-oldalak.hu\/wordpress\/wp-content\/uploads\/2023\/02\/IMG_9254-1024x768.jpg 1024w, https:\/\/www.part-oldalak.hu\/wordpress\/wp-content\/uploads\/2023\/02\/IMG_9254-300x225.jpg 300w, https:\/\/www.part-oldalak.hu\/wordpress\/wp-content\/uploads\/2023\/02\/IMG_9254-768x576.jpg 768w, https:\/\/www.part-oldalak.hu\/wordpress\/wp-content\/uploads\/2023\/02\/IMG_9254-1536x1152.jpg 1536w, https:\/\/www.part-oldalak.hu\/wordpress\/wp-content\/uploads\/2023\/02\/IMG_9254-2048x1536.jpg 2048w\" data-sizes=\"(max-width: 1024px) 100vw, 1024px\" src=\"data:image\/svg+xml;base64,PHN2ZyB3aWR0aD0iMSIgaGVpZ2h0PSIxIiB4bWxucz0iaHR0cDovL3d3dy53My5vcmcvMjAwMC9zdmciPjwvc3ZnPg==\" style=\"--smush-placeholder-width: 1024px; --smush-placeholder-aspect-ratio: 1024\/768;\" \/><\/figure>\n<\/figure>\n\n\n\n<p class=\"has-text-align-center\">Gy\u00f6nkr\u0151l \u00e9rkezett a Simigh Csal\u00e1di Pinc\u00e9szet<\/p>\n\n\n\n<figure class=\"wp-block-gallery has-nested-images columns-default is-cropped wp-block-gallery-2 is-layout-flex wp-block-gallery-is-layout-flex\">\n<figure class=\"wp-block-image size-large\"><img decoding=\"async\" width=\"1024\" height=\"768\" data-id=\"5515\" data-src=\"https:\/\/www.part-oldalak.hu\/wordpress\/wp-content\/uploads\/2023\/02\/IMG_9260-1024x768.jpg\" alt=\"\" class=\"wp-image-5515 lazyload\" data-srcset=\"https:\/\/www.part-oldalak.hu\/wordpress\/wp-content\/uploads\/2023\/02\/IMG_9260-1024x768.jpg 1024w, https:\/\/www.part-oldalak.hu\/wordpress\/wp-content\/uploads\/2023\/02\/IMG_9260-300x225.jpg 300w, https:\/\/www.part-oldalak.hu\/wordpress\/wp-content\/uploads\/2023\/02\/IMG_9260-768x576.jpg 768w, https:\/\/www.part-oldalak.hu\/wordpress\/wp-content\/uploads\/2023\/02\/IMG_9260-1536x1152.jpg 1536w, https:\/\/www.part-oldalak.hu\/wordpress\/wp-content\/uploads\/2023\/02\/IMG_9260-2048x1536.jpg 2048w\" data-sizes=\"(max-width: 1024px) 100vw, 1024px\" src=\"data:image\/svg+xml;base64,PHN2ZyB3aWR0aD0iMSIgaGVpZ2h0PSIxIiB4bWxucz0iaHR0cDovL3d3dy53My5vcmcvMjAwMC9zdmciPjwvc3ZnPg==\" style=\"--smush-placeholder-width: 1024px; --smush-placeholder-aspect-ratio: 1024\/768;\" \/><\/figure>\n\n\n\n<figure class=\"wp-block-image size-large\"><img decoding=\"async\" width=\"1024\" height=\"768\" data-id=\"5516\" data-src=\"https:\/\/www.part-oldalak.hu\/wordpress\/wp-content\/uploads\/2023\/02\/IMG_9262-scaled-e1677234323528-1024x768.jpg\" alt=\"\" class=\"wp-image-5516 lazyload\" data-srcset=\"https:\/\/www.part-oldalak.hu\/wordpress\/wp-content\/uploads\/2023\/02\/IMG_9262-scaled-e1677234323528-1024x768.jpg 1024w, https:\/\/www.part-oldalak.hu\/wordpress\/wp-content\/uploads\/2023\/02\/IMG_9262-scaled-e1677234323528-300x225.jpg 300w, https:\/\/www.part-oldalak.hu\/wordpress\/wp-content\/uploads\/2023\/02\/IMG_9262-scaled-e1677234323528-768x576.jpg 768w, https:\/\/www.part-oldalak.hu\/wordpress\/wp-content\/uploads\/2023\/02\/IMG_9262-scaled-e1677234323528-1536x1152.jpg 1536w, https:\/\/www.part-oldalak.hu\/wordpress\/wp-content\/uploads\/2023\/02\/IMG_9262-scaled-e1677234323528-2048x1536.jpg 2048w\" data-sizes=\"(max-width: 1024px) 100vw, 1024px\" src=\"data:image\/svg+xml;base64,PHN2ZyB3aWR0aD0iMSIgaGVpZ2h0PSIxIiB4bWxucz0iaHR0cDovL3d3dy53My5vcmcvMjAwMC9zdmciPjwvc3ZnPg==\" style=\"--smush-placeholder-width: 1024px; --smush-placeholder-aspect-ratio: 1024\/768;\" \/><\/figure>\n<\/figure>\n\n\n\n<p class=\"has-text-align-center\">A Chili Out, a chili sz\u00f3sz\u00f3k \u00e9s kr\u00e9mek standja<\/p>\n\n\n\n<figure class=\"wp-block-gallery has-nested-images columns-default is-cropped wp-block-gallery-3 is-layout-flex wp-block-gallery-is-layout-flex\">\n<figure class=\"wp-block-image size-large\"><img decoding=\"async\" width=\"1024\" height=\"768\" data-id=\"5514\" data-src=\"https:\/\/www.part-oldalak.hu\/wordpress\/wp-content\/uploads\/2023\/02\/IMG_9257-1024x768.jpg\" alt=\"\" class=\"wp-image-5514 lazyload\" data-srcset=\"https:\/\/www.part-oldalak.hu\/wordpress\/wp-content\/uploads\/2023\/02\/IMG_9257-1024x768.jpg 1024w, https:\/\/www.part-oldalak.hu\/wordpress\/wp-content\/uploads\/2023\/02\/IMG_9257-300x225.jpg 300w, https:\/\/www.part-oldalak.hu\/wordpress\/wp-content\/uploads\/2023\/02\/IMG_9257-768x576.jpg 768w, https:\/\/www.part-oldalak.hu\/wordpress\/wp-content\/uploads\/2023\/02\/IMG_9257-1536x1152.jpg 1536w, https:\/\/www.part-oldalak.hu\/wordpress\/wp-content\/uploads\/2023\/02\/IMG_9257-2048x1536.jpg 2048w\" data-sizes=\"(max-width: 1024px) 100vw, 1024px\" src=\"data:image\/svg+xml;base64,PHN2ZyB3aWR0aD0iMSIgaGVpZ2h0PSIxIiB4bWxucz0iaHR0cDovL3d3dy53My5vcmcvMjAwMC9zdmciPjwvc3ZnPg==\" style=\"--smush-placeholder-width: 1024px; --smush-placeholder-aspect-ratio: 1024\/768;\" \/><\/figure>\n<\/figure>\n\n\n\n<p class=\"has-text-align-center\">Kecskesajtok egyenesen Bik\u00e1csr\u00f3l<\/p>\n\n\n\n<figure class=\"wp-block-gallery has-nested-images columns-default is-cropped wp-block-gallery-4 is-layout-flex wp-block-gallery-is-layout-flex\">\n<figure class=\"wp-block-image size-large\"><img decoding=\"async\" width=\"1024\" height=\"768\" data-id=\"5517\" data-src=\"https:\/\/www.part-oldalak.hu\/wordpress\/wp-content\/uploads\/2023\/02\/IMG_9264-1024x768.jpg\" alt=\"\" class=\"wp-image-5517 lazyload\" data-srcset=\"https:\/\/www.part-oldalak.hu\/wordpress\/wp-content\/uploads\/2023\/02\/IMG_9264-1024x768.jpg 1024w, https:\/\/www.part-oldalak.hu\/wordpress\/wp-content\/uploads\/2023\/02\/IMG_9264-300x225.jpg 300w, https:\/\/www.part-oldalak.hu\/wordpress\/wp-content\/uploads\/2023\/02\/IMG_9264-768x576.jpg 768w, https:\/\/www.part-oldalak.hu\/wordpress\/wp-content\/uploads\/2023\/02\/IMG_9264-1536x1152.jpg 1536w, https:\/\/www.part-oldalak.hu\/wordpress\/wp-content\/uploads\/2023\/02\/IMG_9264-2048x1536.jpg 2048w\" data-sizes=\"(max-width: 1024px) 100vw, 1024px\" src=\"data:image\/svg+xml;base64,PHN2ZyB3aWR0aD0iMSIgaGVpZ2h0PSIxIiB4bWxucz0iaHR0cDovL3d3dy53My5vcmcvMjAwMC9zdmciPjwvc3ZnPg==\" style=\"--smush-placeholder-width: 1024px; --smush-placeholder-aspect-ratio: 1024\/768;\" \/><\/figure>\n\n\n\n<figure class=\"wp-block-image size-large\"><img decoding=\"async\" width=\"768\" height=\"1024\" data-id=\"5518\" data-src=\"https:\/\/www.part-oldalak.hu\/wordpress\/wp-content\/uploads\/2023\/02\/IMG_9266-scaled-e1677234640843-768x1024.jpg\" alt=\"\" class=\"wp-image-5518 lazyload\" data-srcset=\"https:\/\/www.part-oldalak.hu\/wordpress\/wp-content\/uploads\/2023\/02\/IMG_9266-scaled-e1677234640843-768x1024.jpg 768w, https:\/\/www.part-oldalak.hu\/wordpress\/wp-content\/uploads\/2023\/02\/IMG_9266-scaled-e1677234640843-225x300.jpg 225w, https:\/\/www.part-oldalak.hu\/wordpress\/wp-content\/uploads\/2023\/02\/IMG_9266-scaled-e1677234640843-1152x1536.jpg 1152w, https:\/\/www.part-oldalak.hu\/wordpress\/wp-content\/uploads\/2023\/02\/IMG_9266-scaled-e1677234640843-1536x2048.jpg 1536w, https:\/\/www.part-oldalak.hu\/wordpress\/wp-content\/uploads\/2023\/02\/IMG_9266-scaled-e1677234640843-1024x1365.jpg 1024w, https:\/\/www.part-oldalak.hu\/wordpress\/wp-content\/uploads\/2023\/02\/IMG_9266-scaled-e1677234640843.jpg 1920w\" data-sizes=\"(max-width: 768px) 100vw, 768px\" src=\"data:image\/svg+xml;base64,PHN2ZyB3aWR0aD0iMSIgaGVpZ2h0PSIxIiB4bWxucz0iaHR0cDovL3d3dy53My5vcmcvMjAwMC9zdmciPjwvc3ZnPg==\" style=\"--smush-placeholder-width: 768px; --smush-placeholder-aspect-ratio: 768\/1024;\" \/><\/figure>\n<\/figure>\n\n\n\n<p class=\"has-text-align-center\">R\u00f3zsa Tanya \u00c9lm\u00e9nyfarm<\/p>\n\n\n\n<figure class=\"wp-block-image aligncenter size-large is-resized\"><img decoding=\"async\" data-src=\"https:\/\/www.part-oldalak.hu\/wordpress\/wp-content\/uploads\/2023\/02\/IMG_9249-768x1024.jpg\" alt=\"\" class=\"wp-image-5512 lazyload\" width=\"517\" height=\"689\" data-srcset=\"https:\/\/www.part-oldalak.hu\/wordpress\/wp-content\/uploads\/2023\/02\/IMG_9249-768x1024.jpg 768w, https:\/\/www.part-oldalak.hu\/wordpress\/wp-content\/uploads\/2023\/02\/IMG_9249-225x300.jpg 225w, https:\/\/www.part-oldalak.hu\/wordpress\/wp-content\/uploads\/2023\/02\/IMG_9249-1152x1536.jpg 1152w, https:\/\/www.part-oldalak.hu\/wordpress\/wp-content\/uploads\/2023\/02\/IMG_9249-1536x2048.jpg 1536w, https:\/\/www.part-oldalak.hu\/wordpress\/wp-content\/uploads\/2023\/02\/IMG_9249-1024x1365.jpg 1024w, https:\/\/www.part-oldalak.hu\/wordpress\/wp-content\/uploads\/2023\/02\/IMG_9249-scaled.jpg 1920w\" data-sizes=\"(max-width: 517px) 100vw, 517px\" src=\"data:image\/svg+xml;base64,PHN2ZyB3aWR0aD0iMSIgaGVpZ2h0PSIxIiB4bWxucz0iaHR0cDovL3d3dy53My5vcmcvMjAwMC9zdmciPjwvc3ZnPg==\" style=\"--smush-placeholder-width: 517px; --smush-placeholder-aspect-ratio: 517\/689;\" \/><\/figure>\n\n\n\n<p class=\"has-text-align-center\">Kelemen Pince Dunaf\u00f6ldv\u00e1rr\u00f3l <\/p>\n","protected":false},"excerpt":{"rendered":"<p>A Polg\u00e1rmesteri Hivatal d\u00edszterme adott otthont annak a rendezv\u00e9nynek, melynek c\u00e9lja a k\u00f6z\u00f6s agr\u00e1rpolitika aktualit\u00e1sainak megvitat\u00e1sa volt. <\/p>\n","protected":false},"author":2,"featured_media":5519,"comment_status":"open","ping_status":"open","sticky":false,"template":"","format":"standard","meta":{"_monsterinsights_skip_tracking":false,"_monsterinsights_sitenote_active":false,"_monsterinsights_sitenote_note":"","_monsterinsights_sitenote_category":0,"footnotes":""},"categories":[9,1],"tags":[3,17],"class_list":["post-5509","post","type-post","status-publish","format-standard","has-post-thumbnail","hentry","category-kozelet","category-mozaik","tag-kozelet","tag-mozaik"],"aioseo_notices":[],"yoast_head":"<!-- This site is optimized with the Yoast SEO plugin v25.6 - https:\/\/yoast.com\/wordpress\/plugins\/seo\/ -->\n<title>Gazdaf\u00f3rumot tartottak a k\u00f6z\u00f6s agr\u00e1rpolitika alakul\u00e1s\u00e1r\u00f3l - Part-Oldalak Kultur\u00e1lis Egylet<\/title>\n<meta name=\"robots\" content=\"index, follow, max-snippet:-1, max-image-preview:large, max-video-preview:-1\" \/>\n<link rel=\"canonical\" href=\"https:\/\/www.part-oldalak.hu\/wordpress\/2023\/02\/24\/gazdaforumot-tartottak-a-kozos-agrarpolitika-alakulasarol\/\" \/>\n<meta property=\"og:locale\" content=\"hu_HU\" \/>\n<meta property=\"og:type\" content=\"article\" \/>\n<meta property=\"og:title\" content=\"Gazdaf\u00f3rumot tartottak a k\u00f6z\u00f6s agr\u00e1rpolitika alakul\u00e1s\u00e1r\u00f3l - Part-Oldalak Kultur\u00e1lis Egylet\" \/>\n<meta property=\"og:description\" content=\"A Polg\u00e1rmesteri Hivatal d\u00edszterme adott otthont annak a rendezv\u00e9nynek, melynek c\u00e9lja a k\u00f6z\u00f6s agr\u00e1rpolitika aktualit\u00e1sainak megvitat\u00e1sa volt.\" \/>\n<meta property=\"og:url\" content=\"https:\/\/www.part-oldalak.hu\/wordpress\/2023\/02\/24\/gazdaforumot-tartottak-a-kozos-agrarpolitika-alakulasarol\/\" \/>\n<meta property=\"og:site_name\" content=\"Part-Oldalak Kultur\u00e1lis Egylet\" \/>\n<meta property=\"article:published_time\" content=\"2023-02-24T17:50:05+00:00\" \/>\n<meta property=\"article:modified_time\" content=\"2023-02-24T17:50:07+00:00\" \/>\n<meta property=\"og:image\" content=\"https:\/\/www.part-oldalak.hu\/wordpress\/wp-content\/uploads\/2023\/02\/IMG_9270-scaled.jpg\" \/>\n\t<meta property=\"og:image:width\" content=\"2560\" \/>\n\t<meta property=\"og:image:height\" content=\"1920\" \/>\n\t<meta property=\"og:image:type\" content=\"image\/jpeg\" \/>\n<meta name=\"author\" content=\"Kelemen Dorottya\" \/>\n<meta name=\"twitter:card\" content=\"summary_large_image\" \/>\n<meta name=\"twitter:label1\" content=\"Szerz\u0151:\" \/>\n\t<meta name=\"twitter:data1\" content=\"Kelemen Dorottya\" \/>\n\t<meta name=\"twitter:label2\" content=\"Becs\u00fclt olvas\u00e1si id\u0151\" \/>\n\t<meta name=\"twitter:data2\" content=\"4 perc\" \/>\n<script type=\"application\/ld+json\" class=\"yoast-schema-graph\">{\"@context\":\"https:\/\/schema.org\",\"@graph\":[{\"@type\":\"WebPage\",\"@id\":\"https:\/\/www.part-oldalak.hu\/wordpress\/2023\/02\/24\/gazdaforumot-tartottak-a-kozos-agrarpolitika-alakulasarol\/\",\"url\":\"https:\/\/www.part-oldalak.hu\/wordpress\/2023\/02\/24\/gazdaforumot-tartottak-a-kozos-agrarpolitika-alakulasarol\/\",\"name\":\"Gazdaf\u00f3rumot tartottak a k\u00f6z\u00f6s agr\u00e1rpolitika alakul\u00e1s\u00e1r\u00f3l - Part-Oldalak Kultur\u00e1lis Egylet\",\"isPartOf\":{\"@id\":\"https:\/\/www.part-oldalak.hu\/wordpress\/#website\"},\"primaryImageOfPage\":{\"@id\":\"https:\/\/www.part-oldalak.hu\/wordpress\/2023\/02\/24\/gazdaforumot-tartottak-a-kozos-agrarpolitika-alakulasarol\/#primaryimage\"},\"image\":{\"@id\":\"https:\/\/www.part-oldalak.hu\/wordpress\/2023\/02\/24\/gazdaforumot-tartottak-a-kozos-agrarpolitika-alakulasarol\/#primaryimage\"},\"thumbnailUrl\":\"https:\/\/www.part-oldalak.hu\/wordpress\/wp-content\/uploads\/2023\/02\/IMG_9270-scaled.jpg\",\"datePublished\":\"2023-02-24T17:50:05+00:00\",\"dateModified\":\"2023-02-24T17:50:07+00:00\",\"author\":{\"@id\":\"https:\/\/www.part-oldalak.hu\/wordpress\/#\/schema\/person\/c884fbd77fcee1cb2ee4cdb02d55315f\"},\"breadcrumb\":{\"@id\":\"https:\/\/www.part-oldalak.hu\/wordpress\/2023\/02\/24\/gazdaforumot-tartottak-a-kozos-agrarpolitika-alakulasarol\/#breadcrumb\"},\"inLanguage\":\"hu\",\"potentialAction\":[{\"@type\":\"ReadAction\",\"target\":[\"https:\/\/www.part-oldalak.hu\/wordpress\/2023\/02\/24\/gazdaforumot-tartottak-a-kozos-agrarpolitika-alakulasarol\/\"]}]},{\"@type\":\"ImageObject\",\"inLanguage\":\"hu\",\"@id\":\"https:\/\/www.part-oldalak.hu\/wordpress\/2023\/02\/24\/gazdaforumot-tartottak-a-kozos-agrarpolitika-alakulasarol\/#primaryimage\",\"url\":\"https:\/\/www.part-oldalak.hu\/wordpress\/wp-content\/uploads\/2023\/02\/IMG_9270-scaled.jpg\",\"contentUrl\":\"https:\/\/www.part-oldalak.hu\/wordpress\/wp-content\/uploads\/2023\/02\/IMG_9270-scaled.jpg\",\"width\":2560,\"height\":1920},{\"@type\":\"BreadcrumbList\",\"@id\":\"https:\/\/www.part-oldalak.hu\/wordpress\/2023\/02\/24\/gazdaforumot-tartottak-a-kozos-agrarpolitika-alakulasarol\/#breadcrumb\",\"itemListElement\":[{\"@type\":\"ListItem\",\"position\":1,\"name\":\"Kezd\u0151lap\",\"item\":\"https:\/\/www.part-oldalak.hu\/wordpress\/\"},{\"@type\":\"ListItem\",\"position\":2,\"name\":\"Gazdaf\u00f3rumot tartottak a k\u00f6z\u00f6s agr\u00e1rpolitika alakul\u00e1s\u00e1r\u00f3l\"}]},{\"@type\":\"WebSite\",\"@id\":\"https:\/\/www.part-oldalak.hu\/wordpress\/#website\",\"url\":\"https:\/\/www.part-oldalak.hu\/wordpress\/\",\"name\":\"Part-Oldalak Kultur\u00e1lis Egylet\",\"description\":\"\",\"potentialAction\":[{\"@type\":\"SearchAction\",\"target\":{\"@type\":\"EntryPoint\",\"urlTemplate\":\"https:\/\/www.part-oldalak.hu\/wordpress\/?s={search_term_string}\"},\"query-input\":{\"@type\":\"PropertyValueSpecification\",\"valueRequired\":true,\"valueName\":\"search_term_string\"}}],\"inLanguage\":\"hu\"},{\"@type\":\"Person\",\"@id\":\"https:\/\/www.part-oldalak.hu\/wordpress\/#\/schema\/person\/c884fbd77fcee1cb2ee4cdb02d55315f\",\"name\":\"Kelemen Dorottya\",\"image\":{\"@type\":\"ImageObject\",\"inLanguage\":\"hu\",\"@id\":\"https:\/\/www.part-oldalak.hu\/wordpress\/#\/schema\/person\/image\/\",\"url\":\"https:\/\/secure.gravatar.com\/avatar\/9da28a4fe1cf6c75e5132163678f9461?s=96&d=mm&r=g\",\"contentUrl\":\"https:\/\/secure.gravatar.com\/avatar\/9da28a4fe1cf6c75e5132163678f9461?s=96&d=mm&r=g\",\"caption\":\"Kelemen Dorottya\"},\"url\":\"https:\/\/www.part-oldalak.hu\/wordpress\/author\/kelemen-dorottya\/\"}]}<\/script>\n<!-- \/ Yoast SEO plugin. -->","yoast_head_json":{"title":"Gazdaf\u00f3rumot tartottak a k\u00f6z\u00f6s agr\u00e1rpolitika alakul\u00e1s\u00e1r\u00f3l - Part-Oldalak Kultur\u00e1lis Egylet","robots":{"index":"index","follow":"follow","max-snippet":"max-snippet:-1","max-image-preview":"max-image-preview:large","max-video-preview":"max-video-preview:-1"},"canonical":"https:\/\/www.part-oldalak.hu\/wordpress\/2023\/02\/24\/gazdaforumot-tartottak-a-kozos-agrarpolitika-alakulasarol\/","og_locale":"hu_HU","og_type":"article","og_title":"Gazdaf\u00f3rumot tartottak a k\u00f6z\u00f6s agr\u00e1rpolitika alakul\u00e1s\u00e1r\u00f3l - Part-Oldalak Kultur\u00e1lis Egylet","og_description":"A Polg\u00e1rmesteri Hivatal d\u00edszterme adott otthont annak a rendezv\u00e9nynek, melynek c\u00e9lja a k\u00f6z\u00f6s agr\u00e1rpolitika aktualit\u00e1sainak megvitat\u00e1sa volt.","og_url":"https:\/\/www.part-oldalak.hu\/wordpress\/2023\/02\/24\/gazdaforumot-tartottak-a-kozos-agrarpolitika-alakulasarol\/","og_site_name":"Part-Oldalak Kultur\u00e1lis Egylet","article_published_time":"2023-02-24T17:50:05+00:00","article_modified_time":"2023-02-24T17:50:07+00:00","og_image":[{"width":2560,"height":1920,"url":"https:\/\/www.part-oldalak.hu\/wordpress\/wp-content\/uploads\/2023\/02\/IMG_9270-scaled.jpg","type":"image\/jpeg"}],"author":"Kelemen Dorottya","twitter_card":"summary_large_image","twitter_misc":{"Szerz\u0151:":"Kelemen Dorottya","Becs\u00fclt olvas\u00e1si id\u0151":"4 perc"},"schema":{"@context":"https:\/\/schema.org","@graph":[{"@type":"WebPage","@id":"https:\/\/www.part-oldalak.hu\/wordpress\/2023\/02\/24\/gazdaforumot-tartottak-a-kozos-agrarpolitika-alakulasarol\/","url":"https:\/\/www.part-oldalak.hu\/wordpress\/2023\/02\/24\/gazdaforumot-tartottak-a-kozos-agrarpolitika-alakulasarol\/","name":"Gazdaf\u00f3rumot tartottak a k\u00f6z\u00f6s agr\u00e1rpolitika alakul\u00e1s\u00e1r\u00f3l - Part-Oldalak Kultur\u00e1lis Egylet","isPartOf":{"@id":"https:\/\/www.part-oldalak.hu\/wordpress\/#website"},"primaryImageOfPage":{"@id":"https:\/\/www.part-oldalak.hu\/wordpress\/2023\/02\/24\/gazdaforumot-tartottak-a-kozos-agrarpolitika-alakulasarol\/#primaryimage"},"image":{"@id":"https:\/\/www.part-oldalak.hu\/wordpress\/2023\/02\/24\/gazdaforumot-tartottak-a-kozos-agrarpolitika-alakulasarol\/#primaryimage"},"thumbnailUrl":"https:\/\/www.part-oldalak.hu\/wordpress\/wp-content\/uploads\/2023\/02\/IMG_9270-scaled.jpg","datePublished":"2023-02-24T17:50:05+00:00","dateModified":"2023-02-24T17:50:07+00:00","author":{"@id":"https:\/\/www.part-oldalak.hu\/wordpress\/#\/schema\/person\/c884fbd77fcee1cb2ee4cdb02d55315f"},"breadcrumb":{"@id":"https:\/\/www.part-oldalak.hu\/wordpress\/2023\/02\/24\/gazdaforumot-tartottak-a-kozos-agrarpolitika-alakulasarol\/#breadcrumb"},"inLanguage":"hu","potentialAction":[{"@type":"ReadAction","target":["https:\/\/www.part-oldalak.hu\/wordpress\/2023\/02\/24\/gazdaforumot-tartottak-a-kozos-agrarpolitika-alakulasarol\/"]}]},{"@type":"ImageObject","inLanguage":"hu","@id":"https:\/\/www.part-oldalak.hu\/wordpress\/2023\/02\/24\/gazdaforumot-tartottak-a-kozos-agrarpolitika-alakulasarol\/#primaryimage","url":"https:\/\/www.part-oldalak.hu\/wordpress\/wp-content\/uploads\/2023\/02\/IMG_9270-scaled.jpg","contentUrl":"https:\/\/www.part-oldalak.hu\/wordpress\/wp-content\/uploads\/2023\/02\/IMG_9270-scaled.jpg","width":2560,"height":1920},{"@type":"BreadcrumbList","@id":"https:\/\/www.part-oldalak.hu\/wordpress\/2023\/02\/24\/gazdaforumot-tartottak-a-kozos-agrarpolitika-alakulasarol\/#breadcrumb","itemListElement":[{"@type":"ListItem","position":1,"name":"Kezd\u0151lap","item":"https:\/\/www.part-oldalak.hu\/wordpress\/"},{"@type":"ListItem","position":2,"name":"Gazdaf\u00f3rumot tartottak a k\u00f6z\u00f6s agr\u00e1rpolitika alakul\u00e1s\u00e1r\u00f3l"}]},{"@type":"WebSite","@id":"https:\/\/www.part-oldalak.hu\/wordpress\/#website","url":"https:\/\/www.part-oldalak.hu\/wordpress\/","name":"Part-Oldalak Kultur\u00e1lis Egylet","description":"","potentialAction":[{"@type":"SearchAction","target":{"@type":"EntryPoint","urlTemplate":"https:\/\/www.part-oldalak.hu\/wordpress\/?s={search_term_string}"},"query-input":{"@type":"PropertyValueSpecification","valueRequired":true,"valueName":"search_term_string"}}],"inLanguage":"hu"},{"@type":"Person","@id":"https:\/\/www.part-oldalak.hu\/wordpress\/#\/schema\/person\/c884fbd77fcee1cb2ee4cdb02d55315f","name":"Kelemen Dorottya","image":{"@type":"ImageObject","inLanguage":"hu","@id":"https:\/\/www.part-oldalak.hu\/wordpress\/#\/schema\/person\/image\/","url":"https:\/\/secure.gravatar.com\/avatar\/9da28a4fe1cf6c75e5132163678f9461?s=96&d=mm&r=g","contentUrl":"https:\/\/secure.gravatar.com\/avatar\/9da28a4fe1cf6c75e5132163678f9461?s=96&d=mm&r=g","caption":"Kelemen Dorottya"},"url":"https:\/\/www.part-oldalak.hu\/wordpress\/author\/kelemen-dorottya\/"}]}},"_links":{"self":[{"href":"https:\/\/www.part-oldalak.hu\/wordpress\/wp-json\/wp\/v2\/posts\/5509"}],"collection":[{"href":"https:\/\/www.part-oldalak.hu\/wordpress\/wp-json\/wp\/v2\/posts"}],"about":[{"href":"https:\/\/www.part-oldalak.hu\/wordpress\/wp-json\/wp\/v2\/types\/post"}],"author":[{"embeddable":true,"href":"https:\/\/www.part-oldalak.hu\/wordpress\/wp-json\/wp\/v2\/users\/2"}],"replies":[{"embeddable":true,"href":"https:\/\/www.part-oldalak.hu\/wordpress\/wp-json\/wp\/v2\/comments?post=5509"}],"version-history":[{"count":3,"href":"https:\/\/www.part-oldalak.hu\/wordpress\/wp-json\/wp\/v2\/posts\/5509\/revisions"}],"predecessor-version":[{"id":5530,"href":"https:\/\/www.part-oldalak.hu\/wordpress\/wp-json\/wp\/v2\/posts\/5509\/revisions\/5530"}],"wp:featuredmedia":[{"embeddable":true,"href":"https:\/\/www.part-oldalak.hu\/wordpress\/wp-json\/wp\/v2\/media\/5519"}],"wp:attachment":[{"href":"https:\/\/www.part-oldalak.hu\/wordpress\/wp-json\/wp\/v2\/media?parent=5509"}],"wp:term":[{"taxonomy":"category","embeddable":true,"href":"https:\/\/www.part-oldalak.hu\/wordpress\/wp-json\/wp\/v2\/categories?post=5509"},{"taxonomy":"post_tag","embeddable":true,"href":"https:\/\/www.part-oldalak.hu\/wordpress\/wp-json\/wp\/v2\/tags?post=5509"}],"curies":[{"name":"wp","href":"https:\/\/api.w.org\/{rel}","templated":true}]}}