{"id":5384,"date":"2023-02-11T18:37:56","date_gmt":"2023-02-11T17:37:56","guid":{"rendered":"http:\/\/www.part-oldalak.hu\/wordpress\/?p=5384"},"modified":"2023-02-11T18:37:57","modified_gmt":"2023-02-11T17:37:57","slug":"a-keresztenypolitizalas-szuksegszerusege-kerult-eloterbe","status":"publish","type":"post","link":"https:\/\/www.part-oldalak.hu\/wordpress\/2023\/02\/11\/a-keresztenypolitizalas-szuksegszerusege-kerult-eloterbe\/","title":{"rendered":"A kereszt\u00e9nypolitiz\u00e1l\u00e1s sz\u00fcks\u00e9gszer\u0171s\u00e9ge ker\u00fclt el\u0151t\u00e9rbe"},"content":{"rendered":"\n<p>A M\u00e1ltai est\u00e9k m\u00e1sodik el\u0151ad\u00e1s\u00e1n, febru\u00e1r 8-\u00e1n Orb\u00e1n Attila, a Tolna V\u00e1rmegyei K\u00f6zgy\u0171l\u00e9s aleln\u00f6ke, \u00e9s Ker\u00e9nyi Csaba, a Ter\u00fcletfejleszt\u00e9si Miniszt\u00e9rium parlamenti \u00e1llamtitk\u00e1rs\u00e1g\u00e1nak f\u0151tan\u00e1csosa besz\u00e9lgetett Lipt\u00e1k Tam\u00e1ssal. <\/p>\n\n\n\n<h2 class=\"wp-block-heading\">M\u00e1ltai est\u00e9k sorozat<\/h2>\n\n\n\n<p>A Magyar M\u00e1ltai Szeretetszolg\u00e1lat jelmondata a k\u00f6vetkez\u0151:&nbsp;<strong>\u201cA hit v\u00e9delme \u00e9s a szeg\u00e9nyek szolg\u00e1lata.\u201d&nbsp;<\/strong>Ebb\u0151l az ut\u00f3bbival, a szoci\u00e1lis munk\u00e1val j\u00f3l \u00e1llnak \u2013 jegyezte meg&nbsp;<strong>Lipt\u00e1k Tam\u00e1s<\/strong>, majd hozz\u00e1tette \u2013 feladatuk azonban<strong>&nbsp;a hit v\u00e9delm\u00e9nek tan\u00fas\u00e1gt\u00e9tele, ennek megval\u00f3s\u00edt\u00e1sa is.<\/strong>&nbsp;Els\u0151 el\u0151ad\u00e1suk sor\u00e1n <a href=\"https:\/\/www.part-oldalak.hu\/wordpress\/2023\/01\/26\/a-hit-vedelme-volt-a-tema\/\" target=\"_blank\" rel=\"noreferrer noopener\">a budapesti Szent Istv\u00e1n Int\u00e9zet mutatkozott<\/a> be, ez\u00fattal pedig a kereszt\u00e9ny politiz\u00e1l\u00e1s sz\u00fcks\u00e9gszer\u0171s\u00e9ge ker\u00fclt f\u00f3kuszba, avagy <strong>mi\u00e9rt kellenek kereszt\u00e9ny emberek a d\u00f6nt\u00e9shozatalban? <\/strong><\/p>\n\n\n\n<h2 class=\"wp-block-heading\">A kereszt\u00e9ny politiz\u00e1l\u00e1sr\u00f3l <\/h2>\n\n\n\n<p>Az est el\u0151ad\u00f3it arra k\u00e9rt\u00e9k fel, hogy <strong>a kereszt\u00e9ny politiz\u00e1l\u00e1sr\u00f3l besz\u00e9ljenek<\/strong>, hiszen a Tolna megyei KDNP eln\u00f6ke \u00e9s szakmai vezet\u0151je j\u00f6tt el Dunaf\u00f6ldv\u00e1rra. A program lehet\u0151s\u00e9get adott arra, hogy a megyei politiz\u00e1l\u00e1s k\u00fcl\u00f6nb\u00f6z\u0151 aspektusair\u00f3l besz\u00e9lgessenek, valamint sz\u00f3 volt az oktat\u00e1sr\u00f3l, az egyh\u00e1zi int\u00e9zm\u00e9nyek m\u0171k\u00f6d\u00e9s\u00e9r\u0151l. <strong>\u00dagy v\u00e9lik, j\u00f3 folyamatok kezd\u0151dtek mind az oktat\u00e1sban, mind a szoci\u00e1lis \u00e1gazatban, <\/strong>azonban ez egy hossz\u00fa t\u00e1v\u00fa munka lesz, \u00fagy, mint a gyereknevel\u00e9s.<\/p>\n\n\n\n<figure class=\"wp-block-image aligncenter size-large\"><img decoding=\"async\" width=\"1024\" height=\"768\" data-src=\"https:\/\/www.part-oldalak.hu\/wordpress\/wp-content\/uploads\/2023\/02\/IMG_8929-1024x768.jpg\" alt=\"\" class=\"wp-image-5387 lazyload\" data-srcset=\"https:\/\/www.part-oldalak.hu\/wordpress\/wp-content\/uploads\/2023\/02\/IMG_8929-1024x768.jpg 1024w, https:\/\/www.part-oldalak.hu\/wordpress\/wp-content\/uploads\/2023\/02\/IMG_8929-300x225.jpg 300w, https:\/\/www.part-oldalak.hu\/wordpress\/wp-content\/uploads\/2023\/02\/IMG_8929-768x576.jpg 768w, https:\/\/www.part-oldalak.hu\/wordpress\/wp-content\/uploads\/2023\/02\/IMG_8929-1536x1152.jpg 1536w, https:\/\/www.part-oldalak.hu\/wordpress\/wp-content\/uploads\/2023\/02\/IMG_8929-2048x1536.jpg 2048w\" data-sizes=\"(max-width: 1024px) 100vw, 1024px\" src=\"data:image\/svg+xml;base64,PHN2ZyB3aWR0aD0iMSIgaGVpZ2h0PSIxIiB4bWxucz0iaHR0cDovL3d3dy53My5vcmcvMjAwMC9zdmciPjwvc3ZnPg==\" style=\"--smush-placeholder-width: 1024px; --smush-placeholder-aspect-ratio: 1024\/768;\" \/><\/figure>\n\n\n\n<blockquote class=\"wp-block-quote is-layout-flow wp-block-quote-is-layout-flow\">\n<p>A gondoskod\u00e1s politik\u00e1nak komoly \u00e1gazata van Dunaf\u00f6ldv\u00e1ron a M\u00e1ltai Szeretetszolg\u00e1lat r\u00e9v\u00e9n, \u0151k m\u00e1r eddig is nagyon komoly munk\u00e1t v\u00e9geztek, ennek a folytat\u00e1s\u00e1ban \u00e9s eredm\u00e9nyess\u00e9g\u00e9ben szeretn\u00e9k \u0151ket tov\u00e1bbra is t\u00e1mogatni. <\/p>\n<\/blockquote>\n\n\n\n<p>Az el\u0151ad\u00f3k rutinosnak sz\u00e1m\u00edtanak, hiszen t\u00f6bbsz\u00f6r is tartottak m\u00e1r el\u0151ad\u00e1st egy\u00fctt k\u00fcl\u00f6nb\u00f6z\u0151 Tolna megyei telep\u00fcl\u00e9seken, sz\u00edvesen mennek, ha erre k\u00e9rik \u0151ket. <strong>Nagyon fontos sz\u00e1mukra, hogy ilyenkor k\u00f6zelebbi kapcsolatba ker\u00fclnek a k\u00f6z\u00f6ss\u00e9gekkel<\/strong>. <strong>\u00d6r\u00fclnek, ha p\u00e1rbesz\u00e9d alakul ki, ha a hallgat\u00f3s\u00e1g k\u00e9rd\u00e9seket<\/strong> <strong>tesz fel,<\/strong> sz\u00edvesen v\u00e1laszolnak, \u00fagy, ahogyan ez a dunaf\u00f6ldv\u00e1ri el\u0151ad\u00e1son is t\u00f6rt\u00e9nt. <\/p>\n\n\n\n<figure class=\"wp-block-image aligncenter size-large\"><img decoding=\"async\" width=\"1024\" height=\"768\" data-src=\"https:\/\/www.part-oldalak.hu\/wordpress\/wp-content\/uploads\/2023\/02\/IMG_8953-1024x768.jpg\" alt=\"\" class=\"wp-image-5385 lazyload\" data-srcset=\"https:\/\/www.part-oldalak.hu\/wordpress\/wp-content\/uploads\/2023\/02\/IMG_8953-1024x768.jpg 1024w, https:\/\/www.part-oldalak.hu\/wordpress\/wp-content\/uploads\/2023\/02\/IMG_8953-300x225.jpg 300w, https:\/\/www.part-oldalak.hu\/wordpress\/wp-content\/uploads\/2023\/02\/IMG_8953-768x576.jpg 768w, https:\/\/www.part-oldalak.hu\/wordpress\/wp-content\/uploads\/2023\/02\/IMG_8953-1536x1152.jpg 1536w, https:\/\/www.part-oldalak.hu\/wordpress\/wp-content\/uploads\/2023\/02\/IMG_8953-2048x1536.jpg 2048w\" data-sizes=\"(max-width: 1024px) 100vw, 1024px\" src=\"data:image\/svg+xml;base64,PHN2ZyB3aWR0aD0iMSIgaGVpZ2h0PSIxIiB4bWxucz0iaHR0cDovL3d3dy53My5vcmcvMjAwMC9zdmciPjwvc3ZnPg==\" style=\"--smush-placeholder-width: 1024px; --smush-placeholder-aspect-ratio: 1024\/768;\" \/><\/figure>\n\n\n\n<blockquote class=\"wp-block-quote is-layout-flow wp-block-quote-is-layout-flow\">\n<p>\u00c1ltal\u00e1ban az aktualit\u00e1sok j\u00f6nnek el\u0151 ezeket az alkalmakon, mint az oktat\u00e1s, a szoci\u00e1lis \u00fcgyek, a seg\u00edts\u00e9gny\u00fajt\u00e1s.<\/p>\n<\/blockquote>\n\n\n\n<h2 class=\"wp-block-heading\">A terveikr\u0151l <\/h2>\n\n\n\n<p>Az\u00e9rt is j\u00f6nnek el a telep\u00fcl\u00e9sekre, hogy besz\u00e9ljenek a kereszt\u00e9ny demokr\u00e1ci\u00e1r\u00f3l \u00e9s felaj\u00e1nlj\u00e1k annak a lehet\u0151s\u00e9g\u00e9t, hogy,<strong> akik m\u00e9g nem csatlakoztak hivatalosan is a KDNP-hez, a kereszt\u00e9ny demokrata k\u00f6z\u00f6ss\u00e9ghez, azok megtehess\u00e9k ezt<\/strong>. Szeretn\u00e9k Tolna v\u00e1rmegy\u00e9ben \u00e9s orsz\u00e1gos szinten is ezt a k\u00f6z\u00f6ss\u00e9get er\u0151s\u00edteni, b\u0151v\u00edteni, \u00e9p\u00edteni. Tolna v\u00e1rmegy\u00e9ben jelenleg <strong>41 szervezet\u00fck van, 109 telep\u00fcl\u00e9sr\u0151l<\/strong>, ami nagyon j\u00f3 ar\u00e1ny, de ebben a tekintetben az idei \u00e9vben is b\u0151v\u00fclnek, lassan el\u00e9rik, hogy minden m\u00e1sodik telep\u00fcl\u00e9sen lesz egy KDNP szervezet\u00fck. Sz\u00e1mos tagjuk van m\u00e1r, <strong>de szeretn\u00e9k a fiatalokat is bevonni a k\u00f6z\u00f6ss\u00e9gbe, <\/strong>egy\u00fattal a csal\u00e1dok\u00e9rt dolgozni, hiszen a KDNP a csal\u00e1dok k\u00f6z\u00f6ss\u00e9ge is. <\/p>\n","protected":false},"excerpt":{"rendered":"<p>A M\u00e1ltai est\u00e9k m\u00e1sodik el\u0151ad\u00e1s\u00e1n, febru\u00e1r 8-\u00e1n Orb\u00e1n Attila, a Tolna V\u00e1rmegyei K\u00f6zgy\u0171l\u00e9s aleln\u00f6ke, \u00e9s Ker\u00e9nyi Csaba, a Ter\u00fcletfejleszt\u00e9si Miniszt\u00e9rium parlamenti \u00e1llamtitk\u00e1rs\u00e1g\u00e1nak f\u0151tan\u00e1csosa besz\u00e9lgetett Lipt\u00e1k Tam\u00e1ssal. <\/p>\n","protected":false},"author":2,"featured_media":5386,"comment_status":"open","ping_status":"open","sticky":false,"template":"","format":"standard","meta":{"_monsterinsights_skip_tracking":false,"_monsterinsights_sitenote_active":false,"_monsterinsights_sitenote_note":"","_monsterinsights_sitenote_category":0,"footnotes":""},"categories":[9],"tags":[3,17,5],"class_list":["post-5384","post","type-post","status-publish","format-standard","has-post-thumbnail","hentry","category-kozelet","tag-kozelet","tag-mozaik","tag-program"],"aioseo_notices":[],"yoast_head":"<!-- This site is optimized with the Yoast SEO plugin v25.6 - https:\/\/yoast.com\/wordpress\/plugins\/seo\/ -->\n<title>A kereszt\u00e9nypolitiz\u00e1l\u00e1s sz\u00fcks\u00e9gszer\u0171s\u00e9ge ker\u00fclt el\u0151t\u00e9rbe - Part-Oldalak Kultur\u00e1lis Egylet<\/title>\n<meta name=\"robots\" content=\"index, follow, max-snippet:-1, max-image-preview:large, max-video-preview:-1\" \/>\n<link rel=\"canonical\" href=\"https:\/\/www.part-oldalak.hu\/wordpress\/2023\/02\/11\/a-keresztenypolitizalas-szuksegszerusege-kerult-eloterbe\/\" \/>\n<meta property=\"og:locale\" content=\"hu_HU\" \/>\n<meta property=\"og:type\" content=\"article\" \/>\n<meta property=\"og:title\" content=\"A kereszt\u00e9nypolitiz\u00e1l\u00e1s sz\u00fcks\u00e9gszer\u0171s\u00e9ge ker\u00fclt el\u0151t\u00e9rbe - Part-Oldalak Kultur\u00e1lis Egylet\" \/>\n<meta property=\"og:description\" content=\"A M\u00e1ltai est\u00e9k m\u00e1sodik el\u0151ad\u00e1s\u00e1n, febru\u00e1r 8-\u00e1n Orb\u00e1n Attila, a Tolna V\u00e1rmegyei K\u00f6zgy\u0171l\u00e9s aleln\u00f6ke, \u00e9s Ker\u00e9nyi Csaba, a Ter\u00fcletfejleszt\u00e9si Miniszt\u00e9rium parlamenti \u00e1llamtitk\u00e1rs\u00e1g\u00e1nak f\u0151tan\u00e1csosa besz\u00e9lgetett Lipt\u00e1k Tam\u00e1ssal.\" \/>\n<meta property=\"og:url\" content=\"https:\/\/www.part-oldalak.hu\/wordpress\/2023\/02\/11\/a-keresztenypolitizalas-szuksegszerusege-kerult-eloterbe\/\" \/>\n<meta property=\"og:site_name\" content=\"Part-Oldalak Kultur\u00e1lis Egylet\" \/>\n<meta property=\"article:published_time\" content=\"2023-02-11T17:37:56+00:00\" \/>\n<meta property=\"article:modified_time\" content=\"2023-02-11T17:37:57+00:00\" \/>\n<meta property=\"og:image\" content=\"https:\/\/www.part-oldalak.hu\/wordpress\/wp-content\/uploads\/2023\/02\/IMG_8920-scaled.jpg\" \/>\n\t<meta property=\"og:image:width\" content=\"2560\" \/>\n\t<meta property=\"og:image:height\" content=\"1920\" \/>\n\t<meta property=\"og:image:type\" content=\"image\/jpeg\" \/>\n<meta name=\"author\" content=\"Kelemen Dorottya\" \/>\n<meta name=\"twitter:card\" content=\"summary_large_image\" \/>\n<meta name=\"twitter:label1\" content=\"Szerz\u0151:\" \/>\n\t<meta name=\"twitter:data1\" content=\"Kelemen Dorottya\" \/>\n\t<meta name=\"twitter:label2\" content=\"Becs\u00fclt olvas\u00e1si id\u0151\" \/>\n\t<meta name=\"twitter:data2\" content=\"3 perc\" \/>\n<script type=\"application\/ld+json\" class=\"yoast-schema-graph\">{\"@context\":\"https:\/\/schema.org\",\"@graph\":[{\"@type\":\"WebPage\",\"@id\":\"https:\/\/www.part-oldalak.hu\/wordpress\/2023\/02\/11\/a-keresztenypolitizalas-szuksegszerusege-kerult-eloterbe\/\",\"url\":\"https:\/\/www.part-oldalak.hu\/wordpress\/2023\/02\/11\/a-keresztenypolitizalas-szuksegszerusege-kerult-eloterbe\/\",\"name\":\"A kereszt\u00e9nypolitiz\u00e1l\u00e1s sz\u00fcks\u00e9gszer\u0171s\u00e9ge ker\u00fclt el\u0151t\u00e9rbe - Part-Oldalak Kultur\u00e1lis Egylet\",\"isPartOf\":{\"@id\":\"https:\/\/www.part-oldalak.hu\/wordpress\/#website\"},\"primaryImageOfPage\":{\"@id\":\"https:\/\/www.part-oldalak.hu\/wordpress\/2023\/02\/11\/a-keresztenypolitizalas-szuksegszerusege-kerult-eloterbe\/#primaryimage\"},\"image\":{\"@id\":\"https:\/\/www.part-oldalak.hu\/wordpress\/2023\/02\/11\/a-keresztenypolitizalas-szuksegszerusege-kerult-eloterbe\/#primaryimage\"},\"thumbnailUrl\":\"https:\/\/www.part-oldalak.hu\/wordpress\/wp-content\/uploads\/2023\/02\/IMG_8920-scaled.jpg\",\"datePublished\":\"2023-02-11T17:37:56+00:00\",\"dateModified\":\"2023-02-11T17:37:57+00:00\",\"author\":{\"@id\":\"https:\/\/www.part-oldalak.hu\/wordpress\/#\/schema\/person\/c884fbd77fcee1cb2ee4cdb02d55315f\"},\"breadcrumb\":{\"@id\":\"https:\/\/www.part-oldalak.hu\/wordpress\/2023\/02\/11\/a-keresztenypolitizalas-szuksegszerusege-kerult-eloterbe\/#breadcrumb\"},\"inLanguage\":\"hu\",\"potentialAction\":[{\"@type\":\"ReadAction\",\"target\":[\"https:\/\/www.part-oldalak.hu\/wordpress\/2023\/02\/11\/a-keresztenypolitizalas-szuksegszerusege-kerult-eloterbe\/\"]}]},{\"@type\":\"ImageObject\",\"inLanguage\":\"hu\",\"@id\":\"https:\/\/www.part-oldalak.hu\/wordpress\/2023\/02\/11\/a-keresztenypolitizalas-szuksegszerusege-kerult-eloterbe\/#primaryimage\",\"url\":\"https:\/\/www.part-oldalak.hu\/wordpress\/wp-content\/uploads\/2023\/02\/IMG_8920-scaled.jpg\",\"contentUrl\":\"https:\/\/www.part-oldalak.hu\/wordpress\/wp-content\/uploads\/2023\/02\/IMG_8920-scaled.jpg\",\"width\":2560,\"height\":1920},{\"@type\":\"BreadcrumbList\",\"@id\":\"https:\/\/www.part-oldalak.hu\/wordpress\/2023\/02\/11\/a-keresztenypolitizalas-szuksegszerusege-kerult-eloterbe\/#breadcrumb\",\"itemListElement\":[{\"@type\":\"ListItem\",\"position\":1,\"name\":\"Kezd\u0151lap\",\"item\":\"https:\/\/www.part-oldalak.hu\/wordpress\/\"},{\"@type\":\"ListItem\",\"position\":2,\"name\":\"A kereszt\u00e9nypolitiz\u00e1l\u00e1s sz\u00fcks\u00e9gszer\u0171s\u00e9ge ker\u00fclt el\u0151t\u00e9rbe\"}]},{\"@type\":\"WebSite\",\"@id\":\"https:\/\/www.part-oldalak.hu\/wordpress\/#website\",\"url\":\"https:\/\/www.part-oldalak.hu\/wordpress\/\",\"name\":\"Part-Oldalak Kultur\u00e1lis Egylet\",\"description\":\"\",\"potentialAction\":[{\"@type\":\"SearchAction\",\"target\":{\"@type\":\"EntryPoint\",\"urlTemplate\":\"https:\/\/www.part-oldalak.hu\/wordpress\/?s={search_term_string}\"},\"query-input\":{\"@type\":\"PropertyValueSpecification\",\"valueRequired\":true,\"valueName\":\"search_term_string\"}}],\"inLanguage\":\"hu\"},{\"@type\":\"Person\",\"@id\":\"https:\/\/www.part-oldalak.hu\/wordpress\/#\/schema\/person\/c884fbd77fcee1cb2ee4cdb02d55315f\",\"name\":\"Kelemen Dorottya\",\"image\":{\"@type\":\"ImageObject\",\"inLanguage\":\"hu\",\"@id\":\"https:\/\/www.part-oldalak.hu\/wordpress\/#\/schema\/person\/image\/\",\"url\":\"https:\/\/secure.gravatar.com\/avatar\/9da28a4fe1cf6c75e5132163678f9461?s=96&d=mm&r=g\",\"contentUrl\":\"https:\/\/secure.gravatar.com\/avatar\/9da28a4fe1cf6c75e5132163678f9461?s=96&d=mm&r=g\",\"caption\":\"Kelemen Dorottya\"},\"url\":\"https:\/\/www.part-oldalak.hu\/wordpress\/author\/kelemen-dorottya\/\"}]}<\/script>\n<!-- \/ Yoast SEO plugin. -->","yoast_head_json":{"title":"A kereszt\u00e9nypolitiz\u00e1l\u00e1s sz\u00fcks\u00e9gszer\u0171s\u00e9ge ker\u00fclt el\u0151t\u00e9rbe - Part-Oldalak Kultur\u00e1lis Egylet","robots":{"index":"index","follow":"follow","max-snippet":"max-snippet:-1","max-image-preview":"max-image-preview:large","max-video-preview":"max-video-preview:-1"},"canonical":"https:\/\/www.part-oldalak.hu\/wordpress\/2023\/02\/11\/a-keresztenypolitizalas-szuksegszerusege-kerult-eloterbe\/","og_locale":"hu_HU","og_type":"article","og_title":"A kereszt\u00e9nypolitiz\u00e1l\u00e1s sz\u00fcks\u00e9gszer\u0171s\u00e9ge ker\u00fclt el\u0151t\u00e9rbe - Part-Oldalak Kultur\u00e1lis Egylet","og_description":"A M\u00e1ltai est\u00e9k m\u00e1sodik el\u0151ad\u00e1s\u00e1n, febru\u00e1r 8-\u00e1n Orb\u00e1n Attila, a Tolna V\u00e1rmegyei K\u00f6zgy\u0171l\u00e9s aleln\u00f6ke, \u00e9s Ker\u00e9nyi Csaba, a Ter\u00fcletfejleszt\u00e9si Miniszt\u00e9rium parlamenti \u00e1llamtitk\u00e1rs\u00e1g\u00e1nak f\u0151tan\u00e1csosa besz\u00e9lgetett Lipt\u00e1k Tam\u00e1ssal.","og_url":"https:\/\/www.part-oldalak.hu\/wordpress\/2023\/02\/11\/a-keresztenypolitizalas-szuksegszerusege-kerult-eloterbe\/","og_site_name":"Part-Oldalak Kultur\u00e1lis Egylet","article_published_time":"2023-02-11T17:37:56+00:00","article_modified_time":"2023-02-11T17:37:57+00:00","og_image":[{"width":2560,"height":1920,"url":"https:\/\/www.part-oldalak.hu\/wordpress\/wp-content\/uploads\/2023\/02\/IMG_8920-scaled.jpg","type":"image\/jpeg"}],"author":"Kelemen Dorottya","twitter_card":"summary_large_image","twitter_misc":{"Szerz\u0151:":"Kelemen Dorottya","Becs\u00fclt olvas\u00e1si id\u0151":"3 perc"},"schema":{"@context":"https:\/\/schema.org","@graph":[{"@type":"WebPage","@id":"https:\/\/www.part-oldalak.hu\/wordpress\/2023\/02\/11\/a-keresztenypolitizalas-szuksegszerusege-kerult-eloterbe\/","url":"https:\/\/www.part-oldalak.hu\/wordpress\/2023\/02\/11\/a-keresztenypolitizalas-szuksegszerusege-kerult-eloterbe\/","name":"A kereszt\u00e9nypolitiz\u00e1l\u00e1s sz\u00fcks\u00e9gszer\u0171s\u00e9ge ker\u00fclt el\u0151t\u00e9rbe - Part-Oldalak Kultur\u00e1lis Egylet","isPartOf":{"@id":"https:\/\/www.part-oldalak.hu\/wordpress\/#website"},"primaryImageOfPage":{"@id":"https:\/\/www.part-oldalak.hu\/wordpress\/2023\/02\/11\/a-keresztenypolitizalas-szuksegszerusege-kerult-eloterbe\/#primaryimage"},"image":{"@id":"https:\/\/www.part-oldalak.hu\/wordpress\/2023\/02\/11\/a-keresztenypolitizalas-szuksegszerusege-kerult-eloterbe\/#primaryimage"},"thumbnailUrl":"https:\/\/www.part-oldalak.hu\/wordpress\/wp-content\/uploads\/2023\/02\/IMG_8920-scaled.jpg","datePublished":"2023-02-11T17:37:56+00:00","dateModified":"2023-02-11T17:37:57+00:00","author":{"@id":"https:\/\/www.part-oldalak.hu\/wordpress\/#\/schema\/person\/c884fbd77fcee1cb2ee4cdb02d55315f"},"breadcrumb":{"@id":"https:\/\/www.part-oldalak.hu\/wordpress\/2023\/02\/11\/a-keresztenypolitizalas-szuksegszerusege-kerult-eloterbe\/#breadcrumb"},"inLanguage":"hu","potentialAction":[{"@type":"ReadAction","target":["https:\/\/www.part-oldalak.hu\/wordpress\/2023\/02\/11\/a-keresztenypolitizalas-szuksegszerusege-kerult-eloterbe\/"]}]},{"@type":"ImageObject","inLanguage":"hu","@id":"https:\/\/www.part-oldalak.hu\/wordpress\/2023\/02\/11\/a-keresztenypolitizalas-szuksegszerusege-kerult-eloterbe\/#primaryimage","url":"https:\/\/www.part-oldalak.hu\/wordpress\/wp-content\/uploads\/2023\/02\/IMG_8920-scaled.jpg","contentUrl":"https:\/\/www.part-oldalak.hu\/wordpress\/wp-content\/uploads\/2023\/02\/IMG_8920-scaled.jpg","width":2560,"height":1920},{"@type":"BreadcrumbList","@id":"https:\/\/www.part-oldalak.hu\/wordpress\/2023\/02\/11\/a-keresztenypolitizalas-szuksegszerusege-kerult-eloterbe\/#breadcrumb","itemListElement":[{"@type":"ListItem","position":1,"name":"Kezd\u0151lap","item":"https:\/\/www.part-oldalak.hu\/wordpress\/"},{"@type":"ListItem","position":2,"name":"A kereszt\u00e9nypolitiz\u00e1l\u00e1s sz\u00fcks\u00e9gszer\u0171s\u00e9ge ker\u00fclt el\u0151t\u00e9rbe"}]},{"@type":"WebSite","@id":"https:\/\/www.part-oldalak.hu\/wordpress\/#website","url":"https:\/\/www.part-oldalak.hu\/wordpress\/","name":"Part-Oldalak Kultur\u00e1lis Egylet","description":"","potentialAction":[{"@type":"SearchAction","target":{"@type":"EntryPoint","urlTemplate":"https:\/\/www.part-oldalak.hu\/wordpress\/?s={search_term_string}"},"query-input":{"@type":"PropertyValueSpecification","valueRequired":true,"valueName":"search_term_string"}}],"inLanguage":"hu"},{"@type":"Person","@id":"https:\/\/www.part-oldalak.hu\/wordpress\/#\/schema\/person\/c884fbd77fcee1cb2ee4cdb02d55315f","name":"Kelemen Dorottya","image":{"@type":"ImageObject","inLanguage":"hu","@id":"https:\/\/www.part-oldalak.hu\/wordpress\/#\/schema\/person\/image\/","url":"https:\/\/secure.gravatar.com\/avatar\/9da28a4fe1cf6c75e5132163678f9461?s=96&d=mm&r=g","contentUrl":"https:\/\/secure.gravatar.com\/avatar\/9da28a4fe1cf6c75e5132163678f9461?s=96&d=mm&r=g","caption":"Kelemen Dorottya"},"url":"https:\/\/www.part-oldalak.hu\/wordpress\/author\/kelemen-dorottya\/"}]}},"_links":{"self":[{"href":"https:\/\/www.part-oldalak.hu\/wordpress\/wp-json\/wp\/v2\/posts\/5384"}],"collection":[{"href":"https:\/\/www.part-oldalak.hu\/wordpress\/wp-json\/wp\/v2\/posts"}],"about":[{"href":"https:\/\/www.part-oldalak.hu\/wordpress\/wp-json\/wp\/v2\/types\/post"}],"author":[{"embeddable":true,"href":"https:\/\/www.part-oldalak.hu\/wordpress\/wp-json\/wp\/v2\/users\/2"}],"replies":[{"embeddable":true,"href":"https:\/\/www.part-oldalak.hu\/wordpress\/wp-json\/wp\/v2\/comments?post=5384"}],"version-history":[{"count":2,"href":"https:\/\/www.part-oldalak.hu\/wordpress\/wp-json\/wp\/v2\/posts\/5384\/revisions"}],"predecessor-version":[{"id":5390,"href":"https:\/\/www.part-oldalak.hu\/wordpress\/wp-json\/wp\/v2\/posts\/5384\/revisions\/5390"}],"wp:featuredmedia":[{"embeddable":true,"href":"https:\/\/www.part-oldalak.hu\/wordpress\/wp-json\/wp\/v2\/media\/5386"}],"wp:attachment":[{"href":"https:\/\/www.part-oldalak.hu\/wordpress\/wp-json\/wp\/v2\/media?parent=5384"}],"wp:term":[{"taxonomy":"category","embeddable":true,"href":"https:\/\/www.part-oldalak.hu\/wordpress\/wp-json\/wp\/v2\/categories?post=5384"},{"taxonomy":"post_tag","embeddable":true,"href":"https:\/\/www.part-oldalak.hu\/wordpress\/wp-json\/wp\/v2\/tags?post=5384"}],"curies":[{"name":"wp","href":"https:\/\/api.w.org\/{rel}","templated":true}]}}