{"id":5354,"date":"2023-02-08T18:37:08","date_gmt":"2023-02-08T17:37:08","guid":{"rendered":"http:\/\/www.part-oldalak.hu\/wordpress\/?p=5354"},"modified":"2023-02-08T18:37:10","modified_gmt":"2023-02-08T17:37:10","slug":"koncert-a-maltasoknak","status":"publish","type":"post","link":"https:\/\/www.part-oldalak.hu\/wordpress\/2023\/02\/08\/koncert-a-maltasoknak\/","title":{"rendered":"Koncert a M\u00e1lt\u00e1soknak"},"content":{"rendered":"\n<p>Egy fantasztikus zenei \u00e9lm\u00e9nnyel indult az \u00e9v a dunaf\u00f6ldv\u00e1ri M\u00e1ltai Szeretetszolg\u00e1lathoz tartoz\u00f3 kontingens sz\u00e1m\u00e1ra, hiszen Zsik\u00f3 Zsuzsanna \u00e9s a Tarsoly zenekar \u00e9rkezett a megh\u00edv\u00e1sukra a Berze-Nagy Ilona V\u00e1rosi K\u00f6nyvt\u00e1rba. <\/p>\n\n\n\n<h2 class=\"wp-block-heading\">Koncert \u00e9s szeretetvend\u00e9gs\u00e9g <\/h2>\n\n\n\n<p>A tavalyi \u00e9v sor\u00e1n mer\u00fclt fel, hogy <strong>a helyi M\u00e1lt\u00e1s csapat<\/strong> sz\u00e1m\u00e1ra szerveznek egy programot, ebbe beletartozik <strong>a Tanoda, az \u00d6nk\u00e9ntes csoport, T\u00e1mogat\u00f3 szolg\u00e1lat, Napsug\u00e1r Id\u0151sek Otthon<\/strong>a. Az eredeti terv egy kar\u00e1csonyi koncert volt, ezzel szerettek volna a fenntart\u00f3 \u00e9s a vezet\u0151s\u00e9g r\u00e9sz\u00e9r\u0151l kedveskedni a csapatnak, azonban az id\u0151 r\u00f6vids\u00e9ge \u00e9s a sok-sok program k\u00f6zepette ez nem tudott megval\u00f3sulni. <\/p>\n\n\n\n<blockquote class=\"wp-block-quote is-layout-flow wp-block-quote-is-layout-flow\">\n<p>Ez a mostani esem\u00e9ny azonban nem csak egy koncert volt, hanem <strong>szeretet vend\u00e9gs\u00e9g is<\/strong>, ami egy \u00f6sszefog\u00e1s r\u00e9szek\u00e9nt val\u00f3sult meg. J\u00e1kli Viktor \u00e9s az \u00f6nk\u00e9ntes csoport, valamint az int\u00e9zm\u00e9nyek valamennyi dolgoz\u00f3ja beletette a munk\u00e1j\u00e1t. <\/p>\n<\/blockquote>\n\n\n\n<p>A koncert ut\u00e1n <strong>pirosra tapsolt\u00e1k a tenyer\u00fcket <\/strong>&#8211; a zene r\u00e9v\u00e9n egy igazi k\u00f6z\u00f6ss\u00e9g kov\u00e1csol\u00f3dott \u00f6ssze a muzsik\u00e1nak \u00e9s az \u00e9neksz\u00f3nak k\u00f6sz\u00f6nhet\u0151en. R\u00e1ad\u00e1sul a fell\u00e9p\u0151k, <strong>Zsik\u00f3 Zsuzsanna \u00e9s a Tarsoly zenekar <\/strong>t\u00e9r\u00edt\u00e9smentesen adtak koncertet Dunaf\u00f6ldv\u00e1ron.<\/p>\n\n\n\n<figure class=\"wp-block-image size-large\"><img decoding=\"async\" width=\"1024\" height=\"768\" data-src=\"https:\/\/www.part-oldalak.hu\/wordpress\/wp-content\/uploads\/2023\/02\/IMG_8499-1024x768.jpg\" alt=\"\" class=\"wp-image-5357 lazyload\" data-srcset=\"https:\/\/www.part-oldalak.hu\/wordpress\/wp-content\/uploads\/2023\/02\/IMG_8499-1024x768.jpg 1024w, https:\/\/www.part-oldalak.hu\/wordpress\/wp-content\/uploads\/2023\/02\/IMG_8499-300x225.jpg 300w, https:\/\/www.part-oldalak.hu\/wordpress\/wp-content\/uploads\/2023\/02\/IMG_8499-768x576.jpg 768w, https:\/\/www.part-oldalak.hu\/wordpress\/wp-content\/uploads\/2023\/02\/IMG_8499-1536x1152.jpg 1536w, https:\/\/www.part-oldalak.hu\/wordpress\/wp-content\/uploads\/2023\/02\/IMG_8499-2048x1536.jpg 2048w\" data-sizes=\"(max-width: 1024px) 100vw, 1024px\" src=\"data:image\/svg+xml;base64,PHN2ZyB3aWR0aD0iMSIgaGVpZ2h0PSIxIiB4bWxucz0iaHR0cDovL3d3dy53My5vcmcvMjAwMC9zdmciPjwvc3ZnPg==\" style=\"--smush-placeholder-width: 1024px; --smush-placeholder-aspect-ratio: 1024\/768;\" \/><\/figure>\n\n\n\n<h2 class=\"wp-block-heading\">A zenekarr\u00f3l <\/h2>\n\n\n\n<p>Sz\u00edvmelenget\u0151 koncertet adott <strong>az id\u00e9n m\u00e1r 12 \u00e9ves Tarsoly zenekar, akik n\u00e9pzen\u00e9vel foglalkoznak<\/strong>. Anno a v\u00e1ci konzervat\u00f3riumban kezdtek el tanulni, majd a Liszt Ferenc Zenem\u0171v\u00e9szeti Egyetem n\u00f6vend\u00e9kei lettek, a zenekarban pedig <strong>majdnem mindenki f\u0151\u00e1ll\u00e1sszer\u0171en foglalkozik zen\u00e9l\u00e9ssel<\/strong>. <\/p>\n\n\n\n<figure class=\"wp-block-image aligncenter size-large\"><img decoding=\"async\" width=\"1024\" height=\"768\" data-src=\"https:\/\/www.part-oldalak.hu\/wordpress\/wp-content\/uploads\/2023\/02\/IMG_8515-1024x768.jpg\" alt=\"\" class=\"wp-image-5356 lazyload\" data-srcset=\"https:\/\/www.part-oldalak.hu\/wordpress\/wp-content\/uploads\/2023\/02\/IMG_8515-1024x768.jpg 1024w, https:\/\/www.part-oldalak.hu\/wordpress\/wp-content\/uploads\/2023\/02\/IMG_8515-300x225.jpg 300w, https:\/\/www.part-oldalak.hu\/wordpress\/wp-content\/uploads\/2023\/02\/IMG_8515-768x576.jpg 768w, https:\/\/www.part-oldalak.hu\/wordpress\/wp-content\/uploads\/2023\/02\/IMG_8515-1536x1152.jpg 1536w, https:\/\/www.part-oldalak.hu\/wordpress\/wp-content\/uploads\/2023\/02\/IMG_8515-2048x1536.jpg 2048w\" data-sizes=\"(max-width: 1024px) 100vw, 1024px\" src=\"data:image\/svg+xml;base64,PHN2ZyB3aWR0aD0iMSIgaGVpZ2h0PSIxIiB4bWxucz0iaHR0cDovL3d3dy53My5vcmcvMjAwMC9zdmciPjwvc3ZnPg==\" style=\"--smush-placeholder-width: 1024px; --smush-placeholder-aspect-ratio: 1024\/768;\" \/><\/figure>\n\n\n\n<p>A h\u00e9t f\u0151b\u0151l \u00e1ll\u00f3 zenekar az<strong> &#8222;\u00cdrtam egy levelet Amerik\u00e1ba&#8221; c\u00edm\u0171, 2020-as lemez\u00fck <\/strong>anyag\u00e1r\u00f3l j\u00e1tszotta el a dalait. Ezek mind arr\u00f3l sz\u00f3lnak, hogy emberek j\u00f6nnek-mennek a nagyvil\u00e1gban, szerencs\u00e9t pr\u00f3b\u00e1lnak, karriert \u00e9p\u00edtenek, munk\u00e1t v\u00e1llalnak \u00e9s ez m\u00e1r p\u00e1r sz\u00e1z \u00e9vvel ezel\u0151tt is ugyan\u00edgy volt, amikor Amerik\u00e1t felfedezt\u00e9k. Magyarorsz\u00e1gr\u00f3l is jelent\u0151s n\u00e9pess\u00e9g telepedett \u00e1t a tengeren t\u00falra, ahogyan m\u00e1s nyugat-eur\u00f3pai orsz\u00e1gb\u00f3l is megtett\u00e9k ezt.<strong> Ezeket a dalokat \u00e9nekelte meg a magyar n\u00e9p is \u00e9s ezeket gy\u0171jt\u00f6tt\u00e9k \u00f6ssze erre az el\u0151ad\u00e1sra. <\/strong><\/p>\n","protected":false},"excerpt":{"rendered":"<p>Egy fantasztikus zenei \u00e9lm\u00e9nnyel indult az \u00e9v a dunaf\u00f6ldv\u00e1ri M\u00e1ltai Szeretetszolg\u00e1lathoz tartoz\u00f3 kontingens sz\u00e1m\u00e1ra, hiszen Zsik\u00f3 Zsuzsanna \u00e9s a Tarsoly zenekar \u00e9rkezett a megh\u00edv\u00e1sukra a Berze-Nagy Ilona V\u00e1rosi K\u00f6nyvt\u00e1rba. <\/p>\n","protected":false},"author":2,"featured_media":5355,"comment_status":"open","ping_status":"open","sticky":false,"template":"","format":"standard","meta":{"_monsterinsights_skip_tracking":false,"_monsterinsights_sitenote_active":false,"_monsterinsights_sitenote_note":"","_monsterinsights_sitenote_category":0,"footnotes":""},"categories":[6,1],"tags":[4,17,5],"class_list":["post-5354","post","type-post","status-publish","format-standard","has-post-thumbnail","hentry","category-kultura","category-mozaik","tag-kultura","tag-mozaik","tag-program"],"aioseo_notices":[],"yoast_head":"<!-- This site is optimized with the Yoast SEO plugin v25.6 - https:\/\/yoast.com\/wordpress\/plugins\/seo\/ -->\n<title>Koncert a M\u00e1lt\u00e1soknak - Part-Oldalak Kultur\u00e1lis Egylet<\/title>\n<meta name=\"robots\" content=\"index, follow, max-snippet:-1, max-image-preview:large, max-video-preview:-1\" \/>\n<link rel=\"canonical\" href=\"https:\/\/www.part-oldalak.hu\/wordpress\/2023\/02\/08\/koncert-a-maltasoknak\/\" \/>\n<meta property=\"og:locale\" content=\"hu_HU\" \/>\n<meta property=\"og:type\" content=\"article\" \/>\n<meta property=\"og:title\" content=\"Koncert a M\u00e1lt\u00e1soknak - Part-Oldalak Kultur\u00e1lis Egylet\" \/>\n<meta property=\"og:description\" content=\"Egy fantasztikus zenei \u00e9lm\u00e9nnyel indult az \u00e9v a dunaf\u00f6ldv\u00e1ri M\u00e1ltai Szeretetszolg\u00e1lathoz tartoz\u00f3 kontingens sz\u00e1m\u00e1ra, hiszen Zsik\u00f3 Zsuzsanna \u00e9s a Tarsoly zenekar \u00e9rkezett a megh\u00edv\u00e1sukra a Berze-Nagy Ilona V\u00e1rosi K\u00f6nyvt\u00e1rba.\" \/>\n<meta property=\"og:url\" content=\"https:\/\/www.part-oldalak.hu\/wordpress\/2023\/02\/08\/koncert-a-maltasoknak\/\" \/>\n<meta property=\"og:site_name\" content=\"Part-Oldalak Kultur\u00e1lis Egylet\" \/>\n<meta property=\"article:published_time\" content=\"2023-02-08T17:37:08+00:00\" \/>\n<meta property=\"article:modified_time\" content=\"2023-02-08T17:37:10+00:00\" \/>\n<meta property=\"og:image\" content=\"https:\/\/www.part-oldalak.hu\/wordpress\/wp-content\/uploads\/2023\/02\/IMG_8528-1-scaled.jpg\" \/>\n\t<meta property=\"og:image:width\" content=\"2560\" \/>\n\t<meta property=\"og:image:height\" content=\"1920\" \/>\n\t<meta property=\"og:image:type\" content=\"image\/jpeg\" \/>\n<meta name=\"author\" content=\"Kelemen Dorottya\" \/>\n<meta name=\"twitter:card\" content=\"summary_large_image\" \/>\n<meta name=\"twitter:label1\" content=\"Szerz\u0151:\" \/>\n\t<meta name=\"twitter:data1\" content=\"Kelemen Dorottya\" \/>\n\t<meta name=\"twitter:label2\" content=\"Becs\u00fclt olvas\u00e1si id\u0151\" \/>\n\t<meta name=\"twitter:data2\" content=\"2 perc\" \/>\n<script type=\"application\/ld+json\" class=\"yoast-schema-graph\">{\"@context\":\"https:\/\/schema.org\",\"@graph\":[{\"@type\":\"WebPage\",\"@id\":\"https:\/\/www.part-oldalak.hu\/wordpress\/2023\/02\/08\/koncert-a-maltasoknak\/\",\"url\":\"https:\/\/www.part-oldalak.hu\/wordpress\/2023\/02\/08\/koncert-a-maltasoknak\/\",\"name\":\"Koncert a M\u00e1lt\u00e1soknak - Part-Oldalak Kultur\u00e1lis Egylet\",\"isPartOf\":{\"@id\":\"https:\/\/www.part-oldalak.hu\/wordpress\/#website\"},\"primaryImageOfPage\":{\"@id\":\"https:\/\/www.part-oldalak.hu\/wordpress\/2023\/02\/08\/koncert-a-maltasoknak\/#primaryimage\"},\"image\":{\"@id\":\"https:\/\/www.part-oldalak.hu\/wordpress\/2023\/02\/08\/koncert-a-maltasoknak\/#primaryimage\"},\"thumbnailUrl\":\"https:\/\/www.part-oldalak.hu\/wordpress\/wp-content\/uploads\/2023\/02\/IMG_8528-1-scaled.jpg\",\"datePublished\":\"2023-02-08T17:37:08+00:00\",\"dateModified\":\"2023-02-08T17:37:10+00:00\",\"author\":{\"@id\":\"https:\/\/www.part-oldalak.hu\/wordpress\/#\/schema\/person\/c884fbd77fcee1cb2ee4cdb02d55315f\"},\"breadcrumb\":{\"@id\":\"https:\/\/www.part-oldalak.hu\/wordpress\/2023\/02\/08\/koncert-a-maltasoknak\/#breadcrumb\"},\"inLanguage\":\"hu\",\"potentialAction\":[{\"@type\":\"ReadAction\",\"target\":[\"https:\/\/www.part-oldalak.hu\/wordpress\/2023\/02\/08\/koncert-a-maltasoknak\/\"]}]},{\"@type\":\"ImageObject\",\"inLanguage\":\"hu\",\"@id\":\"https:\/\/www.part-oldalak.hu\/wordpress\/2023\/02\/08\/koncert-a-maltasoknak\/#primaryimage\",\"url\":\"https:\/\/www.part-oldalak.hu\/wordpress\/wp-content\/uploads\/2023\/02\/IMG_8528-1-scaled.jpg\",\"contentUrl\":\"https:\/\/www.part-oldalak.hu\/wordpress\/wp-content\/uploads\/2023\/02\/IMG_8528-1-scaled.jpg\",\"width\":2560,\"height\":1920},{\"@type\":\"BreadcrumbList\",\"@id\":\"https:\/\/www.part-oldalak.hu\/wordpress\/2023\/02\/08\/koncert-a-maltasoknak\/#breadcrumb\",\"itemListElement\":[{\"@type\":\"ListItem\",\"position\":1,\"name\":\"Kezd\u0151lap\",\"item\":\"https:\/\/www.part-oldalak.hu\/wordpress\/\"},{\"@type\":\"ListItem\",\"position\":2,\"name\":\"Koncert a M\u00e1lt\u00e1soknak\"}]},{\"@type\":\"WebSite\",\"@id\":\"https:\/\/www.part-oldalak.hu\/wordpress\/#website\",\"url\":\"https:\/\/www.part-oldalak.hu\/wordpress\/\",\"name\":\"Part-Oldalak Kultur\u00e1lis Egylet\",\"description\":\"\",\"potentialAction\":[{\"@type\":\"SearchAction\",\"target\":{\"@type\":\"EntryPoint\",\"urlTemplate\":\"https:\/\/www.part-oldalak.hu\/wordpress\/?s={search_term_string}\"},\"query-input\":{\"@type\":\"PropertyValueSpecification\",\"valueRequired\":true,\"valueName\":\"search_term_string\"}}],\"inLanguage\":\"hu\"},{\"@type\":\"Person\",\"@id\":\"https:\/\/www.part-oldalak.hu\/wordpress\/#\/schema\/person\/c884fbd77fcee1cb2ee4cdb02d55315f\",\"name\":\"Kelemen Dorottya\",\"image\":{\"@type\":\"ImageObject\",\"inLanguage\":\"hu\",\"@id\":\"https:\/\/www.part-oldalak.hu\/wordpress\/#\/schema\/person\/image\/\",\"url\":\"https:\/\/secure.gravatar.com\/avatar\/9da28a4fe1cf6c75e5132163678f9461?s=96&d=mm&r=g\",\"contentUrl\":\"https:\/\/secure.gravatar.com\/avatar\/9da28a4fe1cf6c75e5132163678f9461?s=96&d=mm&r=g\",\"caption\":\"Kelemen Dorottya\"},\"url\":\"https:\/\/www.part-oldalak.hu\/wordpress\/author\/kelemen-dorottya\/\"}]}<\/script>\n<!-- \/ Yoast SEO plugin. -->","yoast_head_json":{"title":"Koncert a M\u00e1lt\u00e1soknak - Part-Oldalak Kultur\u00e1lis Egylet","robots":{"index":"index","follow":"follow","max-snippet":"max-snippet:-1","max-image-preview":"max-image-preview:large","max-video-preview":"max-video-preview:-1"},"canonical":"https:\/\/www.part-oldalak.hu\/wordpress\/2023\/02\/08\/koncert-a-maltasoknak\/","og_locale":"hu_HU","og_type":"article","og_title":"Koncert a M\u00e1lt\u00e1soknak - Part-Oldalak Kultur\u00e1lis Egylet","og_description":"Egy fantasztikus zenei \u00e9lm\u00e9nnyel indult az \u00e9v a dunaf\u00f6ldv\u00e1ri M\u00e1ltai Szeretetszolg\u00e1lathoz tartoz\u00f3 kontingens sz\u00e1m\u00e1ra, hiszen Zsik\u00f3 Zsuzsanna \u00e9s a Tarsoly zenekar \u00e9rkezett a megh\u00edv\u00e1sukra a Berze-Nagy Ilona V\u00e1rosi K\u00f6nyvt\u00e1rba.","og_url":"https:\/\/www.part-oldalak.hu\/wordpress\/2023\/02\/08\/koncert-a-maltasoknak\/","og_site_name":"Part-Oldalak Kultur\u00e1lis Egylet","article_published_time":"2023-02-08T17:37:08+00:00","article_modified_time":"2023-02-08T17:37:10+00:00","og_image":[{"width":2560,"height":1920,"url":"https:\/\/www.part-oldalak.hu\/wordpress\/wp-content\/uploads\/2023\/02\/IMG_8528-1-scaled.jpg","type":"image\/jpeg"}],"author":"Kelemen Dorottya","twitter_card":"summary_large_image","twitter_misc":{"Szerz\u0151:":"Kelemen Dorottya","Becs\u00fclt olvas\u00e1si id\u0151":"2 perc"},"schema":{"@context":"https:\/\/schema.org","@graph":[{"@type":"WebPage","@id":"https:\/\/www.part-oldalak.hu\/wordpress\/2023\/02\/08\/koncert-a-maltasoknak\/","url":"https:\/\/www.part-oldalak.hu\/wordpress\/2023\/02\/08\/koncert-a-maltasoknak\/","name":"Koncert a M\u00e1lt\u00e1soknak - Part-Oldalak Kultur\u00e1lis Egylet","isPartOf":{"@id":"https:\/\/www.part-oldalak.hu\/wordpress\/#website"},"primaryImageOfPage":{"@id":"https:\/\/www.part-oldalak.hu\/wordpress\/2023\/02\/08\/koncert-a-maltasoknak\/#primaryimage"},"image":{"@id":"https:\/\/www.part-oldalak.hu\/wordpress\/2023\/02\/08\/koncert-a-maltasoknak\/#primaryimage"},"thumbnailUrl":"https:\/\/www.part-oldalak.hu\/wordpress\/wp-content\/uploads\/2023\/02\/IMG_8528-1-scaled.jpg","datePublished":"2023-02-08T17:37:08+00:00","dateModified":"2023-02-08T17:37:10+00:00","author":{"@id":"https:\/\/www.part-oldalak.hu\/wordpress\/#\/schema\/person\/c884fbd77fcee1cb2ee4cdb02d55315f"},"breadcrumb":{"@id":"https:\/\/www.part-oldalak.hu\/wordpress\/2023\/02\/08\/koncert-a-maltasoknak\/#breadcrumb"},"inLanguage":"hu","potentialAction":[{"@type":"ReadAction","target":["https:\/\/www.part-oldalak.hu\/wordpress\/2023\/02\/08\/koncert-a-maltasoknak\/"]}]},{"@type":"ImageObject","inLanguage":"hu","@id":"https:\/\/www.part-oldalak.hu\/wordpress\/2023\/02\/08\/koncert-a-maltasoknak\/#primaryimage","url":"https:\/\/www.part-oldalak.hu\/wordpress\/wp-content\/uploads\/2023\/02\/IMG_8528-1-scaled.jpg","contentUrl":"https:\/\/www.part-oldalak.hu\/wordpress\/wp-content\/uploads\/2023\/02\/IMG_8528-1-scaled.jpg","width":2560,"height":1920},{"@type":"BreadcrumbList","@id":"https:\/\/www.part-oldalak.hu\/wordpress\/2023\/02\/08\/koncert-a-maltasoknak\/#breadcrumb","itemListElement":[{"@type":"ListItem","position":1,"name":"Kezd\u0151lap","item":"https:\/\/www.part-oldalak.hu\/wordpress\/"},{"@type":"ListItem","position":2,"name":"Koncert a M\u00e1lt\u00e1soknak"}]},{"@type":"WebSite","@id":"https:\/\/www.part-oldalak.hu\/wordpress\/#website","url":"https:\/\/www.part-oldalak.hu\/wordpress\/","name":"Part-Oldalak Kultur\u00e1lis Egylet","description":"","potentialAction":[{"@type":"SearchAction","target":{"@type":"EntryPoint","urlTemplate":"https:\/\/www.part-oldalak.hu\/wordpress\/?s={search_term_string}"},"query-input":{"@type":"PropertyValueSpecification","valueRequired":true,"valueName":"search_term_string"}}],"inLanguage":"hu"},{"@type":"Person","@id":"https:\/\/www.part-oldalak.hu\/wordpress\/#\/schema\/person\/c884fbd77fcee1cb2ee4cdb02d55315f","name":"Kelemen Dorottya","image":{"@type":"ImageObject","inLanguage":"hu","@id":"https:\/\/www.part-oldalak.hu\/wordpress\/#\/schema\/person\/image\/","url":"https:\/\/secure.gravatar.com\/avatar\/9da28a4fe1cf6c75e5132163678f9461?s=96&d=mm&r=g","contentUrl":"https:\/\/secure.gravatar.com\/avatar\/9da28a4fe1cf6c75e5132163678f9461?s=96&d=mm&r=g","caption":"Kelemen Dorottya"},"url":"https:\/\/www.part-oldalak.hu\/wordpress\/author\/kelemen-dorottya\/"}]}},"_links":{"self":[{"href":"https:\/\/www.part-oldalak.hu\/wordpress\/wp-json\/wp\/v2\/posts\/5354"}],"collection":[{"href":"https:\/\/www.part-oldalak.hu\/wordpress\/wp-json\/wp\/v2\/posts"}],"about":[{"href":"https:\/\/www.part-oldalak.hu\/wordpress\/wp-json\/wp\/v2\/types\/post"}],"author":[{"embeddable":true,"href":"https:\/\/www.part-oldalak.hu\/wordpress\/wp-json\/wp\/v2\/users\/2"}],"replies":[{"embeddable":true,"href":"https:\/\/www.part-oldalak.hu\/wordpress\/wp-json\/wp\/v2\/comments?post=5354"}],"version-history":[{"count":3,"href":"https:\/\/www.part-oldalak.hu\/wordpress\/wp-json\/wp\/v2\/posts\/5354\/revisions"}],"predecessor-version":[{"id":5361,"href":"https:\/\/www.part-oldalak.hu\/wordpress\/wp-json\/wp\/v2\/posts\/5354\/revisions\/5361"}],"wp:featuredmedia":[{"embeddable":true,"href":"https:\/\/www.part-oldalak.hu\/wordpress\/wp-json\/wp\/v2\/media\/5355"}],"wp:attachment":[{"href":"https:\/\/www.part-oldalak.hu\/wordpress\/wp-json\/wp\/v2\/media?parent=5354"}],"wp:term":[{"taxonomy":"category","embeddable":true,"href":"https:\/\/www.part-oldalak.hu\/wordpress\/wp-json\/wp\/v2\/categories?post=5354"},{"taxonomy":"post_tag","embeddable":true,"href":"https:\/\/www.part-oldalak.hu\/wordpress\/wp-json\/wp\/v2\/tags?post=5354"}],"curies":[{"name":"wp","href":"https:\/\/api.w.org\/{rel}","templated":true}]}}