{"id":5312,"date":"2023-02-05T18:38:59","date_gmt":"2023-02-05T17:38:59","guid":{"rendered":"http:\/\/www.part-oldalak.hu\/wordpress\/?p=5312"},"modified":"2023-02-05T18:39:01","modified_gmt":"2023-02-05T17:39:01","slug":"nyilt-napot-tartottak-a-magyar-laszlo-gimnaziumban","status":"publish","type":"post","link":"https:\/\/www.part-oldalak.hu\/wordpress\/2023\/02\/05\/nyilt-napot-tartottak-a-magyar-laszlo-gimnaziumban\/","title":{"rendered":"Ny\u00edlt napot tartottak a Magyar L\u00e1szl\u00f3 Gimn\u00e1ziumban"},"content":{"rendered":"\n<p>Febru\u00e1r 2-\u00e1n, cs\u00fct\u00f6rt\u00f6k\u00f6n d\u00e9lut\u00e1n tartottak ny\u00edlt napot a Magyar L\u00e1szl\u00f3 Gimn\u00e1ziumban, ahol az iskola m\u0171k\u00f6d\u00e9s\u00e9vel, k\u00e9pz\u00e9s\u00e9vel, a di\u00e1kokkal \u00e9s tan\u00e1rokkal ismerkedhettek meg az \u00e9rdekl\u0151d\u0151k. <\/p>\n\n\n\n<h2 class=\"wp-block-heading\">Bemutatkozott az iskola <\/h2>\n\n\n\n<p>A ny\u00edlt napot d\u00e9lut\u00e1n 3 \u00e9s 7 \u00f3ra k\u00f6z\u00f6tt hirdett\u00e9k meg, ez id\u0151 alatt b\u00e1rmikor becsatlakozhattak azok, akiket \u00e9rdekel, hogyan m\u0171k\u00f6dik a gimn\u00e1zium. Minden bet\u00e9r\u0151t di\u00e1kok fogadtak az ajt\u00f3ban, karszalagot \u00e9s t\u00e1j\u00e9koztat\u00f3 f\u00fczetet kaptak, valamint ir\u00e1nymutat\u00e1st, hogy merre \u00e9rdemes elindulniuk. <\/p>\n\n\n\n<p>A<strong> megb\u00edzott int\u00e9zm\u00e9nyvezet\u0151, Pusk\u00e1s Zsolt <\/strong>t\u00f6bbsz\u00f6r is tartott az eb\u00e9dl\u0151ben egy t\u00e1j\u00e9koztat\u00f3 jelleg\u0171 el\u0151ad\u00e1st az iskol\u00e1r\u00f3l. T\u00f6bbek k\u00f6z\u00f6tt elmondta, hogy j\u00f6v\u0151 \u00e9vt\u0151l milyen v\u00e1ltoz\u00e1sok v\u00e1rhat\u00f3ak: emelt \u00f3rasz\u00e1m\u00fa angol \u00e9s n\u00e9met \u00f3r\u00e1k az \u00faj \u00e9vfolyamokon, s\u0151t m\u00e1r hetedikben is megjenenik a m\u00e1sodik idegen nyelv. Majd levet\u00edtett\u00e9k az MLG-s di\u00e1kok szerepl\u00e9s\u00e9vel k\u00e9sz\u00fclt kisfilmet is.<\/p>\n\n\n\n<p>A di\u00e1k\u00e9letet r\u00e9szletesen <strong>Csepeli Dalma, a di\u00e1k\u00f6nkorm\u00e1nyzat eln\u00f6ke<\/strong> mutatta be, h\u00f3napr\u00f3l &#8211; h\u00f3napra szedve az esem\u00e9nyeket. A prezent\u00e1ci\u00f3j\u00e1ban kit\u00e9rt <strong>a g\u00f3lyat\u00e1borra, a gimis bulikra, a k\u00fclf\u00f6ldi \u00e9s belf\u00f6ldi kir\u00e1ndul\u00e1sokra egyar\u00e1nt,<\/strong> hiszen a gimn\u00e1zium az elm\u00falt \u00e9vekben t\u00f6bbsz\u00f6r is r\u00e9szt vett a <strong>Hat\u00e1rtalanul programban. <\/strong><\/p>\n\n\n\n<figure class=\"wp-block-image aligncenter size-large is-resized\"><img decoding=\"async\" data-src=\"https:\/\/www.part-oldalak.hu\/wordpress\/wp-content\/uploads\/2023\/02\/IMG_8469-768x1024.jpg\" alt=\"\" class=\"wp-image-5320 lazyload\" width=\"466\" height=\"621\" data-srcset=\"https:\/\/www.part-oldalak.hu\/wordpress\/wp-content\/uploads\/2023\/02\/IMG_8469-768x1024.jpg 768w, https:\/\/www.part-oldalak.hu\/wordpress\/wp-content\/uploads\/2023\/02\/IMG_8469-225x300.jpg 225w, https:\/\/www.part-oldalak.hu\/wordpress\/wp-content\/uploads\/2023\/02\/IMG_8469-1152x1536.jpg 1152w, https:\/\/www.part-oldalak.hu\/wordpress\/wp-content\/uploads\/2023\/02\/IMG_8469-1536x2048.jpg 1536w, https:\/\/www.part-oldalak.hu\/wordpress\/wp-content\/uploads\/2023\/02\/IMG_8469-1024x1365.jpg 1024w, https:\/\/www.part-oldalak.hu\/wordpress\/wp-content\/uploads\/2023\/02\/IMG_8469-scaled.jpg 1920w\" data-sizes=\"(max-width: 466px) 100vw, 466px\" src=\"data:image\/svg+xml;base64,PHN2ZyB3aWR0aD0iMSIgaGVpZ2h0PSIxIiB4bWxucz0iaHR0cDovL3d3dy53My5vcmcvMjAwMC9zdmciPjwvc3ZnPg==\" style=\"--smush-placeholder-width: 466px; --smush-placeholder-aspect-ratio: 466\/621;\" \/><\/figure>\n\n\n\n<h2 class=\"wp-block-heading\">Bemutatkoztak a tant\u00e1rgyak <\/h2>\n\n\n\n<p>A szaktan\u00e1rok \u00e9s a di\u00e1kok k\u00f6zrem\u0171k\u00f6d\u00e9s\u00e9vel <strong>t\u00f6bb t\u00e1rgy felel\u0151se is bemutatkozott a rendezv\u00e9nyen<\/strong>, az egyes \u00e1llom\u00e1sokon pedig \u00e9rdekes feladatokkal, programokkal v\u00e1rt\u00e1k az \u00e9rdekl\u0151d\u0151ket, amiben az <strong>MLG <\/strong>di\u00e1kjai is seg\u00edtettek. <\/p>\n\n\n\n<figure class=\"wp-block-image aligncenter size-large is-resized\"><img decoding=\"async\" data-src=\"https:\/\/www.part-oldalak.hu\/wordpress\/wp-content\/uploads\/2023\/02\/IMG_7103-1024x683.jpg\" alt=\"\" class=\"wp-image-5316 lazyload\" width=\"740\" height=\"493\" data-srcset=\"https:\/\/www.part-oldalak.hu\/wordpress\/wp-content\/uploads\/2023\/02\/IMG_7103-1024x683.jpg 1024w, https:\/\/www.part-oldalak.hu\/wordpress\/wp-content\/uploads\/2023\/02\/IMG_7103-300x200.jpg 300w, https:\/\/www.part-oldalak.hu\/wordpress\/wp-content\/uploads\/2023\/02\/IMG_7103-768x512.jpg 768w, https:\/\/www.part-oldalak.hu\/wordpress\/wp-content\/uploads\/2023\/02\/IMG_7103-1536x1024.jpg 1536w\" data-sizes=\"(max-width: 740px) 100vw, 740px\" src=\"data:image\/svg+xml;base64,PHN2ZyB3aWR0aD0iMSIgaGVpZ2h0PSIxIiB4bWxucz0iaHR0cDovL3d3dy53My5vcmcvMjAwMC9zdmciPjwvc3ZnPg==\" style=\"--smush-placeholder-width: 740px; --smush-placeholder-aspect-ratio: 740\/493;\" \/><\/figure>\n\n\n\n<p class=\"has-text-align-center\">Egy j\u00e1t\u00e9kos kv\u00edzben vehettek r\u00e9szt a f\u00f6ldrajzos teremben. <\/p>\n\n\n\n<figure class=\"wp-block-image aligncenter size-large is-resized\"><img decoding=\"async\" data-src=\"https:\/\/www.part-oldalak.hu\/wordpress\/wp-content\/uploads\/2023\/02\/IMG_7112-1024x683.jpg\" alt=\"\" class=\"wp-image-5317 lazyload\" width=\"743\" height=\"495\" data-srcset=\"https:\/\/www.part-oldalak.hu\/wordpress\/wp-content\/uploads\/2023\/02\/IMG_7112-1024x683.jpg 1024w, https:\/\/www.part-oldalak.hu\/wordpress\/wp-content\/uploads\/2023\/02\/IMG_7112-300x200.jpg 300w, https:\/\/www.part-oldalak.hu\/wordpress\/wp-content\/uploads\/2023\/02\/IMG_7112-768x512.jpg 768w, https:\/\/www.part-oldalak.hu\/wordpress\/wp-content\/uploads\/2023\/02\/IMG_7112-1536x1024.jpg 1536w\" data-sizes=\"(max-width: 743px) 100vw, 743px\" src=\"data:image\/svg+xml;base64,PHN2ZyB3aWR0aD0iMSIgaGVpZ2h0PSIxIiB4bWxucz0iaHR0cDovL3d3dy53My5vcmcvMjAwMC9zdmciPjwvc3ZnPg==\" style=\"--smush-placeholder-width: 743px; --smush-placeholder-aspect-ratio: 743\/495;\" \/><\/figure>\n\n\n\n<p class=\"has-text-align-center\">A tornateremben bemutat\u00f3 r\u00f6plabda edz\u00e9st tartottak. <\/p>\n\n\n\n<figure class=\"wp-block-image aligncenter size-large is-resized\"><img decoding=\"async\" data-src=\"https:\/\/www.part-oldalak.hu\/wordpress\/wp-content\/uploads\/2023\/02\/IMG_7125-1024x683.jpg\" alt=\"\" class=\"wp-image-5313 lazyload\" width=\"744\" height=\"496\" data-srcset=\"https:\/\/www.part-oldalak.hu\/wordpress\/wp-content\/uploads\/2023\/02\/IMG_7125-1024x683.jpg 1024w, https:\/\/www.part-oldalak.hu\/wordpress\/wp-content\/uploads\/2023\/02\/IMG_7125-300x200.jpg 300w, https:\/\/www.part-oldalak.hu\/wordpress\/wp-content\/uploads\/2023\/02\/IMG_7125-768x512.jpg 768w, https:\/\/www.part-oldalak.hu\/wordpress\/wp-content\/uploads\/2023\/02\/IMG_7125-1536x1024.jpg 1536w\" data-sizes=\"(max-width: 744px) 100vw, 744px\" src=\"data:image\/svg+xml;base64,PHN2ZyB3aWR0aD0iMSIgaGVpZ2h0PSIxIiB4bWxucz0iaHR0cDovL3d3dy53My5vcmcvMjAwMC9zdmciPjwvc3ZnPg==\" style=\"--smush-placeholder-width: 744px; --smush-placeholder-aspect-ratio: 744\/496;\" \/><\/figure>\n\n\n\n<p class=\"has-text-align-center\">Az informatika teremben is v\u00e1rt\u00e1k a di\u00e1kokat \u00e9s sz\u00fcleiket. <\/p>\n\n\n\n<p>Term\u00e9szetesen nem maradhattak el a k\u00eds\u00e9rletek sem, a <strong>biol\u00f3gia <\/strong>szekci\u00f3ban a mikroszk\u00f3pot haszn\u00e1lt\u00e1k, m\u00edg a <strong>k\u00e9mi\u00e1sok <\/strong>k\u00eds\u00e9rletet l\u00e1thattak, ahogyan a <strong>fizika <\/strong>teremben is ezzel k\u00e9sz\u00fcltek. Az \u00e9p\u00fclet ikonikus k\u00f6nyvt\u00e1r\u00e1ban egy <strong>magyartan\u00e1r <\/strong>v\u00e1rta azokat, akiknek ilyen jelleg\u0171 k\u00e9rd\u00e9s\u00fck lett volna. <\/p>\n\n\n\n<p>A tapasztalatok azt mutatj\u00e1k, hogy mindenkivel j\u00f3l tudtak besz\u00e9lgetni, de, ha b\u00e1rkinek k\u00e9rd\u00e9se lenne m\u00e9g, akkor sz\u00edvesen v\u00e1rj\u00e1k \u0151ket, ak\u00e1r a <strong>jelentkez\u00e9si lap kit\u00f6lt\u00e9s\u00e9ben is sz\u00edvesen seg\u00edtenek. <\/strong><\/p>\n","protected":false},"excerpt":{"rendered":"<p>Febru\u00e1r 2-\u00e1n, cs\u00fct\u00f6rt\u00f6k\u00f6n d\u00e9lut\u00e1n tartottak ny\u00edlt napot a Magyar L\u00e1szl\u00f3 Gimn\u00e1ziumban, ahol az iskola m\u0171k\u00f6d\u00e9s\u00e9vel, k\u00e9pz\u00e9s\u00e9vel, a di\u00e1kokkal \u00e9s tan\u00e1rokkal ismerkedhettek meg az \u00e9rdekl\u0151d\u0151k. <\/p>\n","protected":false},"author":2,"featured_media":5318,"comment_status":"open","ping_status":"open","sticky":false,"template":"","format":"standard","meta":{"_monsterinsights_skip_tracking":false,"_monsterinsights_sitenote_active":false,"_monsterinsights_sitenote_note":"","_monsterinsights_sitenote_category":0,"footnotes":""},"categories":[12],"tags":[17,23],"class_list":["post-5312","post","type-post","status-publish","format-standard","has-post-thumbnail","hentry","category-oktatas","tag-mozaik","tag-oktatas"],"aioseo_notices":[],"yoast_head":"<!-- This site is optimized with the Yoast SEO plugin v25.6 - https:\/\/yoast.com\/wordpress\/plugins\/seo\/ -->\n<title>Ny\u00edlt napot tartottak a Magyar L\u00e1szl\u00f3 Gimn\u00e1ziumban - Part-Oldalak Kultur\u00e1lis Egylet<\/title>\n<meta name=\"robots\" content=\"index, follow, max-snippet:-1, max-image-preview:large, max-video-preview:-1\" \/>\n<link rel=\"canonical\" href=\"https:\/\/www.part-oldalak.hu\/wordpress\/2023\/02\/05\/nyilt-napot-tartottak-a-magyar-laszlo-gimnaziumban\/\" \/>\n<meta property=\"og:locale\" content=\"hu_HU\" \/>\n<meta property=\"og:type\" content=\"article\" \/>\n<meta property=\"og:title\" content=\"Ny\u00edlt napot tartottak a Magyar L\u00e1szl\u00f3 Gimn\u00e1ziumban - Part-Oldalak Kultur\u00e1lis Egylet\" \/>\n<meta property=\"og:description\" content=\"Febru\u00e1r 2-\u00e1n, cs\u00fct\u00f6rt\u00f6k\u00f6n d\u00e9lut\u00e1n tartottak ny\u00edlt napot a Magyar L\u00e1szl\u00f3 Gimn\u00e1ziumban, ahol az iskola m\u0171k\u00f6d\u00e9s\u00e9vel, k\u00e9pz\u00e9s\u00e9vel, a di\u00e1kokkal \u00e9s tan\u00e1rokkal ismerkedhettek meg az \u00e9rdekl\u0151d\u0151k.\" \/>\n<meta property=\"og:url\" content=\"https:\/\/www.part-oldalak.hu\/wordpress\/2023\/02\/05\/nyilt-napot-tartottak-a-magyar-laszlo-gimnaziumban\/\" \/>\n<meta property=\"og:site_name\" content=\"Part-Oldalak Kultur\u00e1lis Egylet\" \/>\n<meta property=\"article:published_time\" content=\"2023-02-05T17:38:59+00:00\" \/>\n<meta property=\"article:modified_time\" content=\"2023-02-05T17:39:01+00:00\" \/>\n<meta property=\"og:image\" content=\"https:\/\/www.part-oldalak.hu\/wordpress\/wp-content\/uploads\/2023\/02\/IMG_8018-scaled.jpg\" \/>\n\t<meta property=\"og:image:width\" content=\"2560\" \/>\n\t<meta property=\"og:image:height\" content=\"1920\" \/>\n\t<meta property=\"og:image:type\" content=\"image\/jpeg\" \/>\n<meta name=\"author\" content=\"Kelemen Dorottya\" \/>\n<meta name=\"twitter:card\" content=\"summary_large_image\" \/>\n<meta name=\"twitter:label1\" content=\"Szerz\u0151:\" \/>\n\t<meta name=\"twitter:data1\" content=\"Kelemen Dorottya\" \/>\n\t<meta name=\"twitter:label2\" content=\"Becs\u00fclt olvas\u00e1si id\u0151\" \/>\n\t<meta name=\"twitter:data2\" content=\"3 perc\" \/>\n<script type=\"application\/ld+json\" class=\"yoast-schema-graph\">{\"@context\":\"https:\/\/schema.org\",\"@graph\":[{\"@type\":\"WebPage\",\"@id\":\"https:\/\/www.part-oldalak.hu\/wordpress\/2023\/02\/05\/nyilt-napot-tartottak-a-magyar-laszlo-gimnaziumban\/\",\"url\":\"https:\/\/www.part-oldalak.hu\/wordpress\/2023\/02\/05\/nyilt-napot-tartottak-a-magyar-laszlo-gimnaziumban\/\",\"name\":\"Ny\u00edlt napot tartottak a Magyar L\u00e1szl\u00f3 Gimn\u00e1ziumban - Part-Oldalak Kultur\u00e1lis Egylet\",\"isPartOf\":{\"@id\":\"https:\/\/www.part-oldalak.hu\/wordpress\/#website\"},\"primaryImageOfPage\":{\"@id\":\"https:\/\/www.part-oldalak.hu\/wordpress\/2023\/02\/05\/nyilt-napot-tartottak-a-magyar-laszlo-gimnaziumban\/#primaryimage\"},\"image\":{\"@id\":\"https:\/\/www.part-oldalak.hu\/wordpress\/2023\/02\/05\/nyilt-napot-tartottak-a-magyar-laszlo-gimnaziumban\/#primaryimage\"},\"thumbnailUrl\":\"https:\/\/www.part-oldalak.hu\/wordpress\/wp-content\/uploads\/2023\/02\/IMG_8018-scaled.jpg\",\"datePublished\":\"2023-02-05T17:38:59+00:00\",\"dateModified\":\"2023-02-05T17:39:01+00:00\",\"author\":{\"@id\":\"https:\/\/www.part-oldalak.hu\/wordpress\/#\/schema\/person\/c884fbd77fcee1cb2ee4cdb02d55315f\"},\"breadcrumb\":{\"@id\":\"https:\/\/www.part-oldalak.hu\/wordpress\/2023\/02\/05\/nyilt-napot-tartottak-a-magyar-laszlo-gimnaziumban\/#breadcrumb\"},\"inLanguage\":\"hu\",\"potentialAction\":[{\"@type\":\"ReadAction\",\"target\":[\"https:\/\/www.part-oldalak.hu\/wordpress\/2023\/02\/05\/nyilt-napot-tartottak-a-magyar-laszlo-gimnaziumban\/\"]}]},{\"@type\":\"ImageObject\",\"inLanguage\":\"hu\",\"@id\":\"https:\/\/www.part-oldalak.hu\/wordpress\/2023\/02\/05\/nyilt-napot-tartottak-a-magyar-laszlo-gimnaziumban\/#primaryimage\",\"url\":\"https:\/\/www.part-oldalak.hu\/wordpress\/wp-content\/uploads\/2023\/02\/IMG_8018-scaled.jpg\",\"contentUrl\":\"https:\/\/www.part-oldalak.hu\/wordpress\/wp-content\/uploads\/2023\/02\/IMG_8018-scaled.jpg\",\"width\":2560,\"height\":1920},{\"@type\":\"BreadcrumbList\",\"@id\":\"https:\/\/www.part-oldalak.hu\/wordpress\/2023\/02\/05\/nyilt-napot-tartottak-a-magyar-laszlo-gimnaziumban\/#breadcrumb\",\"itemListElement\":[{\"@type\":\"ListItem\",\"position\":1,\"name\":\"Kezd\u0151lap\",\"item\":\"https:\/\/www.part-oldalak.hu\/wordpress\/\"},{\"@type\":\"ListItem\",\"position\":2,\"name\":\"Ny\u00edlt napot tartottak a Magyar L\u00e1szl\u00f3 Gimn\u00e1ziumban\"}]},{\"@type\":\"WebSite\",\"@id\":\"https:\/\/www.part-oldalak.hu\/wordpress\/#website\",\"url\":\"https:\/\/www.part-oldalak.hu\/wordpress\/\",\"name\":\"Part-Oldalak Kultur\u00e1lis Egylet\",\"description\":\"\",\"potentialAction\":[{\"@type\":\"SearchAction\",\"target\":{\"@type\":\"EntryPoint\",\"urlTemplate\":\"https:\/\/www.part-oldalak.hu\/wordpress\/?s={search_term_string}\"},\"query-input\":{\"@type\":\"PropertyValueSpecification\",\"valueRequired\":true,\"valueName\":\"search_term_string\"}}],\"inLanguage\":\"hu\"},{\"@type\":\"Person\",\"@id\":\"https:\/\/www.part-oldalak.hu\/wordpress\/#\/schema\/person\/c884fbd77fcee1cb2ee4cdb02d55315f\",\"name\":\"Kelemen Dorottya\",\"image\":{\"@type\":\"ImageObject\",\"inLanguage\":\"hu\",\"@id\":\"https:\/\/www.part-oldalak.hu\/wordpress\/#\/schema\/person\/image\/\",\"url\":\"https:\/\/secure.gravatar.com\/avatar\/9da28a4fe1cf6c75e5132163678f9461?s=96&d=mm&r=g\",\"contentUrl\":\"https:\/\/secure.gravatar.com\/avatar\/9da28a4fe1cf6c75e5132163678f9461?s=96&d=mm&r=g\",\"caption\":\"Kelemen Dorottya\"},\"url\":\"https:\/\/www.part-oldalak.hu\/wordpress\/author\/kelemen-dorottya\/\"}]}<\/script>\n<!-- \/ Yoast SEO plugin. -->","yoast_head_json":{"title":"Ny\u00edlt napot tartottak a Magyar L\u00e1szl\u00f3 Gimn\u00e1ziumban - Part-Oldalak Kultur\u00e1lis Egylet","robots":{"index":"index","follow":"follow","max-snippet":"max-snippet:-1","max-image-preview":"max-image-preview:large","max-video-preview":"max-video-preview:-1"},"canonical":"https:\/\/www.part-oldalak.hu\/wordpress\/2023\/02\/05\/nyilt-napot-tartottak-a-magyar-laszlo-gimnaziumban\/","og_locale":"hu_HU","og_type":"article","og_title":"Ny\u00edlt napot tartottak a Magyar L\u00e1szl\u00f3 Gimn\u00e1ziumban - Part-Oldalak Kultur\u00e1lis Egylet","og_description":"Febru\u00e1r 2-\u00e1n, cs\u00fct\u00f6rt\u00f6k\u00f6n d\u00e9lut\u00e1n tartottak ny\u00edlt napot a Magyar L\u00e1szl\u00f3 Gimn\u00e1ziumban, ahol az iskola m\u0171k\u00f6d\u00e9s\u00e9vel, k\u00e9pz\u00e9s\u00e9vel, a di\u00e1kokkal \u00e9s tan\u00e1rokkal ismerkedhettek meg az \u00e9rdekl\u0151d\u0151k.","og_url":"https:\/\/www.part-oldalak.hu\/wordpress\/2023\/02\/05\/nyilt-napot-tartottak-a-magyar-laszlo-gimnaziumban\/","og_site_name":"Part-Oldalak Kultur\u00e1lis Egylet","article_published_time":"2023-02-05T17:38:59+00:00","article_modified_time":"2023-02-05T17:39:01+00:00","og_image":[{"width":2560,"height":1920,"url":"https:\/\/www.part-oldalak.hu\/wordpress\/wp-content\/uploads\/2023\/02\/IMG_8018-scaled.jpg","type":"image\/jpeg"}],"author":"Kelemen Dorottya","twitter_card":"summary_large_image","twitter_misc":{"Szerz\u0151:":"Kelemen Dorottya","Becs\u00fclt olvas\u00e1si id\u0151":"3 perc"},"schema":{"@context":"https:\/\/schema.org","@graph":[{"@type":"WebPage","@id":"https:\/\/www.part-oldalak.hu\/wordpress\/2023\/02\/05\/nyilt-napot-tartottak-a-magyar-laszlo-gimnaziumban\/","url":"https:\/\/www.part-oldalak.hu\/wordpress\/2023\/02\/05\/nyilt-napot-tartottak-a-magyar-laszlo-gimnaziumban\/","name":"Ny\u00edlt napot tartottak a Magyar L\u00e1szl\u00f3 Gimn\u00e1ziumban - Part-Oldalak Kultur\u00e1lis Egylet","isPartOf":{"@id":"https:\/\/www.part-oldalak.hu\/wordpress\/#website"},"primaryImageOfPage":{"@id":"https:\/\/www.part-oldalak.hu\/wordpress\/2023\/02\/05\/nyilt-napot-tartottak-a-magyar-laszlo-gimnaziumban\/#primaryimage"},"image":{"@id":"https:\/\/www.part-oldalak.hu\/wordpress\/2023\/02\/05\/nyilt-napot-tartottak-a-magyar-laszlo-gimnaziumban\/#primaryimage"},"thumbnailUrl":"https:\/\/www.part-oldalak.hu\/wordpress\/wp-content\/uploads\/2023\/02\/IMG_8018-scaled.jpg","datePublished":"2023-02-05T17:38:59+00:00","dateModified":"2023-02-05T17:39:01+00:00","author":{"@id":"https:\/\/www.part-oldalak.hu\/wordpress\/#\/schema\/person\/c884fbd77fcee1cb2ee4cdb02d55315f"},"breadcrumb":{"@id":"https:\/\/www.part-oldalak.hu\/wordpress\/2023\/02\/05\/nyilt-napot-tartottak-a-magyar-laszlo-gimnaziumban\/#breadcrumb"},"inLanguage":"hu","potentialAction":[{"@type":"ReadAction","target":["https:\/\/www.part-oldalak.hu\/wordpress\/2023\/02\/05\/nyilt-napot-tartottak-a-magyar-laszlo-gimnaziumban\/"]}]},{"@type":"ImageObject","inLanguage":"hu","@id":"https:\/\/www.part-oldalak.hu\/wordpress\/2023\/02\/05\/nyilt-napot-tartottak-a-magyar-laszlo-gimnaziumban\/#primaryimage","url":"https:\/\/www.part-oldalak.hu\/wordpress\/wp-content\/uploads\/2023\/02\/IMG_8018-scaled.jpg","contentUrl":"https:\/\/www.part-oldalak.hu\/wordpress\/wp-content\/uploads\/2023\/02\/IMG_8018-scaled.jpg","width":2560,"height":1920},{"@type":"BreadcrumbList","@id":"https:\/\/www.part-oldalak.hu\/wordpress\/2023\/02\/05\/nyilt-napot-tartottak-a-magyar-laszlo-gimnaziumban\/#breadcrumb","itemListElement":[{"@type":"ListItem","position":1,"name":"Kezd\u0151lap","item":"https:\/\/www.part-oldalak.hu\/wordpress\/"},{"@type":"ListItem","position":2,"name":"Ny\u00edlt napot tartottak a Magyar L\u00e1szl\u00f3 Gimn\u00e1ziumban"}]},{"@type":"WebSite","@id":"https:\/\/www.part-oldalak.hu\/wordpress\/#website","url":"https:\/\/www.part-oldalak.hu\/wordpress\/","name":"Part-Oldalak Kultur\u00e1lis Egylet","description":"","potentialAction":[{"@type":"SearchAction","target":{"@type":"EntryPoint","urlTemplate":"https:\/\/www.part-oldalak.hu\/wordpress\/?s={search_term_string}"},"query-input":{"@type":"PropertyValueSpecification","valueRequired":true,"valueName":"search_term_string"}}],"inLanguage":"hu"},{"@type":"Person","@id":"https:\/\/www.part-oldalak.hu\/wordpress\/#\/schema\/person\/c884fbd77fcee1cb2ee4cdb02d55315f","name":"Kelemen Dorottya","image":{"@type":"ImageObject","inLanguage":"hu","@id":"https:\/\/www.part-oldalak.hu\/wordpress\/#\/schema\/person\/image\/","url":"https:\/\/secure.gravatar.com\/avatar\/9da28a4fe1cf6c75e5132163678f9461?s=96&d=mm&r=g","contentUrl":"https:\/\/secure.gravatar.com\/avatar\/9da28a4fe1cf6c75e5132163678f9461?s=96&d=mm&r=g","caption":"Kelemen Dorottya"},"url":"https:\/\/www.part-oldalak.hu\/wordpress\/author\/kelemen-dorottya\/"}]}},"_links":{"self":[{"href":"https:\/\/www.part-oldalak.hu\/wordpress\/wp-json\/wp\/v2\/posts\/5312"}],"collection":[{"href":"https:\/\/www.part-oldalak.hu\/wordpress\/wp-json\/wp\/v2\/posts"}],"about":[{"href":"https:\/\/www.part-oldalak.hu\/wordpress\/wp-json\/wp\/v2\/types\/post"}],"author":[{"embeddable":true,"href":"https:\/\/www.part-oldalak.hu\/wordpress\/wp-json\/wp\/v2\/users\/2"}],"replies":[{"embeddable":true,"href":"https:\/\/www.part-oldalak.hu\/wordpress\/wp-json\/wp\/v2\/comments?post=5312"}],"version-history":[{"count":2,"href":"https:\/\/www.part-oldalak.hu\/wordpress\/wp-json\/wp\/v2\/posts\/5312\/revisions"}],"predecessor-version":[{"id":5337,"href":"https:\/\/www.part-oldalak.hu\/wordpress\/wp-json\/wp\/v2\/posts\/5312\/revisions\/5337"}],"wp:featuredmedia":[{"embeddable":true,"href":"https:\/\/www.part-oldalak.hu\/wordpress\/wp-json\/wp\/v2\/media\/5318"}],"wp:attachment":[{"href":"https:\/\/www.part-oldalak.hu\/wordpress\/wp-json\/wp\/v2\/media?parent=5312"}],"wp:term":[{"taxonomy":"category","embeddable":true,"href":"https:\/\/www.part-oldalak.hu\/wordpress\/wp-json\/wp\/v2\/categories?post=5312"},{"taxonomy":"post_tag","embeddable":true,"href":"https:\/\/www.part-oldalak.hu\/wordpress\/wp-json\/wp\/v2\/tags?post=5312"}],"curies":[{"name":"wp","href":"https:\/\/api.w.org\/{rel}","templated":true}]}}