{"id":5301,"date":"2023-02-03T18:03:53","date_gmt":"2023-02-03T17:03:53","guid":{"rendered":"http:\/\/www.part-oldalak.hu\/wordpress\/?p=5301"},"modified":"2023-02-03T18:03:54","modified_gmt":"2023-02-03T17:03:54","slug":"medve-napot-tartottak-a-konyvtarban","status":"publish","type":"post","link":"https:\/\/www.part-oldalak.hu\/wordpress\/2023\/02\/03\/medve-napot-tartottak-a-konyvtarban\/","title":{"rendered":"Medve-napot tartottak a k\u00f6nyvt\u00e1rban"},"content":{"rendered":"\n<p>D\u00e9lel\u0151tt a Pille csoport \u00e9rkezett a Berze-Nagy Ilona V\u00e1rosi K\u00f6nyvt\u00e1rba, hogy Medve-napot tartsanak.<\/p>\n\n\n\n<h2 class=\"wp-block-heading\">N\u00e9pi hiedelmek <\/h2>\n\n\n\n<p><strong>Febru\u00e1r 2<\/strong>. &#8211; Gyertyaszentel\u0151 Boldogasszony napja &#8211; Ehhez a naphoz sz\u00e1mos n\u00e9pi hiedelem k\u00f6t\u0151dik. A legismertebb \u00e9s legelterjedtebb mind k\u00f6z\u00fcl az id\u0151j\u00e1r\u00e1shoz k\u00f6thet\u0151, hiszen, <strong>ha a t\u00e9li \u00e1lm\u00e1b\u00f3l \u00e9bred\u0151 medve barlangj\u00e1b\u00f3l <\/strong> kij\u00f6n \u00e9s azt l\u00e1tja, hogy &#8222;r\u00fat, zimank\u00f3s f\u00f6rmeteg van; hordja a sz\u00e9l a h\u00f3pelyhet, csikorognak a f\u00e1k sudarai, s a l\u00f3b\u00e1lt sz\u00e1raz \u00e1gon ugyancsak k\u00e1rog a fekete varj\u00fasereg, mintha mondan\u00e1: reszkessetek, sohasem lesz t\u00f6bbet ny\u00e1r; a t\u00e9l meg\u00edg\u00e9rte nek\u00fcnk, hogy m\u00e1rmost \u00f6r\u00f6kk\u00e9 fog tartani; mi kivett\u00fck \u00e1rend\u00e1ba a szelet, f\u00fajatjuk, am\u00edg nek\u00fcnk tetszik; a nap megv\u00e9n\u00fclt, nincs t\u00f6bb\u00e9 semmi ereje, elfelejtkezett r\u00f3latok! K\u00e1r v\u00e1rnotok!&#8221; (J\u00f3kai M\u00f3r)<\/p>\n\n\n\n<h2 class=\"wp-block-heading\">\u00cdgy \u00fcnnepeltek a gyerekek<\/h2>\n\n\n\n<p>A Pille csoportos ovisoknak el\u0151sz\u00f6r egy medv\u00e9s dalt j\u00e1tszott el<strong> Herpain\u00e9 Tomon Adri \u00e9s Patakin\u00e9 Cseharovszky Ren\u00e1ta<\/strong>, git\u00e1ron \u00e9s heged\u0171n, a szok\u00e1sos fel\u00e1ll\u00e1sban. Ezt k\u00f6vet\u0151en besz\u00e9lgettek a gyerekekkel a medv\u00e9kr\u0151l, hogy <strong>mi is t\u00f6rt\u00e9nik a Medve-napon. <\/strong><\/p>\n\n\n\n<figure class=\"wp-block-image aligncenter size-large\"><img decoding=\"async\" width=\"1024\" height=\"768\" data-src=\"https:\/\/www.part-oldalak.hu\/wordpress\/wp-content\/uploads\/2023\/02\/IMG_8277-1024x768.jpg\" alt=\"\" class=\"wp-image-5303 lazyload\" data-srcset=\"https:\/\/www.part-oldalak.hu\/wordpress\/wp-content\/uploads\/2023\/02\/IMG_8277-1024x768.jpg 1024w, https:\/\/www.part-oldalak.hu\/wordpress\/wp-content\/uploads\/2023\/02\/IMG_8277-300x225.jpg 300w, https:\/\/www.part-oldalak.hu\/wordpress\/wp-content\/uploads\/2023\/02\/IMG_8277-768x576.jpg 768w, https:\/\/www.part-oldalak.hu\/wordpress\/wp-content\/uploads\/2023\/02\/IMG_8277-1536x1152.jpg 1536w, https:\/\/www.part-oldalak.hu\/wordpress\/wp-content\/uploads\/2023\/02\/IMG_8277-2048x1536.jpg 2048w\" data-sizes=\"(max-width: 1024px) 100vw, 1024px\" src=\"data:image\/svg+xml;base64,PHN2ZyB3aWR0aD0iMSIgaGVpZ2h0PSIxIiB4bWxucz0iaHR0cDovL3d3dy53My5vcmcvMjAwMC9zdmciPjwvc3ZnPg==\" style=\"--smush-placeholder-width: 1024px; --smush-placeholder-aspect-ratio: 1024\/768;\" \/><\/figure>\n\n\n\n<blockquote class=\"wp-block-quote is-layout-flow wp-block-quote-is-layout-flow\">\n<p>A kicsik meglep\u0151en sok medvefajt\u00e1t fel tudtak sorolni, s\u0151t azt is tudt\u00e1k, hogy a koala mack\u00f3 val\u00f3j\u00e1ban nem is medve.<\/p>\n<\/blockquote>\n\n\n\n<p>Ezt k\u00f6vet\u0151en Adrienn mes\u00e9t olvasott fel nekik, egy aranyos t\u00f6rt\u00e9netet arr\u00f3l, hogy mi\u00e9rt kezdett el t\u00e9li \u00e1lmot aludni a medve. Majd <strong>meghallgattak egy J\u00f3zsef Attila verset<\/strong> \u00e9s belen\u00e9ztek egy medv\u00e9kr\u0151l sz\u00f3l\u00f3 term\u00e9szetfilmbe is.<\/p>\n\n\n\n<p>T\u00e1ncoltak egyet a gyermekolvas\u00f3 term\u00e9ben, majd <strong>a Pille csoportosok is elmondt\u00e1k azt a verset, amivel erre az alkalomra k\u00e9sz\u00fcltek. <\/strong><\/p>\n\n\n\n<figure class=\"wp-block-image aligncenter size-large\"><img decoding=\"async\" width=\"1024\" height=\"768\" data-src=\"https:\/\/www.part-oldalak.hu\/wordpress\/wp-content\/uploads\/2023\/02\/IMG_8288-1024x768.jpg\" alt=\"\" class=\"wp-image-5304 lazyload\" data-srcset=\"https:\/\/www.part-oldalak.hu\/wordpress\/wp-content\/uploads\/2023\/02\/IMG_8288-1024x768.jpg 1024w, https:\/\/www.part-oldalak.hu\/wordpress\/wp-content\/uploads\/2023\/02\/IMG_8288-300x225.jpg 300w, https:\/\/www.part-oldalak.hu\/wordpress\/wp-content\/uploads\/2023\/02\/IMG_8288-768x576.jpg 768w, https:\/\/www.part-oldalak.hu\/wordpress\/wp-content\/uploads\/2023\/02\/IMG_8288-1536x1152.jpg 1536w, https:\/\/www.part-oldalak.hu\/wordpress\/wp-content\/uploads\/2023\/02\/IMG_8288-2048x1536.jpg 2048w\" data-sizes=\"(max-width: 1024px) 100vw, 1024px\" src=\"data:image\/svg+xml;base64,PHN2ZyB3aWR0aD0iMSIgaGVpZ2h0PSIxIiB4bWxucz0iaHR0cDovL3d3dy53My5vcmcvMjAwMC9zdmciPjwvc3ZnPg==\" style=\"--smush-placeholder-width: 1024px; --smush-placeholder-aspect-ratio: 1024\/768;\" \/><\/figure>\n\n\n\n<p>V\u00e9g\u00fcl mindannyian kimentek az udvarra,<strong> tettek eles\u00e9get a Pille f\u00e1n (a k\u00f6nyvt\u00e1r udvar\u00e1ban tal\u00e1lhat\u00f3 fa, amit a csoport \u00fcltetett) l\u00e9v\u0151 mad\u00e1retet\u0151be<\/strong>, majd saj\u00e1t szem\u00fckkel is megn\u00e9zt\u00e9k, hogy van-e \u00e1rny\u00e9kuk. <\/p>\n\n\n\n<figure class=\"wp-block-image aligncenter size-large\"><img decoding=\"async\" width=\"1024\" height=\"768\" data-src=\"https:\/\/www.part-oldalak.hu\/wordpress\/wp-content\/uploads\/2023\/02\/IMG_8307-1024x768.jpg\" alt=\"\" class=\"wp-image-5305 lazyload\" data-srcset=\"https:\/\/www.part-oldalak.hu\/wordpress\/wp-content\/uploads\/2023\/02\/IMG_8307-1024x768.jpg 1024w, https:\/\/www.part-oldalak.hu\/wordpress\/wp-content\/uploads\/2023\/02\/IMG_8307-300x225.jpg 300w, https:\/\/www.part-oldalak.hu\/wordpress\/wp-content\/uploads\/2023\/02\/IMG_8307-768x576.jpg 768w, https:\/\/www.part-oldalak.hu\/wordpress\/wp-content\/uploads\/2023\/02\/IMG_8307-1536x1152.jpg 1536w, https:\/\/www.part-oldalak.hu\/wordpress\/wp-content\/uploads\/2023\/02\/IMG_8307-2048x1536.jpg 2048w\" data-sizes=\"(max-width: 1024px) 100vw, 1024px\" src=\"data:image\/svg+xml;base64,PHN2ZyB3aWR0aD0iMSIgaGVpZ2h0PSIxIiB4bWxucz0iaHR0cDovL3d3dy53My5vcmcvMjAwMC9zdmciPjwvc3ZnPg==\" style=\"--smush-placeholder-width: 1024px; --smush-placeholder-aspect-ratio: 1024\/768;\" \/><\/figure>\n\n\n\n<p>H\u00e1t m\u00e9g bizony &#8211; ha hihet\u00fcnk a term\u00e9szeti megfigyel\u00e9snek &#8211; <strong>hosszadalmas t\u00e9l v\u00e1r r\u00e1nk, ugyanis a gyerekek is egyt\u0151l egyig megl\u00e1tt\u00e1k az \u00e1rny\u00e9kukat. <\/strong><\/p>\n","protected":false},"excerpt":{"rendered":"<p>D\u00e9lel\u0151tt a Pille csoport \u00e9rkezett a Berze-Nagy Ilona V\u00e1rosi K\u00f6nyvt\u00e1rba, hogy Medve-napot tartsanak.<\/p>\n","protected":false},"author":2,"featured_media":5302,"comment_status":"open","ping_status":"open","sticky":false,"template":"","format":"standard","meta":{"_monsterinsights_skip_tracking":false,"_monsterinsights_sitenote_active":false,"_monsterinsights_sitenote_note":"","_monsterinsights_sitenote_category":0,"footnotes":""},"categories":[6,15],"tags":[4,17,5],"class_list":["post-5301","post","type-post","status-publish","format-standard","has-post-thumbnail","hentry","category-kultura","category-programok","tag-kultura","tag-mozaik","tag-program"],"aioseo_notices":[],"yoast_head":"<!-- This site is optimized with the Yoast SEO plugin v25.6 - https:\/\/yoast.com\/wordpress\/plugins\/seo\/ -->\n<title>Medve-napot tartottak a k\u00f6nyvt\u00e1rban - Part-Oldalak Kultur\u00e1lis Egylet<\/title>\n<meta name=\"robots\" content=\"index, follow, max-snippet:-1, max-image-preview:large, max-video-preview:-1\" \/>\n<link rel=\"canonical\" href=\"https:\/\/www.part-oldalak.hu\/wordpress\/2023\/02\/03\/medve-napot-tartottak-a-konyvtarban\/\" \/>\n<meta property=\"og:locale\" content=\"hu_HU\" \/>\n<meta property=\"og:type\" content=\"article\" \/>\n<meta property=\"og:title\" content=\"Medve-napot tartottak a k\u00f6nyvt\u00e1rban - Part-Oldalak Kultur\u00e1lis Egylet\" \/>\n<meta property=\"og:description\" content=\"D\u00e9lel\u0151tt a Pille csoport \u00e9rkezett a Berze-Nagy Ilona V\u00e1rosi K\u00f6nyvt\u00e1rba, hogy Medve-napot tartsanak.\" \/>\n<meta property=\"og:url\" content=\"https:\/\/www.part-oldalak.hu\/wordpress\/2023\/02\/03\/medve-napot-tartottak-a-konyvtarban\/\" \/>\n<meta property=\"og:site_name\" content=\"Part-Oldalak Kultur\u00e1lis Egylet\" \/>\n<meta property=\"article:published_time\" content=\"2023-02-03T17:03:53+00:00\" \/>\n<meta property=\"article:modified_time\" content=\"2023-02-03T17:03:54+00:00\" \/>\n<meta property=\"og:image\" content=\"https:\/\/www.part-oldalak.hu\/wordpress\/wp-content\/uploads\/2023\/02\/IMG_8281-scaled.jpg\" \/>\n\t<meta property=\"og:image:width\" content=\"2560\" \/>\n\t<meta property=\"og:image:height\" content=\"1920\" \/>\n\t<meta property=\"og:image:type\" content=\"image\/jpeg\" \/>\n<meta name=\"author\" content=\"Kelemen Dorottya\" \/>\n<meta name=\"twitter:card\" content=\"summary_large_image\" \/>\n<meta name=\"twitter:label1\" content=\"Szerz\u0151:\" \/>\n\t<meta name=\"twitter:data1\" content=\"Kelemen Dorottya\" \/>\n\t<meta name=\"twitter:label2\" content=\"Becs\u00fclt olvas\u00e1si id\u0151\" \/>\n\t<meta name=\"twitter:data2\" content=\"3 perc\" \/>\n<script type=\"application\/ld+json\" class=\"yoast-schema-graph\">{\"@context\":\"https:\/\/schema.org\",\"@graph\":[{\"@type\":\"WebPage\",\"@id\":\"https:\/\/www.part-oldalak.hu\/wordpress\/2023\/02\/03\/medve-napot-tartottak-a-konyvtarban\/\",\"url\":\"https:\/\/www.part-oldalak.hu\/wordpress\/2023\/02\/03\/medve-napot-tartottak-a-konyvtarban\/\",\"name\":\"Medve-napot tartottak a k\u00f6nyvt\u00e1rban - Part-Oldalak Kultur\u00e1lis Egylet\",\"isPartOf\":{\"@id\":\"https:\/\/www.part-oldalak.hu\/wordpress\/#website\"},\"primaryImageOfPage\":{\"@id\":\"https:\/\/www.part-oldalak.hu\/wordpress\/2023\/02\/03\/medve-napot-tartottak-a-konyvtarban\/#primaryimage\"},\"image\":{\"@id\":\"https:\/\/www.part-oldalak.hu\/wordpress\/2023\/02\/03\/medve-napot-tartottak-a-konyvtarban\/#primaryimage\"},\"thumbnailUrl\":\"https:\/\/www.part-oldalak.hu\/wordpress\/wp-content\/uploads\/2023\/02\/IMG_8281-scaled.jpg\",\"datePublished\":\"2023-02-03T17:03:53+00:00\",\"dateModified\":\"2023-02-03T17:03:54+00:00\",\"author\":{\"@id\":\"https:\/\/www.part-oldalak.hu\/wordpress\/#\/schema\/person\/c884fbd77fcee1cb2ee4cdb02d55315f\"},\"breadcrumb\":{\"@id\":\"https:\/\/www.part-oldalak.hu\/wordpress\/2023\/02\/03\/medve-napot-tartottak-a-konyvtarban\/#breadcrumb\"},\"inLanguage\":\"hu\",\"potentialAction\":[{\"@type\":\"ReadAction\",\"target\":[\"https:\/\/www.part-oldalak.hu\/wordpress\/2023\/02\/03\/medve-napot-tartottak-a-konyvtarban\/\"]}]},{\"@type\":\"ImageObject\",\"inLanguage\":\"hu\",\"@id\":\"https:\/\/www.part-oldalak.hu\/wordpress\/2023\/02\/03\/medve-napot-tartottak-a-konyvtarban\/#primaryimage\",\"url\":\"https:\/\/www.part-oldalak.hu\/wordpress\/wp-content\/uploads\/2023\/02\/IMG_8281-scaled.jpg\",\"contentUrl\":\"https:\/\/www.part-oldalak.hu\/wordpress\/wp-content\/uploads\/2023\/02\/IMG_8281-scaled.jpg\",\"width\":2560,\"height\":1920},{\"@type\":\"BreadcrumbList\",\"@id\":\"https:\/\/www.part-oldalak.hu\/wordpress\/2023\/02\/03\/medve-napot-tartottak-a-konyvtarban\/#breadcrumb\",\"itemListElement\":[{\"@type\":\"ListItem\",\"position\":1,\"name\":\"Kezd\u0151lap\",\"item\":\"https:\/\/www.part-oldalak.hu\/wordpress\/\"},{\"@type\":\"ListItem\",\"position\":2,\"name\":\"Medve-napot tartottak a k\u00f6nyvt\u00e1rban\"}]},{\"@type\":\"WebSite\",\"@id\":\"https:\/\/www.part-oldalak.hu\/wordpress\/#website\",\"url\":\"https:\/\/www.part-oldalak.hu\/wordpress\/\",\"name\":\"Part-Oldalak Kultur\u00e1lis Egylet\",\"description\":\"\",\"potentialAction\":[{\"@type\":\"SearchAction\",\"target\":{\"@type\":\"EntryPoint\",\"urlTemplate\":\"https:\/\/www.part-oldalak.hu\/wordpress\/?s={search_term_string}\"},\"query-input\":{\"@type\":\"PropertyValueSpecification\",\"valueRequired\":true,\"valueName\":\"search_term_string\"}}],\"inLanguage\":\"hu\"},{\"@type\":\"Person\",\"@id\":\"https:\/\/www.part-oldalak.hu\/wordpress\/#\/schema\/person\/c884fbd77fcee1cb2ee4cdb02d55315f\",\"name\":\"Kelemen Dorottya\",\"image\":{\"@type\":\"ImageObject\",\"inLanguage\":\"hu\",\"@id\":\"https:\/\/www.part-oldalak.hu\/wordpress\/#\/schema\/person\/image\/\",\"url\":\"https:\/\/secure.gravatar.com\/avatar\/9da28a4fe1cf6c75e5132163678f9461?s=96&d=mm&r=g\",\"contentUrl\":\"https:\/\/secure.gravatar.com\/avatar\/9da28a4fe1cf6c75e5132163678f9461?s=96&d=mm&r=g\",\"caption\":\"Kelemen Dorottya\"},\"url\":\"https:\/\/www.part-oldalak.hu\/wordpress\/author\/kelemen-dorottya\/\"}]}<\/script>\n<!-- \/ Yoast SEO plugin. -->","yoast_head_json":{"title":"Medve-napot tartottak a k\u00f6nyvt\u00e1rban - Part-Oldalak Kultur\u00e1lis Egylet","robots":{"index":"index","follow":"follow","max-snippet":"max-snippet:-1","max-image-preview":"max-image-preview:large","max-video-preview":"max-video-preview:-1"},"canonical":"https:\/\/www.part-oldalak.hu\/wordpress\/2023\/02\/03\/medve-napot-tartottak-a-konyvtarban\/","og_locale":"hu_HU","og_type":"article","og_title":"Medve-napot tartottak a k\u00f6nyvt\u00e1rban - Part-Oldalak Kultur\u00e1lis Egylet","og_description":"D\u00e9lel\u0151tt a Pille csoport \u00e9rkezett a Berze-Nagy Ilona V\u00e1rosi K\u00f6nyvt\u00e1rba, hogy Medve-napot tartsanak.","og_url":"https:\/\/www.part-oldalak.hu\/wordpress\/2023\/02\/03\/medve-napot-tartottak-a-konyvtarban\/","og_site_name":"Part-Oldalak Kultur\u00e1lis Egylet","article_published_time":"2023-02-03T17:03:53+00:00","article_modified_time":"2023-02-03T17:03:54+00:00","og_image":[{"width":2560,"height":1920,"url":"https:\/\/www.part-oldalak.hu\/wordpress\/wp-content\/uploads\/2023\/02\/IMG_8281-scaled.jpg","type":"image\/jpeg"}],"author":"Kelemen Dorottya","twitter_card":"summary_large_image","twitter_misc":{"Szerz\u0151:":"Kelemen Dorottya","Becs\u00fclt olvas\u00e1si id\u0151":"3 perc"},"schema":{"@context":"https:\/\/schema.org","@graph":[{"@type":"WebPage","@id":"https:\/\/www.part-oldalak.hu\/wordpress\/2023\/02\/03\/medve-napot-tartottak-a-konyvtarban\/","url":"https:\/\/www.part-oldalak.hu\/wordpress\/2023\/02\/03\/medve-napot-tartottak-a-konyvtarban\/","name":"Medve-napot tartottak a k\u00f6nyvt\u00e1rban - Part-Oldalak Kultur\u00e1lis Egylet","isPartOf":{"@id":"https:\/\/www.part-oldalak.hu\/wordpress\/#website"},"primaryImageOfPage":{"@id":"https:\/\/www.part-oldalak.hu\/wordpress\/2023\/02\/03\/medve-napot-tartottak-a-konyvtarban\/#primaryimage"},"image":{"@id":"https:\/\/www.part-oldalak.hu\/wordpress\/2023\/02\/03\/medve-napot-tartottak-a-konyvtarban\/#primaryimage"},"thumbnailUrl":"https:\/\/www.part-oldalak.hu\/wordpress\/wp-content\/uploads\/2023\/02\/IMG_8281-scaled.jpg","datePublished":"2023-02-03T17:03:53+00:00","dateModified":"2023-02-03T17:03:54+00:00","author":{"@id":"https:\/\/www.part-oldalak.hu\/wordpress\/#\/schema\/person\/c884fbd77fcee1cb2ee4cdb02d55315f"},"breadcrumb":{"@id":"https:\/\/www.part-oldalak.hu\/wordpress\/2023\/02\/03\/medve-napot-tartottak-a-konyvtarban\/#breadcrumb"},"inLanguage":"hu","potentialAction":[{"@type":"ReadAction","target":["https:\/\/www.part-oldalak.hu\/wordpress\/2023\/02\/03\/medve-napot-tartottak-a-konyvtarban\/"]}]},{"@type":"ImageObject","inLanguage":"hu","@id":"https:\/\/www.part-oldalak.hu\/wordpress\/2023\/02\/03\/medve-napot-tartottak-a-konyvtarban\/#primaryimage","url":"https:\/\/www.part-oldalak.hu\/wordpress\/wp-content\/uploads\/2023\/02\/IMG_8281-scaled.jpg","contentUrl":"https:\/\/www.part-oldalak.hu\/wordpress\/wp-content\/uploads\/2023\/02\/IMG_8281-scaled.jpg","width":2560,"height":1920},{"@type":"BreadcrumbList","@id":"https:\/\/www.part-oldalak.hu\/wordpress\/2023\/02\/03\/medve-napot-tartottak-a-konyvtarban\/#breadcrumb","itemListElement":[{"@type":"ListItem","position":1,"name":"Kezd\u0151lap","item":"https:\/\/www.part-oldalak.hu\/wordpress\/"},{"@type":"ListItem","position":2,"name":"Medve-napot tartottak a k\u00f6nyvt\u00e1rban"}]},{"@type":"WebSite","@id":"https:\/\/www.part-oldalak.hu\/wordpress\/#website","url":"https:\/\/www.part-oldalak.hu\/wordpress\/","name":"Part-Oldalak Kultur\u00e1lis Egylet","description":"","potentialAction":[{"@type":"SearchAction","target":{"@type":"EntryPoint","urlTemplate":"https:\/\/www.part-oldalak.hu\/wordpress\/?s={search_term_string}"},"query-input":{"@type":"PropertyValueSpecification","valueRequired":true,"valueName":"search_term_string"}}],"inLanguage":"hu"},{"@type":"Person","@id":"https:\/\/www.part-oldalak.hu\/wordpress\/#\/schema\/person\/c884fbd77fcee1cb2ee4cdb02d55315f","name":"Kelemen Dorottya","image":{"@type":"ImageObject","inLanguage":"hu","@id":"https:\/\/www.part-oldalak.hu\/wordpress\/#\/schema\/person\/image\/","url":"https:\/\/secure.gravatar.com\/avatar\/9da28a4fe1cf6c75e5132163678f9461?s=96&d=mm&r=g","contentUrl":"https:\/\/secure.gravatar.com\/avatar\/9da28a4fe1cf6c75e5132163678f9461?s=96&d=mm&r=g","caption":"Kelemen Dorottya"},"url":"https:\/\/www.part-oldalak.hu\/wordpress\/author\/kelemen-dorottya\/"}]}},"_links":{"self":[{"href":"https:\/\/www.part-oldalak.hu\/wordpress\/wp-json\/wp\/v2\/posts\/5301"}],"collection":[{"href":"https:\/\/www.part-oldalak.hu\/wordpress\/wp-json\/wp\/v2\/posts"}],"about":[{"href":"https:\/\/www.part-oldalak.hu\/wordpress\/wp-json\/wp\/v2\/types\/post"}],"author":[{"embeddable":true,"href":"https:\/\/www.part-oldalak.hu\/wordpress\/wp-json\/wp\/v2\/users\/2"}],"replies":[{"embeddable":true,"href":"https:\/\/www.part-oldalak.hu\/wordpress\/wp-json\/wp\/v2\/comments?post=5301"}],"version-history":[{"count":2,"href":"https:\/\/www.part-oldalak.hu\/wordpress\/wp-json\/wp\/v2\/posts\/5301\/revisions"}],"predecessor-version":[{"id":5311,"href":"https:\/\/www.part-oldalak.hu\/wordpress\/wp-json\/wp\/v2\/posts\/5301\/revisions\/5311"}],"wp:featuredmedia":[{"embeddable":true,"href":"https:\/\/www.part-oldalak.hu\/wordpress\/wp-json\/wp\/v2\/media\/5302"}],"wp:attachment":[{"href":"https:\/\/www.part-oldalak.hu\/wordpress\/wp-json\/wp\/v2\/media?parent=5301"}],"wp:term":[{"taxonomy":"category","embeddable":true,"href":"https:\/\/www.part-oldalak.hu\/wordpress\/wp-json\/wp\/v2\/categories?post=5301"},{"taxonomy":"post_tag","embeddable":true,"href":"https:\/\/www.part-oldalak.hu\/wordpress\/wp-json\/wp\/v2\/tags?post=5301"}],"curies":[{"name":"wp","href":"https:\/\/api.w.org\/{rel}","templated":true}]}}