{"id":4891,"date":"2022-12-27T18:38:09","date_gmt":"2022-12-27T17:38:09","guid":{"rendered":"http:\/\/www.part-oldalak.hu\/wordpress\/?p=4891"},"modified":"2022-12-27T18:38:10","modified_gmt":"2022-12-27T17:38:10","slug":"palyaorientacios-napot-tartottak-a-magyar-laszlo-gimnaziumban","status":"publish","type":"post","link":"https:\/\/www.part-oldalak.hu\/wordpress\/2022\/12\/27\/palyaorientacios-napot-tartottak-a-magyar-laszlo-gimnaziumban\/","title":{"rendered":"P\u00e1lyaorient\u00e1ci\u00f3s napot tartottak a Magyar L\u00e1szl\u00f3 Gimn\u00e1ziumban"},"content":{"rendered":"\n<p>Izgalmasan telt az utols\u00f3 h\u00f3nap a Magyar L\u00e1szl\u00f3 Gimn\u00e1zium tanul\u00f3i sz\u00e1m\u00e1ra, hiszen nyolcadik oszt\u00e1lyt\u00f3l felfel\u00e9 a di\u00e1kok p\u00e1lyaorient\u00e1ci\u00f3s napon vehettek r\u00e9szt, amikor is szakm\u00e1kkal, szakemberekkel \u00e9s egyetemekkel ismerkedhettek. <\/p>\n\n\n\n<h2 class=\"wp-block-heading\">\u00cdgy n\u00e9zett ki a p\u00e1lyaorient\u00e1ci\u00f3s nap <\/h2>\n\n\n\n<p>A tan\u00e9v rendje el\u0151\u00edrja, hogy \u00e9vente egy tan\u00edt\u00e1si napot p\u00e1lyaorient\u00e1ci\u00f3ra kell felhaszn\u00e1lni, ezt rendszerint <strong>december v\u00e9g\u00e9n vagy janu\u00e1r elej\u00e9n szervezik meg<\/strong>, m\u00e9g id\u0151ben, a fels\u0151oktat\u00e1sba val\u00f3 jelentkez\u00e9s hat\u00e1rideje el\u0151tt. A nap arr\u00f3l sz\u00f3l, hogy a gyerekek tov\u00e1bbtanul\u00e1s\u00e1t, elhelyezked\u00e9s\u00e9t seg\u00edts\u00e9k \u00e9s mindenf\u00e9le tud\u00e1ssal, tapasztalattal pr\u00f3b\u00e1lj\u00e1k felv\u00e9rtezni \u0151ket. <\/p>\n\n\n\n<figure class=\"wp-block-image aligncenter size-large is-resized\"><img decoding=\"async\" data-src=\"https:\/\/www.part-oldalak.hu\/wordpress\/wp-content\/uploads\/2022\/12\/320214988_828163128241302_913923931291866253_n-461x1024.jpg\" alt=\"\" class=\"wp-image-4899 lazyload\" width=\"346\" height=\"768\" data-srcset=\"https:\/\/www.part-oldalak.hu\/wordpress\/wp-content\/uploads\/2022\/12\/320214988_828163128241302_913923931291866253_n-461x1024.jpg 461w, https:\/\/www.part-oldalak.hu\/wordpress\/wp-content\/uploads\/2022\/12\/320214988_828163128241302_913923931291866253_n-135x300.jpg 135w, https:\/\/www.part-oldalak.hu\/wordpress\/wp-content\/uploads\/2022\/12\/320214988_828163128241302_913923931291866253_n-768x1707.jpg 768w, https:\/\/www.part-oldalak.hu\/wordpress\/wp-content\/uploads\/2022\/12\/320214988_828163128241302_913923931291866253_n-691x1536.jpg 691w, https:\/\/www.part-oldalak.hu\/wordpress\/wp-content\/uploads\/2022\/12\/320214988_828163128241302_913923931291866253_n-921x2048.jpg 921w, https:\/\/www.part-oldalak.hu\/wordpress\/wp-content\/uploads\/2022\/12\/320214988_828163128241302_913923931291866253_n-1024x2276.jpg 1024w, https:\/\/www.part-oldalak.hu\/wordpress\/wp-content\/uploads\/2022\/12\/320214988_828163128241302_913923931291866253_n-scaled.jpg 1152w\" data-sizes=\"(max-width: 346px) 100vw, 346px\" src=\"data:image\/svg+xml;base64,PHN2ZyB3aWR0aD0iMSIgaGVpZ2h0PSIxIiB4bWxucz0iaHR0cDovL3d3dy53My5vcmcvMjAwMC9zdmciPjwvc3ZnPg==\" style=\"--smush-placeholder-width: 346px; --smush-placeholder-aspect-ratio: 346\/768;\" \/><\/figure>\n\n\n\n<h2 class=\"wp-block-heading\">T\u00f6bbf\u00e9le szakter\u00fclet k\u00e9pvisel\u0151i \u00e9rkeztek<\/h2>\n\n\n\n<p>Fontos szempont volt az el\u0151ad\u00f3k kiv\u00e1laszt\u00e1sa sor\u00e1n a soksz\u00edn\u0171s\u00e9g, de arra is odafigyeltek, hogy a megh\u00edvottak k\u00f6z\u00f6tt legyen olyan is, aki a Magyar L\u00e1szl\u00f3 Gimn\u00e1ziumban gimn\u00e1ziumban v\u00e9gzett. A di\u00e1koknak volt lehet\u0151s\u00e9g\u00fck az eg\u00e9szs\u00e9g\u00fcgyr\u0151l, az agr\u00e1rtudom\u00e1nyokr\u00f3l el\u0151ad\u00e1st hallgatni, de \u00e9rkezett k\u00f6zgazd\u00e1sz, villamosm\u00e9rn\u00f6k, \u00e9p\u00fcletg\u00e9p\u00e9sz, informatikus, geogr\u00e1fus, jog\u00e1sz, s\u0151t rend\u0151r \u00e9s katasztr\u00f3fav\u00e9delmi szakember is.<\/p>\n\n\n\n<figure class=\"wp-block-image aligncenter size-large is-resized\"><img decoding=\"async\" data-src=\"https:\/\/www.part-oldalak.hu\/wordpress\/wp-content\/uploads\/2022\/12\/320133387_3397066403885051_643469038945759239_n-768x1024.jpg\" alt=\"\" class=\"wp-image-4893 lazyload\" width=\"576\" height=\"768\" data-srcset=\"https:\/\/www.part-oldalak.hu\/wordpress\/wp-content\/uploads\/2022\/12\/320133387_3397066403885051_643469038945759239_n-768x1024.jpg 768w, https:\/\/www.part-oldalak.hu\/wordpress\/wp-content\/uploads\/2022\/12\/320133387_3397066403885051_643469038945759239_n-225x300.jpg 225w, https:\/\/www.part-oldalak.hu\/wordpress\/wp-content\/uploads\/2022\/12\/320133387_3397066403885051_643469038945759239_n-1152x1536.jpg 1152w, https:\/\/www.part-oldalak.hu\/wordpress\/wp-content\/uploads\/2022\/12\/320133387_3397066403885051_643469038945759239_n-1024x1365.jpg 1024w, https:\/\/www.part-oldalak.hu\/wordpress\/wp-content\/uploads\/2022\/12\/320133387_3397066403885051_643469038945759239_n.jpg 1536w\" data-sizes=\"(max-width: 576px) 100vw, 576px\" src=\"data:image\/svg+xml;base64,PHN2ZyB3aWR0aD0iMSIgaGVpZ2h0PSIxIiB4bWxucz0iaHR0cDovL3d3dy53My5vcmcvMjAwMC9zdmciPjwvc3ZnPg==\" style=\"--smush-placeholder-width: 576px; --smush-placeholder-aspect-ratio: 576\/768;\" \/><\/figure>\n\n\n\n<p>A kiv\u00e1laszt\u00e1s sor\u00e1n figyelembe vett\u00e9k, hogy a di\u00e1kok mi ir\u00e1nt \u00e9rdekl\u0151dnek, valamint, hogy az elm\u00falt \u00e9vekben milyen szakemberek ker\u00fcltek ki a Magyar L\u00e1szl\u00f3 Gimn\u00e1zium falai k\u00f6z\u00fcl. <\/p>\n\n\n\n<h2 class=\"wp-block-heading\">Id\u00e9n \u00faj\u00edtottak is<\/h2>\n\n\n\n<p>2022-ben el\u0151sz\u00f6r nem csak szakemberek mutatkoztak be, hanem fels\u0151oktat\u00e1si int\u00e9zm\u00e9nyek is: Kecskem\u00e9tr\u0151l a <strong>Neumann J\u00e1nos Egyetem, a Duna\u00fajv\u00e1rosi Egyetem, a P\u00e9csi Tudom\u00e1nyegyetem, a Szegedi Tudom\u00e1nyegyetem<\/strong>. Ut\u00f3bbi k\u00e9t egyetem tulajdonk\u00e9ppen a teljes magyar k\u00e9pz\u00e9st lefedi, \u00edgy mindenki megtal\u00e1lhatta azt a szakot, ami sz\u00e1m\u00e1ra \u00e9rdekes lehet. <\/p>\n\n\n\n<p>A tizedik oszt\u00e1lyosok az egyetemeket f\u00e9l \u00f3r\u00e1ban n\u00e9zhett\u00e9k meg, ami rem\u00e9lhet\u0151leg seg\u00edts\u00e9g lesz sz\u00e1mukra abban, hogy j\u00f6v\u0151re k\u00f6nnyebben v\u00e1lasszanak fakult\u00e1ci\u00f3s t\u00e1rgyakat. <strong>A tizenegyedikeseknek \u00e9s a tizenkettedik oszt\u00e1lyosoknak a t\u00e9ma sokkal aktu\u00e1lisabb, \u00edgy \u0151k t\u00f6lthettek t\u00f6bb id\u0151t a bemutat\u00f3n. Az als\u00f3bb \u00e9vfolyamosok \u00fczeml\u00e1togat\u00e1sra mehettek<\/strong> a malomba, az \u00f3vod\u00e1ba, a szakiskolai k\u00e9pz\u00e9st n\u00e9zt\u00e9k meg, de voltak cukr\u00e1szd\u00e1ban \u00e9s bankban is.<\/p>\n\n\n\n<h2 class=\"wp-block-heading\">Sikeres volt a nap<\/h2>\n\n\n\n<p>Pozit\u00edv visszajelz\u00e9sek \u00e9rkeztek a di\u00e1kokt\u00f3l, nagy r\u00e9szben lefedte az \u00e9rdekl\u0151d\u00e9s\u00fcket a k\u00e9pz\u00e9si k\u00edn\u00e1lat, b\u00e1r a m\u0171v\u00e9szeti ter\u00fclet, a kreat\u00edv vonal kev\u00e9sb\u00e9 \u00e9rv\u00e9nyes\u00fclt. Azonban j\u00f3 szakemberekkel besz\u00e9lgethettek a di\u00e1kok, azoknak, akiknek sz\u00fcks\u00e9ge van m\u00e9g egy kis l\u00f6k\u00e9sre, seg\u00edthetett ez a nap a d\u00f6nt\u00e9sben. <\/p>\n","protected":false},"excerpt":{"rendered":"<p>Izgalmasan telt az utols\u00f3 h\u00f3nap a Magyar L\u00e1szl\u00f3 Gimn\u00e1zium tanul\u00f3i sz\u00e1m\u00e1ra, hiszen nyolcadik oszt\u00e1lyt\u00f3l felfel\u00e9 a di\u00e1kok p\u00e1lyaorient\u00e1ci\u00f3s napon vehettek r\u00e9szt, amikor is szakm\u00e1kkal, szakemberekkel \u00e9s egyetemekkel ismerkedhettek. <\/p>\n","protected":false},"author":2,"featured_media":4892,"comment_status":"open","ping_status":"open","sticky":false,"template":"","format":"standard","meta":{"_monsterinsights_skip_tracking":false,"_monsterinsights_sitenote_active":false,"_monsterinsights_sitenote_note":"","_monsterinsights_sitenote_category":0,"footnotes":""},"categories":[1,12],"tags":[17,23],"class_list":["post-4891","post","type-post","status-publish","format-standard","has-post-thumbnail","hentry","category-mozaik","category-oktatas","tag-mozaik","tag-oktatas"],"aioseo_notices":[],"yoast_head":"<!-- This site is optimized with the Yoast SEO plugin v25.6 - https:\/\/yoast.com\/wordpress\/plugins\/seo\/ -->\n<title>P\u00e1lyaorient\u00e1ci\u00f3s napot tartottak a Magyar L\u00e1szl\u00f3 Gimn\u00e1ziumban - Part-Oldalak Kultur\u00e1lis Egylet<\/title>\n<meta name=\"robots\" content=\"index, follow, max-snippet:-1, max-image-preview:large, max-video-preview:-1\" \/>\n<link rel=\"canonical\" href=\"http:\/\/www.part-oldalak.hu\/wordpress\/2022\/12\/27\/palyaorientacios-napot-tartottak-a-magyar-laszlo-gimnaziumban\/\" \/>\n<meta property=\"og:locale\" content=\"hu_HU\" \/>\n<meta property=\"og:type\" content=\"article\" \/>\n<meta property=\"og:title\" content=\"P\u00e1lyaorient\u00e1ci\u00f3s napot tartottak a Magyar L\u00e1szl\u00f3 Gimn\u00e1ziumban - Part-Oldalak Kultur\u00e1lis Egylet\" \/>\n<meta property=\"og:description\" content=\"Izgalmasan telt az utols\u00f3 h\u00f3nap a Magyar L\u00e1szl\u00f3 Gimn\u00e1zium tanul\u00f3i sz\u00e1m\u00e1ra, hiszen nyolcadik oszt\u00e1lyt\u00f3l felfel\u00e9 a di\u00e1kok p\u00e1lyaorient\u00e1ci\u00f3s napon vehettek r\u00e9szt, amikor is szakm\u00e1kkal, szakemberekkel \u00e9s egyetemekkel ismerkedhettek.\" \/>\n<meta property=\"og:url\" content=\"http:\/\/www.part-oldalak.hu\/wordpress\/2022\/12\/27\/palyaorientacios-napot-tartottak-a-magyar-laszlo-gimnaziumban\/\" \/>\n<meta property=\"og:site_name\" content=\"Part-Oldalak Kultur\u00e1lis Egylet\" \/>\n<meta property=\"article:published_time\" content=\"2022-12-27T17:38:09+00:00\" \/>\n<meta property=\"article:modified_time\" content=\"2022-12-27T17:38:10+00:00\" \/>\n<meta property=\"og:image\" content=\"http:\/\/www.part-oldalak.hu\/wordpress\/wp-content\/uploads\/2022\/12\/320279344_550946949864291_6756055469224916834_n.jpg\" \/>\n\t<meta property=\"og:image:width\" content=\"2048\" \/>\n\t<meta property=\"og:image:height\" content=\"1366\" \/>\n\t<meta property=\"og:image:type\" content=\"image\/jpeg\" \/>\n<meta name=\"author\" content=\"Kelemen Dorottya\" \/>\n<meta name=\"twitter:card\" content=\"summary_large_image\" \/>\n<meta name=\"twitter:label1\" content=\"Szerz\u0151:\" \/>\n\t<meta name=\"twitter:data1\" content=\"Kelemen Dorottya\" \/>\n\t<meta name=\"twitter:label2\" content=\"Becs\u00fclt olvas\u00e1si id\u0151\" \/>\n\t<meta name=\"twitter:data2\" content=\"3 perc\" \/>\n<script type=\"application\/ld+json\" class=\"yoast-schema-graph\">{\"@context\":\"https:\/\/schema.org\",\"@graph\":[{\"@type\":\"WebPage\",\"@id\":\"http:\/\/www.part-oldalak.hu\/wordpress\/2022\/12\/27\/palyaorientacios-napot-tartottak-a-magyar-laszlo-gimnaziumban\/\",\"url\":\"http:\/\/www.part-oldalak.hu\/wordpress\/2022\/12\/27\/palyaorientacios-napot-tartottak-a-magyar-laszlo-gimnaziumban\/\",\"name\":\"P\u00e1lyaorient\u00e1ci\u00f3s napot tartottak a Magyar L\u00e1szl\u00f3 Gimn\u00e1ziumban - Part-Oldalak Kultur\u00e1lis Egylet\",\"isPartOf\":{\"@id\":\"https:\/\/www.part-oldalak.hu\/wordpress\/#website\"},\"primaryImageOfPage\":{\"@id\":\"http:\/\/www.part-oldalak.hu\/wordpress\/2022\/12\/27\/palyaorientacios-napot-tartottak-a-magyar-laszlo-gimnaziumban\/#primaryimage\"},\"image\":{\"@id\":\"http:\/\/www.part-oldalak.hu\/wordpress\/2022\/12\/27\/palyaorientacios-napot-tartottak-a-magyar-laszlo-gimnaziumban\/#primaryimage\"},\"thumbnailUrl\":\"https:\/\/www.part-oldalak.hu\/wordpress\/wp-content\/uploads\/2022\/12\/320279344_550946949864291_6756055469224916834_n.jpg\",\"datePublished\":\"2022-12-27T17:38:09+00:00\",\"dateModified\":\"2022-12-27T17:38:10+00:00\",\"author\":{\"@id\":\"https:\/\/www.part-oldalak.hu\/wordpress\/#\/schema\/person\/c884fbd77fcee1cb2ee4cdb02d55315f\"},\"breadcrumb\":{\"@id\":\"http:\/\/www.part-oldalak.hu\/wordpress\/2022\/12\/27\/palyaorientacios-napot-tartottak-a-magyar-laszlo-gimnaziumban\/#breadcrumb\"},\"inLanguage\":\"hu\",\"potentialAction\":[{\"@type\":\"ReadAction\",\"target\":[\"http:\/\/www.part-oldalak.hu\/wordpress\/2022\/12\/27\/palyaorientacios-napot-tartottak-a-magyar-laszlo-gimnaziumban\/\"]}]},{\"@type\":\"ImageObject\",\"inLanguage\":\"hu\",\"@id\":\"http:\/\/www.part-oldalak.hu\/wordpress\/2022\/12\/27\/palyaorientacios-napot-tartottak-a-magyar-laszlo-gimnaziumban\/#primaryimage\",\"url\":\"https:\/\/www.part-oldalak.hu\/wordpress\/wp-content\/uploads\/2022\/12\/320279344_550946949864291_6756055469224916834_n.jpg\",\"contentUrl\":\"https:\/\/www.part-oldalak.hu\/wordpress\/wp-content\/uploads\/2022\/12\/320279344_550946949864291_6756055469224916834_n.jpg\",\"width\":2048,\"height\":1366},{\"@type\":\"BreadcrumbList\",\"@id\":\"http:\/\/www.part-oldalak.hu\/wordpress\/2022\/12\/27\/palyaorientacios-napot-tartottak-a-magyar-laszlo-gimnaziumban\/#breadcrumb\",\"itemListElement\":[{\"@type\":\"ListItem\",\"position\":1,\"name\":\"Kezd\u0151lap\",\"item\":\"https:\/\/www.part-oldalak.hu\/wordpress\/\"},{\"@type\":\"ListItem\",\"position\":2,\"name\":\"P\u00e1lyaorient\u00e1ci\u00f3s napot tartottak a Magyar L\u00e1szl\u00f3 Gimn\u00e1ziumban\"}]},{\"@type\":\"WebSite\",\"@id\":\"https:\/\/www.part-oldalak.hu\/wordpress\/#website\",\"url\":\"https:\/\/www.part-oldalak.hu\/wordpress\/\",\"name\":\"Part-Oldalak Kultur\u00e1lis Egylet\",\"description\":\"\",\"potentialAction\":[{\"@type\":\"SearchAction\",\"target\":{\"@type\":\"EntryPoint\",\"urlTemplate\":\"https:\/\/www.part-oldalak.hu\/wordpress\/?s={search_term_string}\"},\"query-input\":{\"@type\":\"PropertyValueSpecification\",\"valueRequired\":true,\"valueName\":\"search_term_string\"}}],\"inLanguage\":\"hu\"},{\"@type\":\"Person\",\"@id\":\"https:\/\/www.part-oldalak.hu\/wordpress\/#\/schema\/person\/c884fbd77fcee1cb2ee4cdb02d55315f\",\"name\":\"Kelemen Dorottya\",\"image\":{\"@type\":\"ImageObject\",\"inLanguage\":\"hu\",\"@id\":\"https:\/\/www.part-oldalak.hu\/wordpress\/#\/schema\/person\/image\/\",\"url\":\"https:\/\/secure.gravatar.com\/avatar\/9da28a4fe1cf6c75e5132163678f9461?s=96&d=mm&r=g\",\"contentUrl\":\"https:\/\/secure.gravatar.com\/avatar\/9da28a4fe1cf6c75e5132163678f9461?s=96&d=mm&r=g\",\"caption\":\"Kelemen Dorottya\"},\"url\":\"https:\/\/www.part-oldalak.hu\/wordpress\/author\/kelemen-dorottya\/\"}]}<\/script>\n<!-- \/ Yoast SEO plugin. -->","yoast_head_json":{"title":"P\u00e1lyaorient\u00e1ci\u00f3s napot tartottak a Magyar L\u00e1szl\u00f3 Gimn\u00e1ziumban - Part-Oldalak Kultur\u00e1lis Egylet","robots":{"index":"index","follow":"follow","max-snippet":"max-snippet:-1","max-image-preview":"max-image-preview:large","max-video-preview":"max-video-preview:-1"},"canonical":"http:\/\/www.part-oldalak.hu\/wordpress\/2022\/12\/27\/palyaorientacios-napot-tartottak-a-magyar-laszlo-gimnaziumban\/","og_locale":"hu_HU","og_type":"article","og_title":"P\u00e1lyaorient\u00e1ci\u00f3s napot tartottak a Magyar L\u00e1szl\u00f3 Gimn\u00e1ziumban - Part-Oldalak Kultur\u00e1lis Egylet","og_description":"Izgalmasan telt az utols\u00f3 h\u00f3nap a Magyar L\u00e1szl\u00f3 Gimn\u00e1zium tanul\u00f3i sz\u00e1m\u00e1ra, hiszen nyolcadik oszt\u00e1lyt\u00f3l felfel\u00e9 a di\u00e1kok p\u00e1lyaorient\u00e1ci\u00f3s napon vehettek r\u00e9szt, amikor is szakm\u00e1kkal, szakemberekkel \u00e9s egyetemekkel ismerkedhettek.","og_url":"http:\/\/www.part-oldalak.hu\/wordpress\/2022\/12\/27\/palyaorientacios-napot-tartottak-a-magyar-laszlo-gimnaziumban\/","og_site_name":"Part-Oldalak Kultur\u00e1lis Egylet","article_published_time":"2022-12-27T17:38:09+00:00","article_modified_time":"2022-12-27T17:38:10+00:00","og_image":[{"width":2048,"height":1366,"url":"http:\/\/www.part-oldalak.hu\/wordpress\/wp-content\/uploads\/2022\/12\/320279344_550946949864291_6756055469224916834_n.jpg","type":"image\/jpeg"}],"author":"Kelemen Dorottya","twitter_card":"summary_large_image","twitter_misc":{"Szerz\u0151:":"Kelemen Dorottya","Becs\u00fclt olvas\u00e1si id\u0151":"3 perc"},"schema":{"@context":"https:\/\/schema.org","@graph":[{"@type":"WebPage","@id":"http:\/\/www.part-oldalak.hu\/wordpress\/2022\/12\/27\/palyaorientacios-napot-tartottak-a-magyar-laszlo-gimnaziumban\/","url":"http:\/\/www.part-oldalak.hu\/wordpress\/2022\/12\/27\/palyaorientacios-napot-tartottak-a-magyar-laszlo-gimnaziumban\/","name":"P\u00e1lyaorient\u00e1ci\u00f3s napot tartottak a Magyar L\u00e1szl\u00f3 Gimn\u00e1ziumban - Part-Oldalak Kultur\u00e1lis Egylet","isPartOf":{"@id":"https:\/\/www.part-oldalak.hu\/wordpress\/#website"},"primaryImageOfPage":{"@id":"http:\/\/www.part-oldalak.hu\/wordpress\/2022\/12\/27\/palyaorientacios-napot-tartottak-a-magyar-laszlo-gimnaziumban\/#primaryimage"},"image":{"@id":"http:\/\/www.part-oldalak.hu\/wordpress\/2022\/12\/27\/palyaorientacios-napot-tartottak-a-magyar-laszlo-gimnaziumban\/#primaryimage"},"thumbnailUrl":"https:\/\/www.part-oldalak.hu\/wordpress\/wp-content\/uploads\/2022\/12\/320279344_550946949864291_6756055469224916834_n.jpg","datePublished":"2022-12-27T17:38:09+00:00","dateModified":"2022-12-27T17:38:10+00:00","author":{"@id":"https:\/\/www.part-oldalak.hu\/wordpress\/#\/schema\/person\/c884fbd77fcee1cb2ee4cdb02d55315f"},"breadcrumb":{"@id":"http:\/\/www.part-oldalak.hu\/wordpress\/2022\/12\/27\/palyaorientacios-napot-tartottak-a-magyar-laszlo-gimnaziumban\/#breadcrumb"},"inLanguage":"hu","potentialAction":[{"@type":"ReadAction","target":["http:\/\/www.part-oldalak.hu\/wordpress\/2022\/12\/27\/palyaorientacios-napot-tartottak-a-magyar-laszlo-gimnaziumban\/"]}]},{"@type":"ImageObject","inLanguage":"hu","@id":"http:\/\/www.part-oldalak.hu\/wordpress\/2022\/12\/27\/palyaorientacios-napot-tartottak-a-magyar-laszlo-gimnaziumban\/#primaryimage","url":"https:\/\/www.part-oldalak.hu\/wordpress\/wp-content\/uploads\/2022\/12\/320279344_550946949864291_6756055469224916834_n.jpg","contentUrl":"https:\/\/www.part-oldalak.hu\/wordpress\/wp-content\/uploads\/2022\/12\/320279344_550946949864291_6756055469224916834_n.jpg","width":2048,"height":1366},{"@type":"BreadcrumbList","@id":"http:\/\/www.part-oldalak.hu\/wordpress\/2022\/12\/27\/palyaorientacios-napot-tartottak-a-magyar-laszlo-gimnaziumban\/#breadcrumb","itemListElement":[{"@type":"ListItem","position":1,"name":"Kezd\u0151lap","item":"https:\/\/www.part-oldalak.hu\/wordpress\/"},{"@type":"ListItem","position":2,"name":"P\u00e1lyaorient\u00e1ci\u00f3s napot tartottak a Magyar L\u00e1szl\u00f3 Gimn\u00e1ziumban"}]},{"@type":"WebSite","@id":"https:\/\/www.part-oldalak.hu\/wordpress\/#website","url":"https:\/\/www.part-oldalak.hu\/wordpress\/","name":"Part-Oldalak Kultur\u00e1lis Egylet","description":"","potentialAction":[{"@type":"SearchAction","target":{"@type":"EntryPoint","urlTemplate":"https:\/\/www.part-oldalak.hu\/wordpress\/?s={search_term_string}"},"query-input":{"@type":"PropertyValueSpecification","valueRequired":true,"valueName":"search_term_string"}}],"inLanguage":"hu"},{"@type":"Person","@id":"https:\/\/www.part-oldalak.hu\/wordpress\/#\/schema\/person\/c884fbd77fcee1cb2ee4cdb02d55315f","name":"Kelemen Dorottya","image":{"@type":"ImageObject","inLanguage":"hu","@id":"https:\/\/www.part-oldalak.hu\/wordpress\/#\/schema\/person\/image\/","url":"https:\/\/secure.gravatar.com\/avatar\/9da28a4fe1cf6c75e5132163678f9461?s=96&d=mm&r=g","contentUrl":"https:\/\/secure.gravatar.com\/avatar\/9da28a4fe1cf6c75e5132163678f9461?s=96&d=mm&r=g","caption":"Kelemen Dorottya"},"url":"https:\/\/www.part-oldalak.hu\/wordpress\/author\/kelemen-dorottya\/"}]}},"_links":{"self":[{"href":"https:\/\/www.part-oldalak.hu\/wordpress\/wp-json\/wp\/v2\/posts\/4891"}],"collection":[{"href":"https:\/\/www.part-oldalak.hu\/wordpress\/wp-json\/wp\/v2\/posts"}],"about":[{"href":"https:\/\/www.part-oldalak.hu\/wordpress\/wp-json\/wp\/v2\/types\/post"}],"author":[{"embeddable":true,"href":"https:\/\/www.part-oldalak.hu\/wordpress\/wp-json\/wp\/v2\/users\/2"}],"replies":[{"embeddable":true,"href":"https:\/\/www.part-oldalak.hu\/wordpress\/wp-json\/wp\/v2\/comments?post=4891"}],"version-history":[{"count":3,"href":"https:\/\/www.part-oldalak.hu\/wordpress\/wp-json\/wp\/v2\/posts\/4891\/revisions"}],"predecessor-version":[{"id":4901,"href":"https:\/\/www.part-oldalak.hu\/wordpress\/wp-json\/wp\/v2\/posts\/4891\/revisions\/4901"}],"wp:featuredmedia":[{"embeddable":true,"href":"https:\/\/www.part-oldalak.hu\/wordpress\/wp-json\/wp\/v2\/media\/4892"}],"wp:attachment":[{"href":"https:\/\/www.part-oldalak.hu\/wordpress\/wp-json\/wp\/v2\/media?parent=4891"}],"wp:term":[{"taxonomy":"category","embeddable":true,"href":"https:\/\/www.part-oldalak.hu\/wordpress\/wp-json\/wp\/v2\/categories?post=4891"},{"taxonomy":"post_tag","embeddable":true,"href":"https:\/\/www.part-oldalak.hu\/wordpress\/wp-json\/wp\/v2\/tags?post=4891"}],"curies":[{"name":"wp","href":"https:\/\/api.w.org\/{rel}","templated":true}]}}