{"id":3814,"date":"2022-09-23T17:59:30","date_gmt":"2022-09-23T16:59:30","guid":{"rendered":"http:\/\/www.part-oldalak.hu\/wordpress\/?p=3814"},"modified":"2022-09-23T17:59:32","modified_gmt":"2022-09-23T16:59:32","slug":"iskolat-foglaltak-a-szakkepzos-diakok","status":"publish","type":"post","link":"https:\/\/www.part-oldalak.hu\/wordpress\/2022\/09\/23\/iskolat-foglaltak-a-szakkepzos-diakok\/","title":{"rendered":"Iskol\u00e1t foglaltak a szakk\u00e9pz\u0151s di\u00e1kok"},"content":{"rendered":"\n<p>Nem volt tan\u00edt\u00e1s, de sok program k\u00f6t\u00f6tte le a gyerekeket.<\/p>\n\n\n\n<h2 class=\"wp-block-heading\">C\u00e9l az ismerked\u00e9s, a k\u00f6z\u00f6ss\u00e9gi szellem alak\u00edt\u00e1sa<\/h2>\n\n\n\n<p>Iskolafoglal\u00f3 h\u00e9ttel kezd\u0151d\u00f6tt a tan\u00e9v a szakk\u00e9pz\u0151s di\u00e1kok sz\u00e1m\u00e1ra. M\u00e1r m\u00e1sodik \u00e9ve rendezik meg ezt az esem\u00e9nyt. Fazekas Attil\u00e1n\u00e9, Teca n\u00e9ni vezet\u0151 oktat\u00f3 sz\u00e1molt be a h\u00e9t fontosabb programjair\u00f3l. <strong>C\u00e9lja az volt, hogy a gyerekek ne r\u00f6gt\u00f6n tanul\u00e1ssal, hanem laza, de ugyanakkor tartalmas r\u00e1hangol\u00e1ssal kezdj\u00e9k az \u00e9vet. <\/strong>Els\u0151sorban a kezd\u0151 \u00e9vfolyamnak sz\u00f3lt. Ismerj\u00e9k meg egym\u00e1st, tan\u00e1raikat, a fels\u0151bb \u00e9ves t\u00e1rsaikat. Ismerj\u00e9k meg az iskola \u00e9p\u00fclet\u00e9t, a tanm\u0171helyeket, az oktat\u00f3kat.<\/p>\n\n\n\n<figure class=\"wp-block-image aligncenter size-large is-resized\"><img decoding=\"async\" data-src=\"https:\/\/www.part-oldalak.hu\/wordpress\/wp-content\/uploads\/2022\/09\/304944766_496308549166399_5214036531038614302_n-masolata-768x1024.jpg\" alt=\"\" class=\"wp-image-3918 lazyload\" width=\"576\" height=\"768\" data-srcset=\"https:\/\/www.part-oldalak.hu\/wordpress\/wp-content\/uploads\/2022\/09\/304944766_496308549166399_5214036531038614302_n-masolata-768x1024.jpg 768w, https:\/\/www.part-oldalak.hu\/wordpress\/wp-content\/uploads\/2022\/09\/304944766_496308549166399_5214036531038614302_n-masolata-225x300.jpg 225w, https:\/\/www.part-oldalak.hu\/wordpress\/wp-content\/uploads\/2022\/09\/304944766_496308549166399_5214036531038614302_n-masolata-1152x1536.jpg 1152w, https:\/\/www.part-oldalak.hu\/wordpress\/wp-content\/uploads\/2022\/09\/304944766_496308549166399_5214036531038614302_n-masolata-1024x1365.jpg 1024w, https:\/\/www.part-oldalak.hu\/wordpress\/wp-content\/uploads\/2022\/09\/304944766_496308549166399_5214036531038614302_n-masolata.jpg 1536w\" data-sizes=\"(max-width: 576px) 100vw, 576px\" src=\"data:image\/svg+xml;base64,PHN2ZyB3aWR0aD0iMSIgaGVpZ2h0PSIxIiB4bWxucz0iaHR0cDovL3d3dy53My5vcmcvMjAwMC9zdmciPjwvc3ZnPg==\" style=\"--smush-placeholder-width: 576px; --smush-placeholder-aspect-ratio: 576\/768;\" \/><\/figure>\n\n\n\n<h2 class=\"wp-block-heading\">T\u00f6bb helysz\u00ednen zajlottak az esem\u00e9nyek<\/h2>\n\n\n\n<p>A tantermekben interakt\u00edv \u00e9s szitu\u00e1ci\u00f3s j\u00e1t\u00e9kokkal v\u00e1rt\u00e1k a tan\u00e1rok az \u00e9rdekl\u0151d\u0151ket. V\u00e1lasztott szakm\u00e1jukkal \u00e9s egym\u00e1ssal ismerkedtek a gyerekek. <strong>Tal\u00e1n a legfontosabb helysz\u00edn a tankonyha volt, hol a szak\u00e1csok \u00e9s a cukr\u00e1szok k\u00e9sz\u00edtett\u00e9k az \u00edzletes szendvicseket, s\u00fctem\u00e9nyeket, melyeket f\u00e9l tizenkett\u0151kor az udvaron egy\u00fctt fogyasztottak el a di\u00e1kok, tan\u00e1rok. <\/strong>A tanm\u0171helyben a f\u00e9mmegmunk\u00e1l\u00e1s alapjaival, hegeszt\u00e9ssel ismerkedtek a leend\u0151 szerkezetlakatosok \u00e9s hegeszt\u0151k. \u00c9lvezetes elfoglalts\u00e1got jelentett az \u00e1llv\u00e1ny \u00e9p\u00edt\u00e9s, ahol egy\u00e9ni \u00f6tletekkel is lehetett pr\u00f3b\u00e1lkozni. \u00dczeml\u00e1togat\u00e1sra is sor ker\u00fclt. A helyi p\u00e9ks\u00e9g \u00e9s a V\u00e1radi Met\u00e1l m\u0171helyeiben magyar\u00e1zattal k\u00eds\u00e9rve n\u00e9zhett\u00e9k az egyes munkafolyamatokat. <strong>\u00a0<\/strong><\/p>\n\n\n\n<figure class=\"wp-block-image aligncenter size-large is-resized\"><img decoding=\"async\" data-src=\"https:\/\/www.part-oldalak.hu\/wordpress\/wp-content\/uploads\/2022\/09\/304500801_496308565833064_6881063861922418157_n-1024x768.jpg\" alt=\"\" class=\"wp-image-3917 lazyload\" width=\"768\" height=\"576\" data-srcset=\"https:\/\/www.part-oldalak.hu\/wordpress\/wp-content\/uploads\/2022\/09\/304500801_496308565833064_6881063861922418157_n-1024x768.jpg 1024w, https:\/\/www.part-oldalak.hu\/wordpress\/wp-content\/uploads\/2022\/09\/304500801_496308565833064_6881063861922418157_n-300x225.jpg 300w, https:\/\/www.part-oldalak.hu\/wordpress\/wp-content\/uploads\/2022\/09\/304500801_496308565833064_6881063861922418157_n-768x576.jpg 768w, https:\/\/www.part-oldalak.hu\/wordpress\/wp-content\/uploads\/2022\/09\/304500801_496308565833064_6881063861922418157_n-1536x1152.jpg 1536w, https:\/\/www.part-oldalak.hu\/wordpress\/wp-content\/uploads\/2022\/09\/304500801_496308565833064_6881063861922418157_n.jpg 2048w\" data-sizes=\"(max-width: 768px) 100vw, 768px\" src=\"data:image\/svg+xml;base64,PHN2ZyB3aWR0aD0iMSIgaGVpZ2h0PSIxIiB4bWxucz0iaHR0cDovL3d3dy53My5vcmcvMjAwMC9zdmciPjwvc3ZnPg==\" style=\"--smush-placeholder-width: 768px; --smush-placeholder-aspect-ratio: 768\/576;\" \/><\/figure>\n\n\n\n<h2 class=\"wp-block-heading\">P\u00e9ter szerint j\u00f3 \u00f6tlet volt<\/h2>\n\n\n\n<p>Mezei P\u00e9ter 11. a oszt\u00e1lyos hegeszt\u0151 tanul\u00f3. \u00d6r\u00fclt, hogy \u00edgy kezd\u0151d\u00f6tt a tan\u00e9v, nem mindj\u00e1rt a kem\u00e9ny tanul\u00e1ssal. \u0150 utols\u00f3 \u00e9ves, tavasszal vizsg\u00e1zik, lesz tanulni val\u00f3ja b\u0151ven. J\u00f3, hogy a tan\u00e1rok is laz\u00e1n vett\u00e9k az eg\u00e9szet. Sokat besz\u00e9lgettek vel\u00fck, nem csak az iskol\u00e1r\u00f3l. Oszt\u00e1lyuk b\u00e1zisa a Duna-parti gyermekt\u00e1bor volt. <strong>J\u00e1t\u00e9kos feladatokat oldottak meg, melyek mindennapi \u00e9letszitu\u00e1ci\u00f3kra \u00e9p\u00fcltek. A sz\u00fcnetekben r\u00f6plabd\u00e1ztak, asztali teniszeztek, fociztak. <\/strong>Nagyon sz\u00e9p idej\u00fck volt. N\u00e9h\u00e1nyan a Duna-parton s\u00e9t\u00e1lva \u00e9lvezt\u00e9k a kora \u0151szi naps\u00fct\u00e9st.<\/p>\n","protected":false},"excerpt":{"rendered":"<p>Nem volt tan\u00edt\u00e1s, de sok program k\u00f6t\u00f6tte le a gyerekeket.<\/p>\n","protected":false},"author":6,"featured_media":3919,"comment_status":"open","ping_status":"open","sticky":false,"template":"","format":"standard","meta":{"_monsterinsights_skip_tracking":false,"footnotes":""},"categories":[9,1,12],"tags":[17,23],"class_list":["post-3814","post","type-post","status-publish","format-standard","has-post-thumbnail","hentry","category-kozelet","category-mozaik","category-oktatas","tag-mozaik","tag-oktatas"],"aioseo_notices":[],"aioseo_head":"\n\t\t<!-- All in One SEO 5.0.1.1 - aioseo.com -->\n\t<meta name=\"description\" content=\"Nem volt tan\u00edt\u00e1s, de sok program k\u00f6t\u00f6tte le a gyerekeket.\" \/>\n\t<meta name=\"robots\" content=\"max-image-preview:large\" \/>\n\t<meta name=\"author\" content=\"Szabados S\u00e1muel\"\/>\n\t<link rel=\"canonical\" href=\"https:\/\/www.part-oldalak.hu\/wordpress\/2022\/09\/23\/iskolat-foglaltak-a-szakkepzos-diakok\/\" \/>\n\t<meta name=\"generator\" content=\"All in One SEO (AIOSEO) 5.0.1.1\" \/>\n\t\t<meta property=\"og:locale\" content=\"hu_HU\" \/>\n\t\t<meta property=\"og:site_name\" content=\"Part-Oldalak Kultur\u00e1lis Egylet -\" \/>\n\t\t<meta property=\"og:type\" content=\"article\" \/>\n\t\t<meta property=\"og:title\" content=\"Iskol\u00e1t foglaltak a szakk\u00e9pz\u0151s di\u00e1kok - Part-Oldalak Kultur\u00e1lis Egylet\" \/>\n\t\t<meta property=\"og:description\" content=\"Nem volt tan\u00edt\u00e1s, de sok program k\u00f6t\u00f6tte le a gyerekeket.\" \/>\n\t\t<meta property=\"og:url\" content=\"https:\/\/www.part-oldalak.hu\/wordpress\/2022\/09\/23\/iskolat-foglaltak-a-szakkepzos-diakok\/\" \/>\n\t\t<meta property=\"article:published_time\" content=\"2022-09-23T16:59:30+00:00\" \/>\n\t\t<meta property=\"article:modified_time\" content=\"2022-09-23T16:59:32+00:00\" \/>\n\t\t<meta name=\"twitter:card\" content=\"summary_large_image\" \/>\n\t\t<meta name=\"twitter:title\" content=\"Iskol\u00e1t foglaltak a szakk\u00e9pz\u0151s di\u00e1kok - Part-Oldalak Kultur\u00e1lis Egylet\" \/>\n\t\t<meta name=\"twitter:description\" content=\"Nem volt tan\u00edt\u00e1s, de sok program k\u00f6t\u00f6tte le a gyerekeket.\" \/>\n\t\t<script type=\"application\/ld+json\" class=\"aioseo-schema\">\n\t\t\t{\"@context\":\"https:\\\/\\\/schema.org\",\"@graph\":[{\"@type\":\"BlogPosting\",\"@id\":\"https:\\\/\\\/www.part-oldalak.hu\\\/wordpress\\\/2022\\\/09\\\/23\\\/iskolat-foglaltak-a-szakkepzos-diakok\\\/#blogposting\",\"name\":\"Iskol\\u00e1t foglaltak a szakk\\u00e9pz\\u0151s di\\u00e1kok - Part-Oldalak Kultur\\u00e1lis Egylet\",\"headline\":\"Iskol\\u00e1t foglaltak a szakk\\u00e9pz\\u0151s di\\u00e1kok\",\"author\":{\"@id\":\"https:\\\/\\\/www.part-oldalak.hu\\\/wordpress\\\/author\\\/samu\\\/#author\"},\"publisher\":{\"@id\":\"https:\\\/\\\/www.part-oldalak.hu\\\/wordpress\\\/#organization\"},\"image\":{\"@type\":\"ImageObject\",\"url\":\"https:\\\/\\\/www.part-oldalak.hu\\\/wordpress\\\/wp-content\\\/uploads\\\/2022\\\/09\\\/304743961_496308362499751_6179934430228130173_n.jpg\",\"width\":2000,\"height\":1500},\"datePublished\":\"2022-09-23T17:59:30+01:00\",\"dateModified\":\"2022-09-23T17:59:32+01:00\",\"inLanguage\":\"hu-HU\",\"mainEntityOfPage\":{\"@id\":\"https:\\\/\\\/www.part-oldalak.hu\\\/wordpress\\\/2022\\\/09\\\/23\\\/iskolat-foglaltak-a-szakkepzos-diakok\\\/#webpage\"},\"isPartOf\":{\"@id\":\"https:\\\/\\\/www.part-oldalak.hu\\\/wordpress\\\/2022\\\/09\\\/23\\\/iskolat-foglaltak-a-szakkepzos-diakok\\\/#webpage\"},\"articleSection\":\"K\\u00f6z\\u00e9let, Mozaik, Oktat\\u00e1s, mozaik, oktat\\u00e1s\"},{\"@type\":\"BreadcrumbList\",\"@id\":\"https:\\\/\\\/www.part-oldalak.hu\\\/wordpress\\\/2022\\\/09\\\/23\\\/iskolat-foglaltak-a-szakkepzos-diakok\\\/#breadcrumblist\",\"itemListElement\":[{\"@type\":\"ListItem\",\"@id\":\"https:\\\/\\\/www.part-oldalak.hu\\\/wordpress#listItem\",\"position\":1,\"name\":\"Home\",\"item\":\"https:\\\/\\\/www.part-oldalak.hu\\\/wordpress\",\"nextItem\":{\"@type\":\"ListItem\",\"@id\":\"https:\\\/\\\/www.part-oldalak.hu\\\/wordpress\\\/category\\\/mozaik\\\/#listItem\",\"name\":\"Mozaik\"}},{\"@type\":\"ListItem\",\"@id\":\"https:\\\/\\\/www.part-oldalak.hu\\\/wordpress\\\/category\\\/mozaik\\\/#listItem\",\"position\":2,\"name\":\"Mozaik\",\"item\":\"https:\\\/\\\/www.part-oldalak.hu\\\/wordpress\\\/category\\\/mozaik\\\/\",\"nextItem\":{\"@type\":\"ListItem\",\"@id\":\"https:\\\/\\\/www.part-oldalak.hu\\\/wordpress\\\/2022\\\/09\\\/23\\\/iskolat-foglaltak-a-szakkepzos-diakok\\\/#listItem\",\"name\":\"Iskol\\u00e1t foglaltak a szakk\\u00e9pz\\u0151s di\\u00e1kok\"},\"previousItem\":{\"@type\":\"ListItem\",\"@id\":\"https:\\\/\\\/www.part-oldalak.hu\\\/wordpress#listItem\",\"name\":\"Home\"}},{\"@type\":\"ListItem\",\"@id\":\"https:\\\/\\\/www.part-oldalak.hu\\\/wordpress\\\/2022\\\/09\\\/23\\\/iskolat-foglaltak-a-szakkepzos-diakok\\\/#listItem\",\"position\":3,\"name\":\"Iskol\\u00e1t foglaltak a szakk\\u00e9pz\\u0151s di\\u00e1kok\",\"previousItem\":{\"@type\":\"ListItem\",\"@id\":\"https:\\\/\\\/www.part-oldalak.hu\\\/wordpress\\\/category\\\/mozaik\\\/#listItem\",\"name\":\"Mozaik\"}}]},{\"@type\":\"Organization\",\"@id\":\"https:\\\/\\\/www.part-oldalak.hu\\\/wordpress\\\/#organization\",\"name\":\"Part-Oldalak Kultur\\u00e1lis Egylet\",\"url\":\"https:\\\/\\\/www.part-oldalak.hu\\\/wordpress\\\/\"},{\"@type\":\"Person\",\"@id\":\"https:\\\/\\\/www.part-oldalak.hu\\\/wordpress\\\/author\\\/samu\\\/#author\",\"url\":\"https:\\\/\\\/www.part-oldalak.hu\\\/wordpress\\\/author\\\/samu\\\/\",\"name\":\"Szabados S\\u00e1muel\",\"image\":{\"@type\":\"ImageObject\",\"@id\":\"https:\\\/\\\/www.part-oldalak.hu\\\/wordpress\\\/2022\\\/09\\\/23\\\/iskolat-foglaltak-a-szakkepzos-diakok\\\/#authorImage\",\"url\":\"https:\\\/\\\/secure.gravatar.com\\\/avatar\\\/6c62ff7a49dff1be1d1476755e48da1a?s=96&d=mm&r=g\",\"width\":96,\"height\":96,\"caption\":\"Szabados S\\u00e1muel\"}},{\"@type\":\"WebPage\",\"@id\":\"https:\\\/\\\/www.part-oldalak.hu\\\/wordpress\\\/2022\\\/09\\\/23\\\/iskolat-foglaltak-a-szakkepzos-diakok\\\/#webpage\",\"url\":\"https:\\\/\\\/www.part-oldalak.hu\\\/wordpress\\\/2022\\\/09\\\/23\\\/iskolat-foglaltak-a-szakkepzos-diakok\\\/\",\"name\":\"Iskol\\u00e1t foglaltak a szakk\\u00e9pz\\u0151s di\\u00e1kok - Part-Oldalak Kultur\\u00e1lis Egylet\",\"description\":\"Nem volt tan\\u00edt\\u00e1s, de sok program k\\u00f6t\\u00f6tte le a gyerekeket.\",\"inLanguage\":\"hu-HU\",\"isPartOf\":{\"@id\":\"https:\\\/\\\/www.part-oldalak.hu\\\/wordpress\\\/#website\"},\"breadcrumb\":{\"@id\":\"https:\\\/\\\/www.part-oldalak.hu\\\/wordpress\\\/2022\\\/09\\\/23\\\/iskolat-foglaltak-a-szakkepzos-diakok\\\/#breadcrumblist\"},\"author\":{\"@id\":\"https:\\\/\\\/www.part-oldalak.hu\\\/wordpress\\\/author\\\/samu\\\/#author\"},\"creator\":{\"@id\":\"https:\\\/\\\/www.part-oldalak.hu\\\/wordpress\\\/author\\\/samu\\\/#author\"},\"image\":{\"@type\":\"ImageObject\",\"url\":\"https:\\\/\\\/www.part-oldalak.hu\\\/wordpress\\\/wp-content\\\/uploads\\\/2022\\\/09\\\/304743961_496308362499751_6179934430228130173_n.jpg\",\"@id\":\"https:\\\/\\\/www.part-oldalak.hu\\\/wordpress\\\/2022\\\/09\\\/23\\\/iskolat-foglaltak-a-szakkepzos-diakok\\\/#mainImage\",\"width\":2000,\"height\":1500},\"primaryImageOfPage\":{\"@id\":\"https:\\\/\\\/www.part-oldalak.hu\\\/wordpress\\\/2022\\\/09\\\/23\\\/iskolat-foglaltak-a-szakkepzos-diakok\\\/#mainImage\"},\"datePublished\":\"2022-09-23T17:59:30+01:00\",\"dateModified\":\"2022-09-23T17:59:32+01:00\"},{\"@type\":\"WebSite\",\"@id\":\"https:\\\/\\\/www.part-oldalak.hu\\\/wordpress\\\/#website\",\"url\":\"https:\\\/\\\/www.part-oldalak.hu\\\/wordpress\\\/\",\"name\":\"Part-Oldalak Kultur\\u00e1lis Egylet\",\"inLanguage\":\"hu-HU\",\"publisher\":{\"@id\":\"https:\\\/\\\/www.part-oldalak.hu\\\/wordpress\\\/#organization\"}}]}\n\t\t<\/script>\n\t\t<!-- All in One SEO -->\n\n","aioseo_head_json":{"title":"Iskol\u00e1t foglaltak a szakk\u00e9pz\u0151s di\u00e1kok - Part-Oldalak Kultur\u00e1lis Egylet","description":"Nem volt tan\u00edt\u00e1s, de sok program k\u00f6t\u00f6tte le a gyerekeket.","canonical_url":"https:\/\/www.part-oldalak.hu\/wordpress\/2022\/09\/23\/iskolat-foglaltak-a-szakkepzos-diakok\/","robots":"max-image-preview:large","keywords":"","webmasterTools":{"miscellaneous":""},"schema":{"@context":"https:\/\/schema.org","@graph":[{"@type":"BlogPosting","@id":"https:\/\/www.part-oldalak.hu\/wordpress\/2022\/09\/23\/iskolat-foglaltak-a-szakkepzos-diakok\/#blogposting","name":"Iskol\u00e1t foglaltak a szakk\u00e9pz\u0151s di\u00e1kok - Part-Oldalak Kultur\u00e1lis Egylet","headline":"Iskol\u00e1t foglaltak a szakk\u00e9pz\u0151s di\u00e1kok","author":{"@id":"https:\/\/www.part-oldalak.hu\/wordpress\/author\/samu\/#author"},"publisher":{"@id":"https:\/\/www.part-oldalak.hu\/wordpress\/#organization"},"image":{"@type":"ImageObject","url":"https:\/\/www.part-oldalak.hu\/wordpress\/wp-content\/uploads\/2022\/09\/304743961_496308362499751_6179934430228130173_n.jpg","width":2000,"height":1500},"datePublished":"2022-09-23T17:59:30+01:00","dateModified":"2022-09-23T17:59:32+01:00","inLanguage":"hu-HU","mainEntityOfPage":{"@id":"https:\/\/www.part-oldalak.hu\/wordpress\/2022\/09\/23\/iskolat-foglaltak-a-szakkepzos-diakok\/#webpage"},"isPartOf":{"@id":"https:\/\/www.part-oldalak.hu\/wordpress\/2022\/09\/23\/iskolat-foglaltak-a-szakkepzos-diakok\/#webpage"},"articleSection":"K\u00f6z\u00e9let, Mozaik, Oktat\u00e1s, mozaik, oktat\u00e1s"},{"@type":"BreadcrumbList","@id":"https:\/\/www.part-oldalak.hu\/wordpress\/2022\/09\/23\/iskolat-foglaltak-a-szakkepzos-diakok\/#breadcrumblist","itemListElement":[{"@type":"ListItem","@id":"https:\/\/www.part-oldalak.hu\/wordpress#listItem","position":1,"name":"Home","item":"https:\/\/www.part-oldalak.hu\/wordpress","nextItem":{"@type":"ListItem","@id":"https:\/\/www.part-oldalak.hu\/wordpress\/category\/mozaik\/#listItem","name":"Mozaik"}},{"@type":"ListItem","@id":"https:\/\/www.part-oldalak.hu\/wordpress\/category\/mozaik\/#listItem","position":2,"name":"Mozaik","item":"https:\/\/www.part-oldalak.hu\/wordpress\/category\/mozaik\/","nextItem":{"@type":"ListItem","@id":"https:\/\/www.part-oldalak.hu\/wordpress\/2022\/09\/23\/iskolat-foglaltak-a-szakkepzos-diakok\/#listItem","name":"Iskol\u00e1t foglaltak a szakk\u00e9pz\u0151s di\u00e1kok"},"previousItem":{"@type":"ListItem","@id":"https:\/\/www.part-oldalak.hu\/wordpress#listItem","name":"Home"}},{"@type":"ListItem","@id":"https:\/\/www.part-oldalak.hu\/wordpress\/2022\/09\/23\/iskolat-foglaltak-a-szakkepzos-diakok\/#listItem","position":3,"name":"Iskol\u00e1t foglaltak a szakk\u00e9pz\u0151s di\u00e1kok","previousItem":{"@type":"ListItem","@id":"https:\/\/www.part-oldalak.hu\/wordpress\/category\/mozaik\/#listItem","name":"Mozaik"}}]},{"@type":"Organization","@id":"https:\/\/www.part-oldalak.hu\/wordpress\/#organization","name":"Part-Oldalak Kultur\u00e1lis Egylet","url":"https:\/\/www.part-oldalak.hu\/wordpress\/"},{"@type":"Person","@id":"https:\/\/www.part-oldalak.hu\/wordpress\/author\/samu\/#author","url":"https:\/\/www.part-oldalak.hu\/wordpress\/author\/samu\/","name":"Szabados S\u00e1muel","image":{"@type":"ImageObject","@id":"https:\/\/www.part-oldalak.hu\/wordpress\/2022\/09\/23\/iskolat-foglaltak-a-szakkepzos-diakok\/#authorImage","url":"https:\/\/secure.gravatar.com\/avatar\/6c62ff7a49dff1be1d1476755e48da1a?s=96&d=mm&r=g","width":96,"height":96,"caption":"Szabados S\u00e1muel"}},{"@type":"WebPage","@id":"https:\/\/www.part-oldalak.hu\/wordpress\/2022\/09\/23\/iskolat-foglaltak-a-szakkepzos-diakok\/#webpage","url":"https:\/\/www.part-oldalak.hu\/wordpress\/2022\/09\/23\/iskolat-foglaltak-a-szakkepzos-diakok\/","name":"Iskol\u00e1t foglaltak a szakk\u00e9pz\u0151s di\u00e1kok - Part-Oldalak Kultur\u00e1lis Egylet","description":"Nem volt tan\u00edt\u00e1s, de sok program k\u00f6t\u00f6tte le a gyerekeket.","inLanguage":"hu-HU","isPartOf":{"@id":"https:\/\/www.part-oldalak.hu\/wordpress\/#website"},"breadcrumb":{"@id":"https:\/\/www.part-oldalak.hu\/wordpress\/2022\/09\/23\/iskolat-foglaltak-a-szakkepzos-diakok\/#breadcrumblist"},"author":{"@id":"https:\/\/www.part-oldalak.hu\/wordpress\/author\/samu\/#author"},"creator":{"@id":"https:\/\/www.part-oldalak.hu\/wordpress\/author\/samu\/#author"},"image":{"@type":"ImageObject","url":"https:\/\/www.part-oldalak.hu\/wordpress\/wp-content\/uploads\/2022\/09\/304743961_496308362499751_6179934430228130173_n.jpg","@id":"https:\/\/www.part-oldalak.hu\/wordpress\/2022\/09\/23\/iskolat-foglaltak-a-szakkepzos-diakok\/#mainImage","width":2000,"height":1500},"primaryImageOfPage":{"@id":"https:\/\/www.part-oldalak.hu\/wordpress\/2022\/09\/23\/iskolat-foglaltak-a-szakkepzos-diakok\/#mainImage"},"datePublished":"2022-09-23T17:59:30+01:00","dateModified":"2022-09-23T17:59:32+01:00"},{"@type":"WebSite","@id":"https:\/\/www.part-oldalak.hu\/wordpress\/#website","url":"https:\/\/www.part-oldalak.hu\/wordpress\/","name":"Part-Oldalak Kultur\u00e1lis Egylet","inLanguage":"hu-HU","publisher":{"@id":"https:\/\/www.part-oldalak.hu\/wordpress\/#organization"}}]},"og:locale":"hu_HU","og:site_name":"Part-Oldalak Kultur\u00e1lis Egylet -","og:type":"article","og:title":"Iskol\u00e1t foglaltak a szakk\u00e9pz\u0151s di\u00e1kok - Part-Oldalak Kultur\u00e1lis Egylet","og:description":"Nem volt tan\u00edt\u00e1s, de sok program k\u00f6t\u00f6tte le a gyerekeket.","og:url":"https:\/\/www.part-oldalak.hu\/wordpress\/2022\/09\/23\/iskolat-foglaltak-a-szakkepzos-diakok\/","article:published_time":"2022-09-23T16:59:30+00:00","article:modified_time":"2022-09-23T16:59:32+00:00","twitter:card":"summary_large_image","twitter:title":"Iskol\u00e1t foglaltak a szakk\u00e9pz\u0151s di\u00e1kok - Part-Oldalak Kultur\u00e1lis Egylet","twitter:description":"Nem volt tan\u00edt\u00e1s, de sok program k\u00f6t\u00f6tte le a gyerekeket."},"aioseo_meta_data":{"post_id":"3814","title":null,"description":null,"keywords":[],"keyphrases":{"focus":{"keyphrase":"","score":0,"analysis":{"keyphraseInTitle":{"score":0,"maxScore":9,"error":1}}},"additional":[]},"primary_term":null,"canonical_url":null,"og_title":null,"og_description":null,"og_object_type":"default","og_image_type":"default","og_image_url":null,"og_image_width":null,"og_image_height":null,"og_image_custom_url":null,"og_image_custom_fields":null,"og_video":"","og_custom_url":null,"og_article_section":null,"og_article_tags":[],"twitter_use_og":false,"twitter_card":"default","twitter_image_type":"default","twitter_image_url":null,"twitter_image_custom_url":null,"twitter_image_custom_fields":null,"twitter_title":null,"twitter_description":null,"schema":{"blockGraphs":[],"customGraphs":[],"default":{"data":{"Article":[],"Course":[],"Dataset":[],"FAQPage":[],"Movie":[],"Person":[],"Product":[],"ProductReview":[],"Car":[],"Recipe":[],"Service":[],"SoftwareApplication":[],"WebPage":[]},"graphName":"","isEnabled":true},"graphs":[]},"schema_type":"default","schema_type_options":"{\"article\":{\"articleType\":\"BlogPosting\"},\"course\":{\"name\":\"\",\"description\":\"\",\"provider\":\"\"},\"faq\":{\"pages\":[]},\"product\":{\"reviews\":[]},\"recipe\":{\"ingredients\":[],\"instructions\":[],\"keywords\":[]},\"software\":{\"reviews\":[],\"operatingSystems\":[]},\"webPage\":{\"webPageType\":\"WebPage\"},\"blockGraphs\":[]}","pillar_content":false,"robots_default":true,"robots_noindex":false,"robots_noarchive":false,"robots_nosnippet":false,"robots_nofollow":false,"robots_noimageindex":false,"robots_noodp":false,"robots_notranslate":false,"robots_max_snippet":"-1","robots_max_videopreview":"-1","robots_max_imagepreview":"large","priority":null,"frequency":"default","local_seo":null,"breadcrumb_settings":null,"limit_modified_date":false,"ai":null,"created":"2022-09-16 09:42:28","updated":"2025-06-04 15:28:46","seo_analyzer_scan_date":null,"focus_keyword":null,"additional_keywords":null,"truseo_locale":null},"aioseo_breadcrumb":"<div class=\"aioseo-breadcrumbs\"><span class=\"aioseo-breadcrumb\">\n\t\t\t<a href=\"https:\/\/www.part-oldalak.hu\/wordpress\" title=\"Home\">Home<\/a>\n\t\t<\/span><span class=\"aioseo-breadcrumb-separator\">&raquo;<\/span><span class=\"aioseo-breadcrumb\">\n\t\t\t<a href=\"https:\/\/www.part-oldalak.hu\/wordpress\/category\/mozaik\/\" title=\"Mozaik\">Mozaik<\/a>\n\t\t<\/span><span class=\"aioseo-breadcrumb-separator\">&raquo;<\/span><span class=\"aioseo-breadcrumb\">\n\t\t\tIskol\u00e1t foglaltak a szakk\u00e9pz\u0151s di\u00e1kok\n\t\t<\/span><\/div>","aioseo_breadcrumb_json":[{"label":"Home","link":"https:\/\/www.part-oldalak.hu\/wordpress"},{"label":"Mozaik","link":"https:\/\/www.part-oldalak.hu\/wordpress\/category\/mozaik\/"},{"label":"Iskol\u00e1t foglaltak a szakk\u00e9pz\u0151s di\u00e1kok","link":"https:\/\/www.part-oldalak.hu\/wordpress\/2022\/09\/23\/iskolat-foglaltak-a-szakkepzos-diakok\/"}],"yoast_head":"<!-- This site is optimized with the Yoast SEO plugin v25.6 - https:\/\/yoast.com\/wordpress\/plugins\/seo\/ -->\n<title>Iskol\u00e1t foglaltak a szakk\u00e9pz\u0151s di\u00e1kok - Part-Oldalak Kultur\u00e1lis Egylet<\/title>\n<meta name=\"robots\" content=\"index, follow, max-snippet:-1, max-image-preview:large, max-video-preview:-1\" \/>\n<link rel=\"canonical\" href=\"https:\/\/www.part-oldalak.hu\/wordpress\/2022\/09\/23\/iskolat-foglaltak-a-szakkepzos-diakok\/\" \/>\n<meta property=\"og:locale\" content=\"hu_HU\" \/>\n<meta property=\"og:type\" content=\"article\" \/>\n<meta property=\"og:title\" content=\"Iskol\u00e1t foglaltak a szakk\u00e9pz\u0151s di\u00e1kok - Part-Oldalak Kultur\u00e1lis Egylet\" \/>\n<meta property=\"og:description\" content=\"Nem volt tan\u00edt\u00e1s, de sok program k\u00f6t\u00f6tte le a gyerekeket.\" \/>\n<meta property=\"og:url\" content=\"https:\/\/www.part-oldalak.hu\/wordpress\/2022\/09\/23\/iskolat-foglaltak-a-szakkepzos-diakok\/\" \/>\n<meta property=\"og:site_name\" content=\"Part-Oldalak Kultur\u00e1lis Egylet\" \/>\n<meta property=\"article:published_time\" content=\"2022-09-23T16:59:30+00:00\" \/>\n<meta property=\"article:modified_time\" content=\"2022-09-23T16:59:32+00:00\" \/>\n<meta property=\"og:image\" content=\"https:\/\/www.part-oldalak.hu\/wordpress\/wp-content\/uploads\/2022\/09\/304743961_496308362499751_6179934430228130173_n.jpg\" \/>\n\t<meta property=\"og:image:width\" content=\"2000\" \/>\n\t<meta property=\"og:image:height\" content=\"1500\" \/>\n\t<meta property=\"og:image:type\" content=\"image\/jpeg\" \/>\n<meta name=\"author\" content=\"Szabados S\u00e1muel\" \/>\n<meta name=\"twitter:card\" content=\"summary_large_image\" \/>\n<meta name=\"twitter:label1\" content=\"Szerz\u0151:\" \/>\n\t<meta name=\"twitter:data1\" content=\"Szabados S\u00e1muel\" \/>\n\t<meta name=\"twitter:label2\" content=\"Becs\u00fclt olvas\u00e1si id\u0151\" \/>\n\t<meta name=\"twitter:data2\" content=\"2 perc\" \/>\n<script type=\"application\/ld+json\" class=\"yoast-schema-graph\">{\"@context\":\"https:\/\/schema.org\",\"@graph\":[{\"@type\":\"WebPage\",\"@id\":\"https:\/\/www.part-oldalak.hu\/wordpress\/2022\/09\/23\/iskolat-foglaltak-a-szakkepzos-diakok\/\",\"url\":\"https:\/\/www.part-oldalak.hu\/wordpress\/2022\/09\/23\/iskolat-foglaltak-a-szakkepzos-diakok\/\",\"name\":\"Iskol\u00e1t foglaltak a szakk\u00e9pz\u0151s di\u00e1kok - Part-Oldalak Kultur\u00e1lis Egylet\",\"isPartOf\":{\"@id\":\"https:\/\/www.part-oldalak.hu\/wordpress\/#website\"},\"primaryImageOfPage\":{\"@id\":\"https:\/\/www.part-oldalak.hu\/wordpress\/2022\/09\/23\/iskolat-foglaltak-a-szakkepzos-diakok\/#primaryimage\"},\"image\":{\"@id\":\"https:\/\/www.part-oldalak.hu\/wordpress\/2022\/09\/23\/iskolat-foglaltak-a-szakkepzos-diakok\/#primaryimage\"},\"thumbnailUrl\":\"https:\/\/www.part-oldalak.hu\/wordpress\/wp-content\/uploads\/2022\/09\/304743961_496308362499751_6179934430228130173_n.jpg\",\"datePublished\":\"2022-09-23T16:59:30+00:00\",\"dateModified\":\"2022-09-23T16:59:32+00:00\",\"author\":{\"@id\":\"https:\/\/www.part-oldalak.hu\/wordpress\/#\/schema\/person\/33fd060024ced13a132c30281d1f2285\"},\"breadcrumb\":{\"@id\":\"https:\/\/www.part-oldalak.hu\/wordpress\/2022\/09\/23\/iskolat-foglaltak-a-szakkepzos-diakok\/#breadcrumb\"},\"inLanguage\":\"hu\",\"potentialAction\":[{\"@type\":\"ReadAction\",\"target\":[\"https:\/\/www.part-oldalak.hu\/wordpress\/2022\/09\/23\/iskolat-foglaltak-a-szakkepzos-diakok\/\"]}]},{\"@type\":\"ImageObject\",\"inLanguage\":\"hu\",\"@id\":\"https:\/\/www.part-oldalak.hu\/wordpress\/2022\/09\/23\/iskolat-foglaltak-a-szakkepzos-diakok\/#primaryimage\",\"url\":\"https:\/\/www.part-oldalak.hu\/wordpress\/wp-content\/uploads\/2022\/09\/304743961_496308362499751_6179934430228130173_n.jpg\",\"contentUrl\":\"https:\/\/www.part-oldalak.hu\/wordpress\/wp-content\/uploads\/2022\/09\/304743961_496308362499751_6179934430228130173_n.jpg\",\"width\":2000,\"height\":1500},{\"@type\":\"BreadcrumbList\",\"@id\":\"https:\/\/www.part-oldalak.hu\/wordpress\/2022\/09\/23\/iskolat-foglaltak-a-szakkepzos-diakok\/#breadcrumb\",\"itemListElement\":[{\"@type\":\"ListItem\",\"position\":1,\"name\":\"Kezd\u0151lap\",\"item\":\"https:\/\/www.part-oldalak.hu\/wordpress\/\"},{\"@type\":\"ListItem\",\"position\":2,\"name\":\"Iskol\u00e1t foglaltak a szakk\u00e9pz\u0151s di\u00e1kok\"}]},{\"@type\":\"WebSite\",\"@id\":\"https:\/\/www.part-oldalak.hu\/wordpress\/#website\",\"url\":\"https:\/\/www.part-oldalak.hu\/wordpress\/\",\"name\":\"Part-Oldalak Kultur\u00e1lis Egylet\",\"description\":\"\",\"potentialAction\":[{\"@type\":\"SearchAction\",\"target\":{\"@type\":\"EntryPoint\",\"urlTemplate\":\"https:\/\/www.part-oldalak.hu\/wordpress\/?s={search_term_string}\"},\"query-input\":{\"@type\":\"PropertyValueSpecification\",\"valueRequired\":true,\"valueName\":\"search_term_string\"}}],\"inLanguage\":\"hu\"},{\"@type\":\"Person\",\"@id\":\"https:\/\/www.part-oldalak.hu\/wordpress\/#\/schema\/person\/33fd060024ced13a132c30281d1f2285\",\"name\":\"Szabados S\u00e1muel\",\"image\":{\"@type\":\"ImageObject\",\"inLanguage\":\"hu\",\"@id\":\"https:\/\/www.part-oldalak.hu\/wordpress\/#\/schema\/person\/image\/\",\"url\":\"https:\/\/secure.gravatar.com\/avatar\/6c62ff7a49dff1be1d1476755e48da1a?s=96&d=mm&r=g\",\"contentUrl\":\"https:\/\/secure.gravatar.com\/avatar\/6c62ff7a49dff1be1d1476755e48da1a?s=96&d=mm&r=g\",\"caption\":\"Szabados S\u00e1muel\"},\"url\":\"https:\/\/www.part-oldalak.hu\/wordpress\/author\/samu\/\"}]}<\/script>\n<!-- \/ Yoast SEO plugin. -->","yoast_head_json":{"title":"Iskol\u00e1t foglaltak a szakk\u00e9pz\u0151s di\u00e1kok - Part-Oldalak Kultur\u00e1lis Egylet","robots":{"index":"index","follow":"follow","max-snippet":"max-snippet:-1","max-image-preview":"max-image-preview:large","max-video-preview":"max-video-preview:-1"},"canonical":"https:\/\/www.part-oldalak.hu\/wordpress\/2022\/09\/23\/iskolat-foglaltak-a-szakkepzos-diakok\/","og_locale":"hu_HU","og_type":"article","og_title":"Iskol\u00e1t foglaltak a szakk\u00e9pz\u0151s di\u00e1kok - Part-Oldalak Kultur\u00e1lis Egylet","og_description":"Nem volt tan\u00edt\u00e1s, de sok program k\u00f6t\u00f6tte le a gyerekeket.","og_url":"https:\/\/www.part-oldalak.hu\/wordpress\/2022\/09\/23\/iskolat-foglaltak-a-szakkepzos-diakok\/","og_site_name":"Part-Oldalak Kultur\u00e1lis Egylet","article_published_time":"2022-09-23T16:59:30+00:00","article_modified_time":"2022-09-23T16:59:32+00:00","og_image":[{"width":2000,"height":1500,"url":"https:\/\/www.part-oldalak.hu\/wordpress\/wp-content\/uploads\/2022\/09\/304743961_496308362499751_6179934430228130173_n.jpg","type":"image\/jpeg"}],"author":"Szabados S\u00e1muel","twitter_card":"summary_large_image","twitter_misc":{"Szerz\u0151:":"Szabados S\u00e1muel","Becs\u00fclt olvas\u00e1si id\u0151":"2 perc"},"schema":{"@context":"https:\/\/schema.org","@graph":[{"@type":"WebPage","@id":"https:\/\/www.part-oldalak.hu\/wordpress\/2022\/09\/23\/iskolat-foglaltak-a-szakkepzos-diakok\/","url":"https:\/\/www.part-oldalak.hu\/wordpress\/2022\/09\/23\/iskolat-foglaltak-a-szakkepzos-diakok\/","name":"Iskol\u00e1t foglaltak a szakk\u00e9pz\u0151s di\u00e1kok - Part-Oldalak Kultur\u00e1lis Egylet","isPartOf":{"@id":"https:\/\/www.part-oldalak.hu\/wordpress\/#website"},"primaryImageOfPage":{"@id":"https:\/\/www.part-oldalak.hu\/wordpress\/2022\/09\/23\/iskolat-foglaltak-a-szakkepzos-diakok\/#primaryimage"},"image":{"@id":"https:\/\/www.part-oldalak.hu\/wordpress\/2022\/09\/23\/iskolat-foglaltak-a-szakkepzos-diakok\/#primaryimage"},"thumbnailUrl":"https:\/\/www.part-oldalak.hu\/wordpress\/wp-content\/uploads\/2022\/09\/304743961_496308362499751_6179934430228130173_n.jpg","datePublished":"2022-09-23T16:59:30+00:00","dateModified":"2022-09-23T16:59:32+00:00","author":{"@id":"https:\/\/www.part-oldalak.hu\/wordpress\/#\/schema\/person\/33fd060024ced13a132c30281d1f2285"},"breadcrumb":{"@id":"https:\/\/www.part-oldalak.hu\/wordpress\/2022\/09\/23\/iskolat-foglaltak-a-szakkepzos-diakok\/#breadcrumb"},"inLanguage":"hu","potentialAction":[{"@type":"ReadAction","target":["https:\/\/www.part-oldalak.hu\/wordpress\/2022\/09\/23\/iskolat-foglaltak-a-szakkepzos-diakok\/"]}]},{"@type":"ImageObject","inLanguage":"hu","@id":"https:\/\/www.part-oldalak.hu\/wordpress\/2022\/09\/23\/iskolat-foglaltak-a-szakkepzos-diakok\/#primaryimage","url":"https:\/\/www.part-oldalak.hu\/wordpress\/wp-content\/uploads\/2022\/09\/304743961_496308362499751_6179934430228130173_n.jpg","contentUrl":"https:\/\/www.part-oldalak.hu\/wordpress\/wp-content\/uploads\/2022\/09\/304743961_496308362499751_6179934430228130173_n.jpg","width":2000,"height":1500},{"@type":"BreadcrumbList","@id":"https:\/\/www.part-oldalak.hu\/wordpress\/2022\/09\/23\/iskolat-foglaltak-a-szakkepzos-diakok\/#breadcrumb","itemListElement":[{"@type":"ListItem","position":1,"name":"Kezd\u0151lap","item":"https:\/\/www.part-oldalak.hu\/wordpress\/"},{"@type":"ListItem","position":2,"name":"Iskol\u00e1t foglaltak a szakk\u00e9pz\u0151s di\u00e1kok"}]},{"@type":"WebSite","@id":"https:\/\/www.part-oldalak.hu\/wordpress\/#website","url":"https:\/\/www.part-oldalak.hu\/wordpress\/","name":"Part-Oldalak Kultur\u00e1lis Egylet","description":"","potentialAction":[{"@type":"SearchAction","target":{"@type":"EntryPoint","urlTemplate":"https:\/\/www.part-oldalak.hu\/wordpress\/?s={search_term_string}"},"query-input":{"@type":"PropertyValueSpecification","valueRequired":true,"valueName":"search_term_string"}}],"inLanguage":"hu"},{"@type":"Person","@id":"https:\/\/www.part-oldalak.hu\/wordpress\/#\/schema\/person\/33fd060024ced13a132c30281d1f2285","name":"Szabados S\u00e1muel","image":{"@type":"ImageObject","inLanguage":"hu","@id":"https:\/\/www.part-oldalak.hu\/wordpress\/#\/schema\/person\/image\/","url":"https:\/\/secure.gravatar.com\/avatar\/6c62ff7a49dff1be1d1476755e48da1a?s=96&d=mm&r=g","contentUrl":"https:\/\/secure.gravatar.com\/avatar\/6c62ff7a49dff1be1d1476755e48da1a?s=96&d=mm&r=g","caption":"Szabados S\u00e1muel"},"url":"https:\/\/www.part-oldalak.hu\/wordpress\/author\/samu\/"}]}},"_links":{"self":[{"href":"https:\/\/www.part-oldalak.hu\/wordpress\/wp-json\/wp\/v2\/posts\/3814"}],"collection":[{"href":"https:\/\/www.part-oldalak.hu\/wordpress\/wp-json\/wp\/v2\/posts"}],"about":[{"href":"https:\/\/www.part-oldalak.hu\/wordpress\/wp-json\/wp\/v2\/types\/post"}],"author":[{"embeddable":true,"href":"https:\/\/www.part-oldalak.hu\/wordpress\/wp-json\/wp\/v2\/users\/6"}],"replies":[{"embeddable":true,"href":"https:\/\/www.part-oldalak.hu\/wordpress\/wp-json\/wp\/v2\/comments?post=3814"}],"version-history":[{"count":2,"href":"https:\/\/www.part-oldalak.hu\/wordpress\/wp-json\/wp\/v2\/posts\/3814\/revisions"}],"predecessor-version":[{"id":3922,"href":"https:\/\/www.part-oldalak.hu\/wordpress\/wp-json\/wp\/v2\/posts\/3814\/revisions\/3922"}],"wp:featuredmedia":[{"embeddable":true,"href":"https:\/\/www.part-oldalak.hu\/wordpress\/wp-json\/wp\/v2\/media\/3919"}],"wp:attachment":[{"href":"https:\/\/www.part-oldalak.hu\/wordpress\/wp-json\/wp\/v2\/media?parent=3814"}],"wp:term":[{"taxonomy":"category","embeddable":true,"href":"https:\/\/www.part-oldalak.hu\/wordpress\/wp-json\/wp\/v2\/categories?post=3814"},{"taxonomy":"post_tag","embeddable":true,"href":"https:\/\/www.part-oldalak.hu\/wordpress\/wp-json\/wp\/v2\/tags?post=3814"}],"curies":[{"name":"wp","href":"https:\/\/api.w.org\/{rel}","templated":true}]}}