{"id":13192,"date":"2026-08-31T00:32:03","date_gmt":"2026-08-30T23:32:03","guid":{"rendered":"https:\/\/www.part-oldalak.hu\/wordpress\/?p=13192"},"modified":"2026-08-31T00:35:27","modified_gmt":"2026-08-30T23:35:27","slug":"hengl-mirella-az-ifju-dunafoldvari-iropalanta-es-illusztrator","status":"publish","type":"post","link":"https:\/\/www.part-oldalak.hu\/wordpress\/2026\/08\/31\/hengl-mirella-az-ifju-dunafoldvari-iropalanta-es-illusztrator\/","title":{"rendered":"Hengl Mirella \u2013 Az ifj\u00fa dunaf\u00f6ldv\u00e1ri \u00edr\u00f3pal\u00e1nta \u00e9s illusztr\u00e1tor"},"content":{"rendered":"\n<p>Mirella fiatal kora ellen\u00e9re sok \u00e9lm\u00e9nnyel, tapasztalattal rendelkezik, s ezeket meg is osztja vel\u00fcnk. Elmond\u00e1sa szerint \u00e9rdekes gyerekkora volt. Sz\u00fclei nem mindig tudtak vele lenni, mivel apuk\u00e1ja folyamatos h\u00e1rom m\u0171szakban dolgozott a duna\u00fajv\u00e1rosi Vasm\u0171ben, m\u00edg anyuk\u00e1ja a munka mellett sokat volt a gyeng\u00e9lked\u0151 nagysz\u00fcleivel is. Ez\u00e9rt azt\u00e1n Mirell\u00e1\u00e9rt sokszor bar\u00e1tok mentek az iskol\u00e1ba, \u00e9s volt, hogy a szomsz\u00e9d n\u00e9nin\u00e9l aludt.<\/p>\n\n\n\n<p>&nbsp;A m\u0171v\u00e9szettel val\u00f3 tal\u00e1lkoz\u00e1sa szinte t\u00f6rv\u00e9nyszer\u0171 volt, l\u00e9v\u00e9n m\u00e1r az \u00f3vod\u00e1ban divattervez\u0151 akart lenni, szeretett ruh\u00e1kat tervezni \u00e9s rajzolni. Ez \u00e1ltal\u00e1nos iskola als\u00f3 tagozat\u00e1ban elm\u00falt, mivel r\u00e1j\u00f6tt, hogy csak mag\u00e1nak szeret szabni-varrni.<\/p>\n\n\n\n<figure class=\"wp-block-image aligncenter size-large\"><img decoding=\"async\" width=\"1024\" height=\"964\" data-src=\"https:\/\/www.part-oldalak.hu\/wordpress\/wp-content\/uploads\/2026\/08\/en-az-iskolaban-1024x964.jpg\" alt=\"\" class=\"wp-image-13194 lazyload\" data-srcset=\"https:\/\/www.part-oldalak.hu\/wordpress\/wp-content\/uploads\/2026\/08\/en-az-iskolaban-1024x964.jpg 1024w, https:\/\/www.part-oldalak.hu\/wordpress\/wp-content\/uploads\/2026\/08\/en-az-iskolaban-300x283.jpg 300w, https:\/\/www.part-oldalak.hu\/wordpress\/wp-content\/uploads\/2026\/08\/en-az-iskolaban-768x723.jpg 768w, https:\/\/www.part-oldalak.hu\/wordpress\/wp-content\/uploads\/2026\/08\/en-az-iskolaban.jpg 1067w\" data-sizes=\"(max-width: 1024px) 100vw, 1024px\" src=\"data:image\/svg+xml;base64,PHN2ZyB3aWR0aD0iMSIgaGVpZ2h0PSIxIiB4bWxucz0iaHR0cDovL3d3dy53My5vcmcvMjAwMC9zdmciPjwvc3ZnPg==\" style=\"--smush-placeholder-width: 1024px; --smush-placeholder-aspect-ratio: 1024\/964;\" \/><\/figure>\n\n\n\n<p>A rajzk\u00e9szs\u00e9ge szembet\u0171n\u0151 volt, \u00edgy negyedikben tan\u00e1ra javasolta, hogy ezt rajzszakk\u00f6r\u00f6n kellene tov\u00e1bbfejlesztenie. \u00d6t\u00f6dik oszt\u00e1lyban el is kezdett grafika szakk\u00f6rre j\u00e1rni, ahol eg\u00e9szen nyolcadikos kor\u00e1ig Mar\u00f3thin\u00e9 Szeleczky M\u00e1ria tan\u00e1rn\u0151 foglalkozott vele. Rajzot Horv\u00e1thn\u00e9 Nagy M\u00e1ria tan\u00edtott neki, majd miut\u00e1n \u0151 nyugd\u00edjba ment, a rajz\u00f3r\u00e1it is Mar\u00f3thin\u00e9 vette \u00e1t. Marika n\u00e9ni javasolta, hogy menjen P\u00e9csre a m\u0171v\u00e9szetibe, mivel kor\u00e1bban \u0151 \u00e9s f\u00e9rje is P\u00e9csen tanultak.<\/p>\n\n\n\n<p>Sz\u00fcleinek neh\u00e9z volt elengedni\u00fck Mirell\u00e1t, de t\u00e1mogatt\u00e1k abban, hogy saj\u00e1t \u00fatj\u00e1ra l\u00e9pjen. Nagyon j\u00f3l \u00e9rezte mag\u00e1t P\u00e9csen. Tan\u00e1rai ott is seg\u00edt\u0151k\u00e9szek voltak. \u00d6sszesen \u00f6t \u00e9vig tanult a P\u00e9csi M\u0171v\u00e9szeti Gimn\u00e1zium, Szakgimn\u00e1zium \u00e9s Technikumban, ahol id\u00e9n grafikusk\u00e9nt v\u00e9gzett.<\/p>\n\n\n\n<p>P\u00e9csi \u00e9vei alatt koll\u00e9giuma online di\u00e1klap munk\u00e1j\u00e1ba is bekapcsol\u00f3dott, ahol rendszeresen \u00edrt \u00e9s k\u00e9s\u0151bb szerkeszt\u0151i feladatokat is ell\u00e1tott. Legink\u00e1bb filmkritik\u00e1kat, mese- \u00e9s sorozataj\u00e1nl\u00f3kat szeretett \u00edrni. Ekkor v\u00e1lt vil\u00e1goss\u00e1 sz\u00e1m\u00e1ra, hogy a grafik\u00e1t \u00e9s az \u00edr\u00e1st egyar\u00e1nt a j\u00f6v\u0151je r\u00e9sz\u00e9nek tekinti.<\/p>\n\n\n\n<p>&nbsp;Az \u00fajs\u00e1g\u00edr\u00f3i munka meghozta gy\u00fcm\u00f6lcs\u00e9t, id\u00e9n ny\u00e1ron r\u00e9szt vett a DUE M\u00e9diah\u00e1l\u00f3zat t\u00e1bor\u00e1ban, annak aprop\u00f3j\u00e1n, hogy Az \u00e9v di\u00e1klapja c\u00edm\u0171 kateg\u00f3ri\u00e1ban orsz\u00e1gos&nbsp; m\u00e1sodikak lettek.<\/p>\n\n\n\n<p>A Dunaf\u00f6ldv\u00e1ri \u00cdr\u00f3pal\u00e1nt\u00e1khoz val\u00f3 csatlakoz\u00e1sa k\u00fcl\u00f6n\u00f6sen j\u00f3l j\u00f6tt sz\u00e1m\u00e1ra, hiszen m\u00e1r r\u00e9g\u00f3ta tervezte, hogy&nbsp; valamilyen \u00edr\u00f3i csoport mell\u00e9 szeg\u0151dik. Erre r\u00e1ad\u00e1sul helyben ny\u00edlt lehet\u0151s\u00e9ge.<\/p>\n\n\n\n<figure class=\"wp-block-image aligncenter size-large\"><img decoding=\"async\" width=\"1024\" height=\"1022\" data-src=\"https:\/\/www.part-oldalak.hu\/wordpress\/wp-content\/uploads\/2026\/08\/740445669_1671905524114608_5148892852355396963_n-1024x1022.jpg\" alt=\"\" class=\"wp-image-13204 lazyload\" data-srcset=\"https:\/\/www.part-oldalak.hu\/wordpress\/wp-content\/uploads\/2026\/08\/740445669_1671905524114608_5148892852355396963_n-1024x1022.jpg 1024w, https:\/\/www.part-oldalak.hu\/wordpress\/wp-content\/uploads\/2026\/08\/740445669_1671905524114608_5148892852355396963_n-300x300.jpg 300w, https:\/\/www.part-oldalak.hu\/wordpress\/wp-content\/uploads\/2026\/08\/740445669_1671905524114608_5148892852355396963_n-150x150.jpg 150w, https:\/\/www.part-oldalak.hu\/wordpress\/wp-content\/uploads\/2026\/08\/740445669_1671905524114608_5148892852355396963_n-768x766.jpg 768w, https:\/\/www.part-oldalak.hu\/wordpress\/wp-content\/uploads\/2026\/08\/740445669_1671905524114608_5148892852355396963_n.jpg 1272w\" data-sizes=\"(max-width: 1024px) 100vw, 1024px\" src=\"data:image\/svg+xml;base64,PHN2ZyB3aWR0aD0iMSIgaGVpZ2h0PSIxIiB4bWxucz0iaHR0cDovL3d3dy53My5vcmcvMjAwMC9zdmciPjwvc3ZnPg==\" style=\"--smush-placeholder-width: 1024px; --smush-placeholder-aspect-ratio: 1024\/1022;\" \/><\/figure>\n\n\n\n<p>A Levendula Alapfok\u00fa M\u0171v\u00e9szeti Iskola grafika szakk\u00f6r\u00e9ben \u00e9rtes\u00fclt a Dunaf\u00f6ldv\u00e1ri \u00cdr\u00f3pal\u00e1nt\u00e1k szervez\u0151d\u00e9s\u00e9r\u0151l. K\u00fcl\u00f6n\u00f6sen \u00f6r\u00fclt a lehet\u0151s\u00e9gnek, hisz \u00e9lete egyik \u00e1lma teljes\u00fclhetett. Izgalmas, b\u00e1r kiss\u00e9 neh\u00e9z volt becsatlakoznia, mivel szeptemberben ker\u00fclt erre sor, \u00e9s okt\u00f3berben m\u00e1r v\u00e1rt\u00e1k, mivel rukkol el\u0151.<\/p>\n\n\n\n<p>T\u00f6bbsz\u00f6r v\u00e9gigolvasva a t\u00f6bbiek munk\u00e1it igyekezett \u00fagy \u00edrni, hogy ne \u00e9rz\u0151dj\u00f6n, k\u00e9s\u0151bb szeg\u0151d\u00f6tt hozz\u00e1juk. Izgult, de miut\u00e1n mindenkinek tetszett a fejezete, az apr\u00f3 sikerb\u0151l nagy b\u00e1tors\u00e1got mer\u00edtett.<\/p>\n\n\n\n<p>A sz\u00edv\u00fcgy\u00e9nek tekintette a munk\u00e1t. A t\u00f6bbi \u00edr\u00f3pal\u00e1nt\u00e1val k\u00f6z\u00f6sen \u00edrt reg\u00e9ny\u00fck, A torony a f\u00e9lhold \u00e1rny\u00e9k\u00e1ban t\u00f6rt\u00e9nelmi fikci\u00f3, \u00edgy nem a t\u00f6rt\u00e9nelmi h\u0171s\u00e9g k\u00f6vet\u00e9se volt a c\u00e9l. A t\u00f6r\u00f6k v\u00e9sz idej\u00e9n j\u00e1tsz\u00f3d\u00f3 t\u00f6rt\u00e9net tizenk\u00e9t ember sors\u00e1t mes\u00e9li el, melyben a szerepl\u0151k a dunaf\u00f6ldv\u00e1ri v\u00e1rban rejt\u0151znek el, mik\u00f6zben t\u00f6rt\u00e9net\u00fck \u00e9s sorsuk egyar\u00e1nt \u00f6sszefon\u00f3dik. \u00c9rdekess\u00e9g, hogy Mirella szerepl\u0151j\u00e9nek, Szab\u00f3 Benedeknek nagyapj\u00e1t, Szab\u00f3 Istv\u00e1nt Mirella anyai nagyapj\u00e1r\u00f3l nevezte el.<\/p>\n\n\n\n<p>Mivel grafik\u00e1t tanult, k\u00e9zenfekv\u0151 volt, hogy \u0151 illusztr\u00e1lja a k\u00f6nyvet. A t\u00f6bbiek javaslat\u00e1ra \u00fagy d\u00f6nt\u00f6tt, hogy nem a szerepl\u0151ket \u00e1br\u00e1zolja, mivel azok kin\u00e9zet\u00e9t az olvas\u00f3k fant\u00e1zi\u00e1j\u00e1ra szerett\u00e9k volna b\u00edzni. V\u00e9g\u00fcl az egyszer\u0171s\u00e9g kedv\u00e9\u00e9rt a digit\u00e1lis grafika mellett d\u00f6nt\u00f6ttek. A fejezetek el\u0151tt egy-egy t\u00e1rgy, \u00e1llat vagy m\u00e1s kapcsol\u00f3d\u00f3 mot\u00edvum jelenik meg, hol szimbolikus, hol konkr\u00e9t form\u00e1ban.<\/p>\n\n\n\n<figure class=\"wp-block-gallery has-nested-images columns-default is-cropped wp-block-gallery-1 is-layout-flex wp-block-gallery-is-layout-flex\">\n<figure class=\"wp-block-image size-large\"><img decoding=\"async\" width=\"724\" height=\"1024\" data-id=\"13202\" data-src=\"https:\/\/www.part-oldalak.hu\/wordpress\/wp-content\/uploads\/2026\/08\/XII.-fejezet-2-724x1024.jpg\" alt=\"\" class=\"wp-image-13202 lazyload\" data-srcset=\"https:\/\/www.part-oldalak.hu\/wordpress\/wp-content\/uploads\/2026\/08\/XII.-fejezet-2-724x1024.jpg 724w, https:\/\/www.part-oldalak.hu\/wordpress\/wp-content\/uploads\/2026\/08\/XII.-fejezet-2-212x300.jpg 212w, https:\/\/www.part-oldalak.hu\/wordpress\/wp-content\/uploads\/2026\/08\/XII.-fejezet-2-768x1086.jpg 768w, https:\/\/www.part-oldalak.hu\/wordpress\/wp-content\/uploads\/2026\/08\/XII.-fejezet-2-1086x1536.jpg 1086w, https:\/\/www.part-oldalak.hu\/wordpress\/wp-content\/uploads\/2026\/08\/XII.-fejezet-2-1024x1448.jpg 1024w, https:\/\/www.part-oldalak.hu\/wordpress\/wp-content\/uploads\/2026\/08\/XII.-fejezet-2.jpg 1448w\" data-sizes=\"(max-width: 724px) 100vw, 724px\" src=\"data:image\/svg+xml;base64,PHN2ZyB3aWR0aD0iMSIgaGVpZ2h0PSIxIiB4bWxucz0iaHR0cDovL3d3dy53My5vcmcvMjAwMC9zdmciPjwvc3ZnPg==\" style=\"--smush-placeholder-width: 724px; --smush-placeholder-aspect-ratio: 724\/1024;\" \/><\/figure>\n\n\n\n<figure class=\"wp-block-image size-large\"><img decoding=\"async\" width=\"724\" height=\"1024\" data-id=\"13203\" data-src=\"https:\/\/www.part-oldalak.hu\/wordpress\/wp-content\/uploads\/2026\/08\/I.-fejezet-724x1024.jpg\" alt=\"\" class=\"wp-image-13203 lazyload\" data-srcset=\"https:\/\/www.part-oldalak.hu\/wordpress\/wp-content\/uploads\/2026\/08\/I.-fejezet-724x1024.jpg 724w, https:\/\/www.part-oldalak.hu\/wordpress\/wp-content\/uploads\/2026\/08\/I.-fejezet-212x300.jpg 212w, https:\/\/www.part-oldalak.hu\/wordpress\/wp-content\/uploads\/2026\/08\/I.-fejezet-768x1086.jpg 768w, https:\/\/www.part-oldalak.hu\/wordpress\/wp-content\/uploads\/2026\/08\/I.-fejezet-1086x1536.jpg 1086w, https:\/\/www.part-oldalak.hu\/wordpress\/wp-content\/uploads\/2026\/08\/I.-fejezet-1024x1448.jpg 1024w, https:\/\/www.part-oldalak.hu\/wordpress\/wp-content\/uploads\/2026\/08\/I.-fejezet.jpg 1448w\" data-sizes=\"(max-width: 724px) 100vw, 724px\" src=\"data:image\/svg+xml;base64,PHN2ZyB3aWR0aD0iMSIgaGVpZ2h0PSIxIiB4bWxucz0iaHR0cDovL3d3dy53My5vcmcvMjAwMC9zdmciPjwvc3ZnPg==\" style=\"--smush-placeholder-width: 724px; --smush-placeholder-aspect-ratio: 724\/1024;\" \/><\/figure>\n<\/figure>\n\n\n\n<p>Megtisztel\u0151nek \u00e9rezte, hogy r\u00e9szt vehetett a munk\u00e1ban, \u00e9s j\u00f3 \u00e9rz\u00e9s volt r\u00e9szt vennie a k\u00f6nyvbemutat\u00f3n, ahol sz\u00fclei, ismer\u0151sei mellett kor\u00e1bbi tan\u00e1rai is megjelentek. K\u00fcl\u00f6n boldogs\u00e1got jelentett sz\u00e1m\u00e1ra, hogy legkedvesebb oszt\u00e1lyt\u00e1rsai \u00e9s bar\u00e1tai is elj\u00f6ttek az orsz\u00e1g t\u00f6bb pontj\u00e1r\u00f3l. Mirella \u00f6r\u00f6mmel \u00fajs\u00e1golja, hogy sokaknak eljuttatott m\u00e1r egy-egy p\u00e9ld\u00e1nyt a k\u00f6nyvb\u0151l, m\u00e9g a N\u00e9metorsz\u00e1gban \u00e9l\u0151 rokonainak is vitt bel\u0151le egyet.<\/p>\n\n\n\n<figure class=\"wp-block-image aligncenter size-large\"><img decoding=\"async\" width=\"768\" height=\"1024\" data-src=\"https:\/\/www.part-oldalak.hu\/wordpress\/wp-content\/uploads\/2026\/08\/a-konyv-schwarzenbergben-k-768x1024.jpg\" alt=\"\" class=\"wp-image-13200 lazyload\" data-srcset=\"https:\/\/www.part-oldalak.hu\/wordpress\/wp-content\/uploads\/2026\/08\/a-konyv-schwarzenbergben-k-768x1024.jpg 768w, https:\/\/www.part-oldalak.hu\/wordpress\/wp-content\/uploads\/2026\/08\/a-konyv-schwarzenbergben-k-225x300.jpg 225w, https:\/\/www.part-oldalak.hu\/wordpress\/wp-content\/uploads\/2026\/08\/a-konyv-schwarzenbergben-k-1152x1536.jpg 1152w, https:\/\/www.part-oldalak.hu\/wordpress\/wp-content\/uploads\/2026\/08\/a-konyv-schwarzenbergben-k-1536x2048.jpg 1536w, https:\/\/www.part-oldalak.hu\/wordpress\/wp-content\/uploads\/2026\/08\/a-konyv-schwarzenbergben-k-1024x1365.jpg 1024w, https:\/\/www.part-oldalak.hu\/wordpress\/wp-content\/uploads\/2026\/08\/a-konyv-schwarzenbergben-k-scaled.jpg 1920w\" data-sizes=\"(max-width: 768px) 100vw, 768px\" src=\"data:image\/svg+xml;base64,PHN2ZyB3aWR0aD0iMSIgaGVpZ2h0PSIxIiB4bWxucz0iaHR0cDovL3d3dy53My5vcmcvMjAwMC9zdmciPjwvc3ZnPg==\" style=\"--smush-placeholder-width: 768px; --smush-placeholder-aspect-ratio: 768\/1024;\" \/><\/figure>\n\n\n\n<p>Mirella elmond\u00e1sa szerint, b\u00e1r sokszor \u00e9rezte \u00fagy, hogy m\u00e9lyponton van, most \u00fagy gondolja, j\u00f3 \u00faton j\u00e1r. Tov\u00e1bbra is szeretne m\u00e9g egy\u00fctt dolgozni az \u00edr\u00f3pal\u00e1nt\u00e1kkal. Emellett tervezi befejezni \u00f6n\u00e1ll\u00f3 reg\u00e9ny\u00e9t, ami egy ifj\u00fas\u00e1gi kalandreg\u00e9ny. Ezt hat k\u00f6tetben szeretn\u00e9 megval\u00f3s\u00edtani \u00e9s m\u00e1r nyolc \u00e9ve nagy v\u00e1gya, hogy egyszer k\u00e9szen kiadhassa.<\/p>\n\n\n\n<p>Z\u00e1r\u00f3mondatk\u00e9nt megjegyezte, hogy \u00fagy \u00e9rzi, Dunaf\u00f6ldv\u00e1ron is megtal\u00e1lta a hely\u00e9t \u00e9s egyre t\u00f6bb embert ismer meg, ami szint\u00e9n egy hatalmas \u00e9rt\u00e9k sz\u00e1m\u00e1ra.&nbsp;<\/p>\n\n\n\n<p><\/p>\n","protected":false},"excerpt":{"rendered":"<p>Hengl Mirell\u00e1val, dunaf\u00f6ldv\u00e1ri \u00edr\u00f3pal\u00e1nt\u00e1val \u00e9s grafikussal besz\u00e9lgett\u00fcnk a Torony a f\u00e9lhold \u00e1rny\u00e9k\u00e1ban c\u00edm\u0171 k\u00f6nyv megjelen\u00e9se kapcs\u00e1n.  Bor\u00edt\u00f3k\u00e9p\u00fcnk\u00f6n \u00f6narck\u00e9pe l\u00e1that\u00f3.<\/p>\n","protected":false},"author":16,"featured_media":13193,"comment_status":"open","ping_status":"open","sticky":false,"template":"","format":"standard","meta":{"_monsterinsights_skip_tracking":false,"footnotes":""},"categories":[1],"tags":[],"class_list":["post-13192","post","type-post","status-publish","format-standard","has-post-thumbnail","hentry","category-mozaik"],"aioseo_notices":[],"aioseo_head":"\n\t\t<!-- All in One SEO 5.0.1.1 - aioseo.com -->\n\t<meta name=\"description\" content=\"Hengl Mirell\u00e1val, dunaf\u00f6ldv\u00e1ri \u00edr\u00f3pal\u00e1nt\u00e1val \u00e9s grafikussal besz\u00e9lgett\u00fcnk a Torony a f\u00e9lhold \u00e1rny\u00e9k\u00e1ban c\u00edm\u0171 k\u00f6nyv megjelen\u00e9se kapcs\u00e1n. Bor\u00edt\u00f3k\u00e9p\u00fcnk\u00f6n \u00f6narck\u00e9pe l\u00e1that\u00f3.\" \/>\n\t<meta name=\"robots\" content=\"max-image-preview:large\" \/>\n\t<meta name=\"author\" content=\"Hesser Zolt\u00e1n\"\/>\n\t<link rel=\"canonical\" href=\"https:\/\/www.part-oldalak.hu\/wordpress\/2026\/08\/31\/hengl-mirella-az-ifju-dunafoldvari-iropalanta-es-illusztrator\/\" \/>\n\t<meta name=\"generator\" content=\"All in One SEO (AIOSEO) 5.0.1.1\" \/>\n\t\t<meta property=\"og:locale\" content=\"hu_HU\" \/>\n\t\t<meta property=\"og:site_name\" content=\"Part-Oldalak Kultur\u00e1lis Egylet -\" \/>\n\t\t<meta property=\"og:type\" content=\"article\" \/>\n\t\t<meta property=\"og:title\" content=\"Hengl Mirella \u2013 Az ifj\u00fa dunaf\u00f6ldv\u00e1ri \u00edr\u00f3pal\u00e1nta \u00e9s illusztr\u00e1tor - Part-Oldalak Kultur\u00e1lis Egylet\" \/>\n\t\t<meta property=\"og:description\" content=\"Hengl Mirell\u00e1val, dunaf\u00f6ldv\u00e1ri \u00edr\u00f3pal\u00e1nt\u00e1val \u00e9s grafikussal besz\u00e9lgett\u00fcnk a Torony a f\u00e9lhold \u00e1rny\u00e9k\u00e1ban c\u00edm\u0171 k\u00f6nyv megjelen\u00e9se kapcs\u00e1n. Bor\u00edt\u00f3k\u00e9p\u00fcnk\u00f6n \u00f6narck\u00e9pe l\u00e1that\u00f3.\" \/>\n\t\t<meta property=\"og:url\" content=\"https:\/\/www.part-oldalak.hu\/wordpress\/2026\/08\/31\/hengl-mirella-az-ifju-dunafoldvari-iropalanta-es-illusztrator\/\" \/>\n\t\t<meta property=\"article:published_time\" content=\"2026-08-30T23:32:03+00:00\" \/>\n\t\t<meta property=\"article:modified_time\" content=\"2026-08-30T23:35:27+00:00\" \/>\n\t\t<meta name=\"twitter:card\" content=\"summary_large_image\" \/>\n\t\t<meta name=\"twitter:title\" content=\"Hengl Mirella \u2013 Az ifj\u00fa dunaf\u00f6ldv\u00e1ri \u00edr\u00f3pal\u00e1nta \u00e9s illusztr\u00e1tor - Part-Oldalak Kultur\u00e1lis Egylet\" \/>\n\t\t<meta name=\"twitter:description\" content=\"Hengl Mirell\u00e1val, dunaf\u00f6ldv\u00e1ri \u00edr\u00f3pal\u00e1nt\u00e1val \u00e9s grafikussal besz\u00e9lgett\u00fcnk a Torony a f\u00e9lhold \u00e1rny\u00e9k\u00e1ban c\u00edm\u0171 k\u00f6nyv megjelen\u00e9se kapcs\u00e1n. Bor\u00edt\u00f3k\u00e9p\u00fcnk\u00f6n \u00f6narck\u00e9pe l\u00e1that\u00f3.\" \/>\n\t\t<script type=\"application\/ld+json\" class=\"aioseo-schema\">\n\t\t\t{\"@context\":\"https:\\\/\\\/schema.org\",\"@graph\":[{\"@type\":\"BlogPosting\",\"@id\":\"https:\\\/\\\/www.part-oldalak.hu\\\/wordpress\\\/2026\\\/08\\\/31\\\/hengl-mirella-az-ifju-dunafoldvari-iropalanta-es-illusztrator\\\/#blogposting\",\"name\":\"Hengl Mirella \\u2013 Az ifj\\u00fa dunaf\\u00f6ldv\\u00e1ri \\u00edr\\u00f3pal\\u00e1nta \\u00e9s illusztr\\u00e1tor - Part-Oldalak Kultur\\u00e1lis Egylet\",\"headline\":\"Hengl Mirella \\u2013 Az ifj\\u00fa dunaf\\u00f6ldv\\u00e1ri \\u00edr\\u00f3pal\\u00e1nta \\u00e9s illusztr\\u00e1tor\",\"author\":{\"@id\":\"https:\\\/\\\/www.part-oldalak.hu\\\/wordpress\\\/author\\\/hesser-zoli\\\/#author\"},\"publisher\":{\"@id\":\"https:\\\/\\\/www.part-oldalak.hu\\\/wordpress\\\/#organization\"},\"image\":{\"@type\":\"ImageObject\",\"url\":\"https:\\\/\\\/www.part-oldalak.hu\\\/wordpress\\\/wp-content\\\/uploads\\\/2026\\\/08\\\/en.jpg\",\"width\":1024,\"height\":1024},\"datePublished\":\"2026-08-31T00:32:03+01:00\",\"dateModified\":\"2026-08-31T00:35:27+01:00\",\"inLanguage\":\"hu-HU\",\"mainEntityOfPage\":{\"@id\":\"https:\\\/\\\/www.part-oldalak.hu\\\/wordpress\\\/2026\\\/08\\\/31\\\/hengl-mirella-az-ifju-dunafoldvari-iropalanta-es-illusztrator\\\/#webpage\"},\"isPartOf\":{\"@id\":\"https:\\\/\\\/www.part-oldalak.hu\\\/wordpress\\\/2026\\\/08\\\/31\\\/hengl-mirella-az-ifju-dunafoldvari-iropalanta-es-illusztrator\\\/#webpage\"},\"articleSection\":\"Mozaik\"},{\"@type\":\"BreadcrumbList\",\"@id\":\"https:\\\/\\\/www.part-oldalak.hu\\\/wordpress\\\/2026\\\/08\\\/31\\\/hengl-mirella-az-ifju-dunafoldvari-iropalanta-es-illusztrator\\\/#breadcrumblist\",\"itemListElement\":[{\"@type\":\"ListItem\",\"@id\":\"https:\\\/\\\/www.part-oldalak.hu\\\/wordpress#listItem\",\"position\":1,\"name\":\"Home\",\"item\":\"https:\\\/\\\/www.part-oldalak.hu\\\/wordpress\",\"nextItem\":{\"@type\":\"ListItem\",\"@id\":\"https:\\\/\\\/www.part-oldalak.hu\\\/wordpress\\\/category\\\/mozaik\\\/#listItem\",\"name\":\"Mozaik\"}},{\"@type\":\"ListItem\",\"@id\":\"https:\\\/\\\/www.part-oldalak.hu\\\/wordpress\\\/category\\\/mozaik\\\/#listItem\",\"position\":2,\"name\":\"Mozaik\",\"item\":\"https:\\\/\\\/www.part-oldalak.hu\\\/wordpress\\\/category\\\/mozaik\\\/\",\"nextItem\":{\"@type\":\"ListItem\",\"@id\":\"https:\\\/\\\/www.part-oldalak.hu\\\/wordpress\\\/2026\\\/08\\\/31\\\/hengl-mirella-az-ifju-dunafoldvari-iropalanta-es-illusztrator\\\/#listItem\",\"name\":\"Hengl Mirella \\u2013 Az ifj\\u00fa dunaf\\u00f6ldv\\u00e1ri \\u00edr\\u00f3pal\\u00e1nta \\u00e9s illusztr\\u00e1tor\"},\"previousItem\":{\"@type\":\"ListItem\",\"@id\":\"https:\\\/\\\/www.part-oldalak.hu\\\/wordpress#listItem\",\"name\":\"Home\"}},{\"@type\":\"ListItem\",\"@id\":\"https:\\\/\\\/www.part-oldalak.hu\\\/wordpress\\\/2026\\\/08\\\/31\\\/hengl-mirella-az-ifju-dunafoldvari-iropalanta-es-illusztrator\\\/#listItem\",\"position\":3,\"name\":\"Hengl Mirella \\u2013 Az ifj\\u00fa dunaf\\u00f6ldv\\u00e1ri \\u00edr\\u00f3pal\\u00e1nta \\u00e9s illusztr\\u00e1tor\",\"previousItem\":{\"@type\":\"ListItem\",\"@id\":\"https:\\\/\\\/www.part-oldalak.hu\\\/wordpress\\\/category\\\/mozaik\\\/#listItem\",\"name\":\"Mozaik\"}}]},{\"@type\":\"Organization\",\"@id\":\"https:\\\/\\\/www.part-oldalak.hu\\\/wordpress\\\/#organization\",\"name\":\"Part-Oldalak Kultur\\u00e1lis Egylet\",\"url\":\"https:\\\/\\\/www.part-oldalak.hu\\\/wordpress\\\/\"},{\"@type\":\"Person\",\"@id\":\"https:\\\/\\\/www.part-oldalak.hu\\\/wordpress\\\/author\\\/hesser-zoli\\\/#author\",\"url\":\"https:\\\/\\\/www.part-oldalak.hu\\\/wordpress\\\/author\\\/hesser-zoli\\\/\",\"name\":\"Hesser Zolt\\u00e1n\",\"image\":{\"@type\":\"ImageObject\",\"@id\":\"https:\\\/\\\/www.part-oldalak.hu\\\/wordpress\\\/2026\\\/08\\\/31\\\/hengl-mirella-az-ifju-dunafoldvari-iropalanta-es-illusztrator\\\/#authorImage\",\"url\":\"https:\\\/\\\/secure.gravatar.com\\\/avatar\\\/aa739f000ce1f18e22d3905bbec8bca7?s=96&d=mm&r=g\",\"width\":96,\"height\":96,\"caption\":\"Hesser Zolt\\u00e1n\"}},{\"@type\":\"WebPage\",\"@id\":\"https:\\\/\\\/www.part-oldalak.hu\\\/wordpress\\\/2026\\\/08\\\/31\\\/hengl-mirella-az-ifju-dunafoldvari-iropalanta-es-illusztrator\\\/#webpage\",\"url\":\"https:\\\/\\\/www.part-oldalak.hu\\\/wordpress\\\/2026\\\/08\\\/31\\\/hengl-mirella-az-ifju-dunafoldvari-iropalanta-es-illusztrator\\\/\",\"name\":\"Hengl Mirella \\u2013 Az ifj\\u00fa dunaf\\u00f6ldv\\u00e1ri \\u00edr\\u00f3pal\\u00e1nta \\u00e9s illusztr\\u00e1tor - Part-Oldalak Kultur\\u00e1lis Egylet\",\"description\":\"Hengl Mirell\\u00e1val, dunaf\\u00f6ldv\\u00e1ri \\u00edr\\u00f3pal\\u00e1nt\\u00e1val \\u00e9s grafikussal besz\\u00e9lgett\\u00fcnk a Torony a f\\u00e9lhold \\u00e1rny\\u00e9k\\u00e1ban c\\u00edm\\u0171 k\\u00f6nyv megjelen\\u00e9se kapcs\\u00e1n. Bor\\u00edt\\u00f3k\\u00e9p\\u00fcnk\\u00f6n \\u00f6narck\\u00e9pe l\\u00e1that\\u00f3.\",\"inLanguage\":\"hu-HU\",\"isPartOf\":{\"@id\":\"https:\\\/\\\/www.part-oldalak.hu\\\/wordpress\\\/#website\"},\"breadcrumb\":{\"@id\":\"https:\\\/\\\/www.part-oldalak.hu\\\/wordpress\\\/2026\\\/08\\\/31\\\/hengl-mirella-az-ifju-dunafoldvari-iropalanta-es-illusztrator\\\/#breadcrumblist\"},\"author\":{\"@id\":\"https:\\\/\\\/www.part-oldalak.hu\\\/wordpress\\\/author\\\/hesser-zoli\\\/#author\"},\"creator\":{\"@id\":\"https:\\\/\\\/www.part-oldalak.hu\\\/wordpress\\\/author\\\/hesser-zoli\\\/#author\"},\"image\":{\"@type\":\"ImageObject\",\"url\":\"https:\\\/\\\/www.part-oldalak.hu\\\/wordpress\\\/wp-content\\\/uploads\\\/2026\\\/08\\\/en.jpg\",\"@id\":\"https:\\\/\\\/www.part-oldalak.hu\\\/wordpress\\\/2026\\\/08\\\/31\\\/hengl-mirella-az-ifju-dunafoldvari-iropalanta-es-illusztrator\\\/#mainImage\",\"width\":1024,\"height\":1024},\"primaryImageOfPage\":{\"@id\":\"https:\\\/\\\/www.part-oldalak.hu\\\/wordpress\\\/2026\\\/08\\\/31\\\/hengl-mirella-az-ifju-dunafoldvari-iropalanta-es-illusztrator\\\/#mainImage\"},\"datePublished\":\"2026-08-31T00:32:03+01:00\",\"dateModified\":\"2026-08-31T00:35:27+01:00\"},{\"@type\":\"WebSite\",\"@id\":\"https:\\\/\\\/www.part-oldalak.hu\\\/wordpress\\\/#website\",\"url\":\"https:\\\/\\\/www.part-oldalak.hu\\\/wordpress\\\/\",\"name\":\"Part-Oldalak Kultur\\u00e1lis Egylet\",\"inLanguage\":\"hu-HU\",\"publisher\":{\"@id\":\"https:\\\/\\\/www.part-oldalak.hu\\\/wordpress\\\/#organization\"}}]}\n\t\t<\/script>\n\t\t<!-- All in One SEO -->\n\n","aioseo_head_json":{"title":"Hengl Mirella \u2013 Az ifj\u00fa dunaf\u00f6ldv\u00e1ri \u00edr\u00f3pal\u00e1nta \u00e9s illusztr\u00e1tor - Part-Oldalak Kultur\u00e1lis Egylet","description":"Hengl Mirell\u00e1val, dunaf\u00f6ldv\u00e1ri \u00edr\u00f3pal\u00e1nt\u00e1val \u00e9s grafikussal besz\u00e9lgett\u00fcnk a Torony a f\u00e9lhold \u00e1rny\u00e9k\u00e1ban c\u00edm\u0171 k\u00f6nyv megjelen\u00e9se kapcs\u00e1n. Bor\u00edt\u00f3k\u00e9p\u00fcnk\u00f6n \u00f6narck\u00e9pe l\u00e1that\u00f3.","canonical_url":"https:\/\/www.part-oldalak.hu\/wordpress\/2026\/08\/31\/hengl-mirella-az-ifju-dunafoldvari-iropalanta-es-illusztrator\/","robots":"max-image-preview:large","keywords":"","webmasterTools":{"miscellaneous":""},"schema":{"@context":"https:\/\/schema.org","@graph":[{"@type":"BlogPosting","@id":"https:\/\/www.part-oldalak.hu\/wordpress\/2026\/08\/31\/hengl-mirella-az-ifju-dunafoldvari-iropalanta-es-illusztrator\/#blogposting","name":"Hengl Mirella \u2013 Az ifj\u00fa dunaf\u00f6ldv\u00e1ri \u00edr\u00f3pal\u00e1nta \u00e9s illusztr\u00e1tor - Part-Oldalak Kultur\u00e1lis Egylet","headline":"Hengl Mirella \u2013 Az ifj\u00fa dunaf\u00f6ldv\u00e1ri \u00edr\u00f3pal\u00e1nta \u00e9s illusztr\u00e1tor","author":{"@id":"https:\/\/www.part-oldalak.hu\/wordpress\/author\/hesser-zoli\/#author"},"publisher":{"@id":"https:\/\/www.part-oldalak.hu\/wordpress\/#organization"},"image":{"@type":"ImageObject","url":"https:\/\/www.part-oldalak.hu\/wordpress\/wp-content\/uploads\/2026\/08\/en.jpg","width":1024,"height":1024},"datePublished":"2026-08-31T00:32:03+01:00","dateModified":"2026-08-31T00:35:27+01:00","inLanguage":"hu-HU","mainEntityOfPage":{"@id":"https:\/\/www.part-oldalak.hu\/wordpress\/2026\/08\/31\/hengl-mirella-az-ifju-dunafoldvari-iropalanta-es-illusztrator\/#webpage"},"isPartOf":{"@id":"https:\/\/www.part-oldalak.hu\/wordpress\/2026\/08\/31\/hengl-mirella-az-ifju-dunafoldvari-iropalanta-es-illusztrator\/#webpage"},"articleSection":"Mozaik"},{"@type":"BreadcrumbList","@id":"https:\/\/www.part-oldalak.hu\/wordpress\/2026\/08\/31\/hengl-mirella-az-ifju-dunafoldvari-iropalanta-es-illusztrator\/#breadcrumblist","itemListElement":[{"@type":"ListItem","@id":"https:\/\/www.part-oldalak.hu\/wordpress#listItem","position":1,"name":"Home","item":"https:\/\/www.part-oldalak.hu\/wordpress","nextItem":{"@type":"ListItem","@id":"https:\/\/www.part-oldalak.hu\/wordpress\/category\/mozaik\/#listItem","name":"Mozaik"}},{"@type":"ListItem","@id":"https:\/\/www.part-oldalak.hu\/wordpress\/category\/mozaik\/#listItem","position":2,"name":"Mozaik","item":"https:\/\/www.part-oldalak.hu\/wordpress\/category\/mozaik\/","nextItem":{"@type":"ListItem","@id":"https:\/\/www.part-oldalak.hu\/wordpress\/2026\/08\/31\/hengl-mirella-az-ifju-dunafoldvari-iropalanta-es-illusztrator\/#listItem","name":"Hengl Mirella \u2013 Az ifj\u00fa dunaf\u00f6ldv\u00e1ri \u00edr\u00f3pal\u00e1nta \u00e9s illusztr\u00e1tor"},"previousItem":{"@type":"ListItem","@id":"https:\/\/www.part-oldalak.hu\/wordpress#listItem","name":"Home"}},{"@type":"ListItem","@id":"https:\/\/www.part-oldalak.hu\/wordpress\/2026\/08\/31\/hengl-mirella-az-ifju-dunafoldvari-iropalanta-es-illusztrator\/#listItem","position":3,"name":"Hengl Mirella \u2013 Az ifj\u00fa dunaf\u00f6ldv\u00e1ri \u00edr\u00f3pal\u00e1nta \u00e9s illusztr\u00e1tor","previousItem":{"@type":"ListItem","@id":"https:\/\/www.part-oldalak.hu\/wordpress\/category\/mozaik\/#listItem","name":"Mozaik"}}]},{"@type":"Organization","@id":"https:\/\/www.part-oldalak.hu\/wordpress\/#organization","name":"Part-Oldalak Kultur\u00e1lis Egylet","url":"https:\/\/www.part-oldalak.hu\/wordpress\/"},{"@type":"Person","@id":"https:\/\/www.part-oldalak.hu\/wordpress\/author\/hesser-zoli\/#author","url":"https:\/\/www.part-oldalak.hu\/wordpress\/author\/hesser-zoli\/","name":"Hesser Zolt\u00e1n","image":{"@type":"ImageObject","@id":"https:\/\/www.part-oldalak.hu\/wordpress\/2026\/08\/31\/hengl-mirella-az-ifju-dunafoldvari-iropalanta-es-illusztrator\/#authorImage","url":"https:\/\/secure.gravatar.com\/avatar\/aa739f000ce1f18e22d3905bbec8bca7?s=96&d=mm&r=g","width":96,"height":96,"caption":"Hesser Zolt\u00e1n"}},{"@type":"WebPage","@id":"https:\/\/www.part-oldalak.hu\/wordpress\/2026\/08\/31\/hengl-mirella-az-ifju-dunafoldvari-iropalanta-es-illusztrator\/#webpage","url":"https:\/\/www.part-oldalak.hu\/wordpress\/2026\/08\/31\/hengl-mirella-az-ifju-dunafoldvari-iropalanta-es-illusztrator\/","name":"Hengl Mirella \u2013 Az ifj\u00fa dunaf\u00f6ldv\u00e1ri \u00edr\u00f3pal\u00e1nta \u00e9s illusztr\u00e1tor - Part-Oldalak Kultur\u00e1lis Egylet","description":"Hengl Mirell\u00e1val, dunaf\u00f6ldv\u00e1ri \u00edr\u00f3pal\u00e1nt\u00e1val \u00e9s grafikussal besz\u00e9lgett\u00fcnk a Torony a f\u00e9lhold \u00e1rny\u00e9k\u00e1ban c\u00edm\u0171 k\u00f6nyv megjelen\u00e9se kapcs\u00e1n. Bor\u00edt\u00f3k\u00e9p\u00fcnk\u00f6n \u00f6narck\u00e9pe l\u00e1that\u00f3.","inLanguage":"hu-HU","isPartOf":{"@id":"https:\/\/www.part-oldalak.hu\/wordpress\/#website"},"breadcrumb":{"@id":"https:\/\/www.part-oldalak.hu\/wordpress\/2026\/08\/31\/hengl-mirella-az-ifju-dunafoldvari-iropalanta-es-illusztrator\/#breadcrumblist"},"author":{"@id":"https:\/\/www.part-oldalak.hu\/wordpress\/author\/hesser-zoli\/#author"},"creator":{"@id":"https:\/\/www.part-oldalak.hu\/wordpress\/author\/hesser-zoli\/#author"},"image":{"@type":"ImageObject","url":"https:\/\/www.part-oldalak.hu\/wordpress\/wp-content\/uploads\/2026\/08\/en.jpg","@id":"https:\/\/www.part-oldalak.hu\/wordpress\/2026\/08\/31\/hengl-mirella-az-ifju-dunafoldvari-iropalanta-es-illusztrator\/#mainImage","width":1024,"height":1024},"primaryImageOfPage":{"@id":"https:\/\/www.part-oldalak.hu\/wordpress\/2026\/08\/31\/hengl-mirella-az-ifju-dunafoldvari-iropalanta-es-illusztrator\/#mainImage"},"datePublished":"2026-08-31T00:32:03+01:00","dateModified":"2026-08-31T00:35:27+01:00"},{"@type":"WebSite","@id":"https:\/\/www.part-oldalak.hu\/wordpress\/#website","url":"https:\/\/www.part-oldalak.hu\/wordpress\/","name":"Part-Oldalak Kultur\u00e1lis Egylet","inLanguage":"hu-HU","publisher":{"@id":"https:\/\/www.part-oldalak.hu\/wordpress\/#organization"}}]},"og:locale":"hu_HU","og:site_name":"Part-Oldalak Kultur\u00e1lis Egylet -","og:type":"article","og:title":"Hengl Mirella \u2013 Az ifj\u00fa dunaf\u00f6ldv\u00e1ri \u00edr\u00f3pal\u00e1nta \u00e9s illusztr\u00e1tor - Part-Oldalak Kultur\u00e1lis Egylet","og:description":"Hengl Mirell\u00e1val, dunaf\u00f6ldv\u00e1ri \u00edr\u00f3pal\u00e1nt\u00e1val \u00e9s grafikussal besz\u00e9lgett\u00fcnk a Torony a f\u00e9lhold \u00e1rny\u00e9k\u00e1ban c\u00edm\u0171 k\u00f6nyv megjelen\u00e9se kapcs\u00e1n. Bor\u00edt\u00f3k\u00e9p\u00fcnk\u00f6n \u00f6narck\u00e9pe l\u00e1that\u00f3.","og:url":"https:\/\/www.part-oldalak.hu\/wordpress\/2026\/08\/31\/hengl-mirella-az-ifju-dunafoldvari-iropalanta-es-illusztrator\/","article:published_time":"2026-08-30T23:32:03+00:00","article:modified_time":"2026-08-30T23:35:27+00:00","twitter:card":"summary_large_image","twitter:title":"Hengl Mirella \u2013 Az ifj\u00fa dunaf\u00f6ldv\u00e1ri \u00edr\u00f3pal\u00e1nta \u00e9s illusztr\u00e1tor - Part-Oldalak Kultur\u00e1lis Egylet","twitter:description":"Hengl Mirell\u00e1val, dunaf\u00f6ldv\u00e1ri \u00edr\u00f3pal\u00e1nt\u00e1val \u00e9s grafikussal besz\u00e9lgett\u00fcnk a Torony a f\u00e9lhold \u00e1rny\u00e9k\u00e1ban c\u00edm\u0171 k\u00f6nyv megjelen\u00e9se kapcs\u00e1n. Bor\u00edt\u00f3k\u00e9p\u00fcnk\u00f6n \u00f6narck\u00e9pe l\u00e1that\u00f3."},"aioseo_meta_data":{"post_id":"13192","title":null,"description":null,"keywords":null,"keyphrases":{"focus":{"keyphrase":"","score":0,"analysis":{"keyphraseInTitle":{"score":0,"maxScore":9,"error":1}}},"additional":[]},"primary_term":null,"canonical_url":null,"og_title":null,"og_description":null,"og_object_type":"default","og_image_type":"default","og_image_url":null,"og_image_width":null,"og_image_height":null,"og_image_custom_url":null,"og_image_custom_fields":null,"og_video":"","og_custom_url":null,"og_article_section":null,"og_article_tags":null,"twitter_use_og":false,"twitter_card":"default","twitter_image_type":"default","twitter_image_url":null,"twitter_image_custom_url":null,"twitter_image_custom_fields":null,"twitter_title":null,"twitter_description":null,"schema":{"blockGraphs":[],"customGraphs":[],"default":{"data":{"Article":[],"Course":[],"Dataset":[],"FAQPage":[],"Movie":[],"Person":[],"Product":[],"ProductReview":[],"Car":[],"Recipe":[],"Service":[],"SoftwareApplication":[],"WebPage":[]},"graphName":"BlogPosting","isEnabled":true},"graphs":[]},"schema_type":"default","schema_type_options":null,"pillar_content":false,"robots_default":true,"robots_noindex":false,"robots_noarchive":false,"robots_nosnippet":false,"robots_nofollow":false,"robots_noimageindex":false,"robots_noodp":false,"robots_notranslate":false,"robots_max_snippet":"-1","robots_max_videopreview":"-1","robots_max_imagepreview":"large","priority":null,"frequency":"default","local_seo":null,"breadcrumb_settings":null,"limit_modified_date":false,"ai":{"faqs":[],"keyPoints":[],"schemas":[],"titles":[],"descriptions":[],"socialPosts":{"email":{"subject":"","preview":"","content":""},"linkedin":[],"twitter":[],"facebook":[],"instagram":[]}},"created":"2026-08-30 23:32:00","updated":"2026-08-30 23:35:27","seo_analyzer_scan_date":null,"focus_keyword":null,"additional_keywords":null,"truseo_locale":null},"aioseo_breadcrumb":"<div class=\"aioseo-breadcrumbs\"><span class=\"aioseo-breadcrumb\">\n\t\t\t<a href=\"https:\/\/www.part-oldalak.hu\/wordpress\" title=\"Home\">Home<\/a>\n\t\t<\/span><span class=\"aioseo-breadcrumb-separator\">&raquo;<\/span><span class=\"aioseo-breadcrumb\">\n\t\t\t<a href=\"https:\/\/www.part-oldalak.hu\/wordpress\/category\/mozaik\/\" title=\"Mozaik\">Mozaik<\/a>\n\t\t<\/span><span class=\"aioseo-breadcrumb-separator\">&raquo;<\/span><span class=\"aioseo-breadcrumb\">\n\t\t\tHengl Mirella \u2013 Az ifj\u00fa dunaf\u00f6ldv\u00e1ri \u00edr\u00f3pal\u00e1nta \u00e9s illusztr\u00e1tor\n\t\t<\/span><\/div>","aioseo_breadcrumb_json":[{"label":"Home","link":"https:\/\/www.part-oldalak.hu\/wordpress"},{"label":"Mozaik","link":"https:\/\/www.part-oldalak.hu\/wordpress\/category\/mozaik\/"},{"label":"Hengl Mirella \u2013 Az ifj\u00fa dunaf\u00f6ldv\u00e1ri \u00edr\u00f3pal\u00e1nta \u00e9s illusztr\u00e1tor","link":"https:\/\/www.part-oldalak.hu\/wordpress\/2026\/08\/31\/hengl-mirella-az-ifju-dunafoldvari-iropalanta-es-illusztrator\/"}],"yoast_head":"<!-- This site is optimized with the Yoast SEO plugin v25.6 - https:\/\/yoast.com\/wordpress\/plugins\/seo\/ -->\n<title>Hengl Mirella \u2013 Az ifj\u00fa dunaf\u00f6ldv\u00e1ri \u00edr\u00f3pal\u00e1nta \u00e9s illusztr\u00e1tor - Part-Oldalak Kultur\u00e1lis Egylet<\/title>\n<meta name=\"robots\" content=\"index, follow, max-snippet:-1, max-image-preview:large, max-video-preview:-1\" \/>\n<link rel=\"canonical\" href=\"https:\/\/www.part-oldalak.hu\/wordpress\/2026\/08\/31\/hengl-mirella-az-ifju-dunafoldvari-iropalanta-es-illusztrator\/\" \/>\n<meta property=\"og:locale\" content=\"hu_HU\" \/>\n<meta property=\"og:type\" content=\"article\" \/>\n<meta property=\"og:title\" content=\"Hengl Mirella \u2013 Az ifj\u00fa dunaf\u00f6ldv\u00e1ri \u00edr\u00f3pal\u00e1nta \u00e9s illusztr\u00e1tor - Part-Oldalak Kultur\u00e1lis Egylet\" \/>\n<meta property=\"og:description\" content=\"Hengl Mirell\u00e1val, dunaf\u00f6ldv\u00e1ri \u00edr\u00f3pal\u00e1nt\u00e1val \u00e9s grafikussal besz\u00e9lgett\u00fcnk a Torony a f\u00e9lhold \u00e1rny\u00e9k\u00e1ban c\u00edm\u0171 k\u00f6nyv megjelen\u00e9se kapcs\u00e1n. Bor\u00edt\u00f3k\u00e9p\u00fcnk\u00f6n \u00f6narck\u00e9pe l\u00e1that\u00f3.\" \/>\n<meta property=\"og:url\" content=\"https:\/\/www.part-oldalak.hu\/wordpress\/2026\/08\/31\/hengl-mirella-az-ifju-dunafoldvari-iropalanta-es-illusztrator\/\" \/>\n<meta property=\"og:site_name\" content=\"Part-Oldalak Kultur\u00e1lis Egylet\" \/>\n<meta property=\"article:published_time\" content=\"2026-08-30T23:32:03+00:00\" \/>\n<meta property=\"article:modified_time\" content=\"2026-08-30T23:35:27+00:00\" \/>\n<meta property=\"og:image\" content=\"https:\/\/www.part-oldalak.hu\/wordpress\/wp-content\/uploads\/2026\/08\/en.jpg\" \/>\n\t<meta property=\"og:image:width\" content=\"1024\" \/>\n\t<meta property=\"og:image:height\" content=\"1024\" \/>\n\t<meta property=\"og:image:type\" content=\"image\/jpeg\" \/>\n<meta name=\"author\" content=\"Hesser Zolt\u00e1n\" \/>\n<meta name=\"twitter:card\" content=\"summary_large_image\" \/>\n<meta name=\"twitter:label1\" content=\"Szerz\u0151:\" \/>\n\t<meta name=\"twitter:data1\" content=\"Hesser Zolt\u00e1n\" \/>\n\t<meta name=\"twitter:label2\" content=\"Becs\u00fclt olvas\u00e1si id\u0151\" \/>\n\t<meta name=\"twitter:data2\" content=\"5 perc\" \/>\n<script type=\"application\/ld+json\" class=\"yoast-schema-graph\">{\"@context\":\"https:\/\/schema.org\",\"@graph\":[{\"@type\":\"WebPage\",\"@id\":\"https:\/\/www.part-oldalak.hu\/wordpress\/2026\/08\/31\/hengl-mirella-az-ifju-dunafoldvari-iropalanta-es-illusztrator\/\",\"url\":\"https:\/\/www.part-oldalak.hu\/wordpress\/2026\/08\/31\/hengl-mirella-az-ifju-dunafoldvari-iropalanta-es-illusztrator\/\",\"name\":\"Hengl Mirella \u2013 Az ifj\u00fa dunaf\u00f6ldv\u00e1ri \u00edr\u00f3pal\u00e1nta \u00e9s illusztr\u00e1tor - Part-Oldalak Kultur\u00e1lis Egylet\",\"isPartOf\":{\"@id\":\"https:\/\/www.part-oldalak.hu\/wordpress\/#website\"},\"primaryImageOfPage\":{\"@id\":\"https:\/\/www.part-oldalak.hu\/wordpress\/2026\/08\/31\/hengl-mirella-az-ifju-dunafoldvari-iropalanta-es-illusztrator\/#primaryimage\"},\"image\":{\"@id\":\"https:\/\/www.part-oldalak.hu\/wordpress\/2026\/08\/31\/hengl-mirella-az-ifju-dunafoldvari-iropalanta-es-illusztrator\/#primaryimage\"},\"thumbnailUrl\":\"https:\/\/www.part-oldalak.hu\/wordpress\/wp-content\/uploads\/2026\/08\/en.jpg\",\"datePublished\":\"2026-08-30T23:32:03+00:00\",\"dateModified\":\"2026-08-30T23:35:27+00:00\",\"author\":{\"@id\":\"https:\/\/www.part-oldalak.hu\/wordpress\/#\/schema\/person\/9aa2a0ff3c787b06c77f1ef6ce61e06c\"},\"breadcrumb\":{\"@id\":\"https:\/\/www.part-oldalak.hu\/wordpress\/2026\/08\/31\/hengl-mirella-az-ifju-dunafoldvari-iropalanta-es-illusztrator\/#breadcrumb\"},\"inLanguage\":\"hu\",\"potentialAction\":[{\"@type\":\"ReadAction\",\"target\":[\"https:\/\/www.part-oldalak.hu\/wordpress\/2026\/08\/31\/hengl-mirella-az-ifju-dunafoldvari-iropalanta-es-illusztrator\/\"]}]},{\"@type\":\"ImageObject\",\"inLanguage\":\"hu\",\"@id\":\"https:\/\/www.part-oldalak.hu\/wordpress\/2026\/08\/31\/hengl-mirella-az-ifju-dunafoldvari-iropalanta-es-illusztrator\/#primaryimage\",\"url\":\"https:\/\/www.part-oldalak.hu\/wordpress\/wp-content\/uploads\/2026\/08\/en.jpg\",\"contentUrl\":\"https:\/\/www.part-oldalak.hu\/wordpress\/wp-content\/uploads\/2026\/08\/en.jpg\",\"width\":1024,\"height\":1024},{\"@type\":\"BreadcrumbList\",\"@id\":\"https:\/\/www.part-oldalak.hu\/wordpress\/2026\/08\/31\/hengl-mirella-az-ifju-dunafoldvari-iropalanta-es-illusztrator\/#breadcrumb\",\"itemListElement\":[{\"@type\":\"ListItem\",\"position\":1,\"name\":\"Kezd\u0151lap\",\"item\":\"https:\/\/www.part-oldalak.hu\/wordpress\/\"},{\"@type\":\"ListItem\",\"position\":2,\"name\":\"Hengl Mirella \u2013 Az ifj\u00fa dunaf\u00f6ldv\u00e1ri \u00edr\u00f3pal\u00e1nta \u00e9s illusztr\u00e1tor\"}]},{\"@type\":\"WebSite\",\"@id\":\"https:\/\/www.part-oldalak.hu\/wordpress\/#website\",\"url\":\"https:\/\/www.part-oldalak.hu\/wordpress\/\",\"name\":\"Part-Oldalak Kultur\u00e1lis Egylet\",\"description\":\"\",\"potentialAction\":[{\"@type\":\"SearchAction\",\"target\":{\"@type\":\"EntryPoint\",\"urlTemplate\":\"https:\/\/www.part-oldalak.hu\/wordpress\/?s={search_term_string}\"},\"query-input\":{\"@type\":\"PropertyValueSpecification\",\"valueRequired\":true,\"valueName\":\"search_term_string\"}}],\"inLanguage\":\"hu\"},{\"@type\":\"Person\",\"@id\":\"https:\/\/www.part-oldalak.hu\/wordpress\/#\/schema\/person\/9aa2a0ff3c787b06c77f1ef6ce61e06c\",\"name\":\"Hesser Zolt\u00e1n\",\"image\":{\"@type\":\"ImageObject\",\"inLanguage\":\"hu\",\"@id\":\"https:\/\/www.part-oldalak.hu\/wordpress\/#\/schema\/person\/image\/\",\"url\":\"https:\/\/secure.gravatar.com\/avatar\/aa739f000ce1f18e22d3905bbec8bca7?s=96&d=mm&r=g\",\"contentUrl\":\"https:\/\/secure.gravatar.com\/avatar\/aa739f000ce1f18e22d3905bbec8bca7?s=96&d=mm&r=g\",\"caption\":\"Hesser Zolt\u00e1n\"},\"url\":\"https:\/\/www.part-oldalak.hu\/wordpress\/author\/hesser-zoli\/\"}]}<\/script>\n<!-- \/ Yoast SEO plugin. -->","yoast_head_json":{"title":"Hengl Mirella \u2013 Az ifj\u00fa dunaf\u00f6ldv\u00e1ri \u00edr\u00f3pal\u00e1nta \u00e9s illusztr\u00e1tor - Part-Oldalak Kultur\u00e1lis Egylet","robots":{"index":"index","follow":"follow","max-snippet":"max-snippet:-1","max-image-preview":"max-image-preview:large","max-video-preview":"max-video-preview:-1"},"canonical":"https:\/\/www.part-oldalak.hu\/wordpress\/2026\/08\/31\/hengl-mirella-az-ifju-dunafoldvari-iropalanta-es-illusztrator\/","og_locale":"hu_HU","og_type":"article","og_title":"Hengl Mirella \u2013 Az ifj\u00fa dunaf\u00f6ldv\u00e1ri \u00edr\u00f3pal\u00e1nta \u00e9s illusztr\u00e1tor - Part-Oldalak Kultur\u00e1lis Egylet","og_description":"Hengl Mirell\u00e1val, dunaf\u00f6ldv\u00e1ri \u00edr\u00f3pal\u00e1nt\u00e1val \u00e9s grafikussal besz\u00e9lgett\u00fcnk a Torony a f\u00e9lhold \u00e1rny\u00e9k\u00e1ban c\u00edm\u0171 k\u00f6nyv megjelen\u00e9se kapcs\u00e1n. Bor\u00edt\u00f3k\u00e9p\u00fcnk\u00f6n \u00f6narck\u00e9pe l\u00e1that\u00f3.","og_url":"https:\/\/www.part-oldalak.hu\/wordpress\/2026\/08\/31\/hengl-mirella-az-ifju-dunafoldvari-iropalanta-es-illusztrator\/","og_site_name":"Part-Oldalak Kultur\u00e1lis Egylet","article_published_time":"2026-08-30T23:32:03+00:00","article_modified_time":"2026-08-30T23:35:27+00:00","og_image":[{"width":1024,"height":1024,"url":"https:\/\/www.part-oldalak.hu\/wordpress\/wp-content\/uploads\/2026\/08\/en.jpg","type":"image\/jpeg"}],"author":"Hesser Zolt\u00e1n","twitter_card":"summary_large_image","twitter_misc":{"Szerz\u0151:":"Hesser Zolt\u00e1n","Becs\u00fclt olvas\u00e1si id\u0151":"5 perc"},"schema":{"@context":"https:\/\/schema.org","@graph":[{"@type":"WebPage","@id":"https:\/\/www.part-oldalak.hu\/wordpress\/2026\/08\/31\/hengl-mirella-az-ifju-dunafoldvari-iropalanta-es-illusztrator\/","url":"https:\/\/www.part-oldalak.hu\/wordpress\/2026\/08\/31\/hengl-mirella-az-ifju-dunafoldvari-iropalanta-es-illusztrator\/","name":"Hengl Mirella \u2013 Az ifj\u00fa dunaf\u00f6ldv\u00e1ri \u00edr\u00f3pal\u00e1nta \u00e9s illusztr\u00e1tor - Part-Oldalak Kultur\u00e1lis Egylet","isPartOf":{"@id":"https:\/\/www.part-oldalak.hu\/wordpress\/#website"},"primaryImageOfPage":{"@id":"https:\/\/www.part-oldalak.hu\/wordpress\/2026\/08\/31\/hengl-mirella-az-ifju-dunafoldvari-iropalanta-es-illusztrator\/#primaryimage"},"image":{"@id":"https:\/\/www.part-oldalak.hu\/wordpress\/2026\/08\/31\/hengl-mirella-az-ifju-dunafoldvari-iropalanta-es-illusztrator\/#primaryimage"},"thumbnailUrl":"https:\/\/www.part-oldalak.hu\/wordpress\/wp-content\/uploads\/2026\/08\/en.jpg","datePublished":"2026-08-30T23:32:03+00:00","dateModified":"2026-08-30T23:35:27+00:00","author":{"@id":"https:\/\/www.part-oldalak.hu\/wordpress\/#\/schema\/person\/9aa2a0ff3c787b06c77f1ef6ce61e06c"},"breadcrumb":{"@id":"https:\/\/www.part-oldalak.hu\/wordpress\/2026\/08\/31\/hengl-mirella-az-ifju-dunafoldvari-iropalanta-es-illusztrator\/#breadcrumb"},"inLanguage":"hu","potentialAction":[{"@type":"ReadAction","target":["https:\/\/www.part-oldalak.hu\/wordpress\/2026\/08\/31\/hengl-mirella-az-ifju-dunafoldvari-iropalanta-es-illusztrator\/"]}]},{"@type":"ImageObject","inLanguage":"hu","@id":"https:\/\/www.part-oldalak.hu\/wordpress\/2026\/08\/31\/hengl-mirella-az-ifju-dunafoldvari-iropalanta-es-illusztrator\/#primaryimage","url":"https:\/\/www.part-oldalak.hu\/wordpress\/wp-content\/uploads\/2026\/08\/en.jpg","contentUrl":"https:\/\/www.part-oldalak.hu\/wordpress\/wp-content\/uploads\/2026\/08\/en.jpg","width":1024,"height":1024},{"@type":"BreadcrumbList","@id":"https:\/\/www.part-oldalak.hu\/wordpress\/2026\/08\/31\/hengl-mirella-az-ifju-dunafoldvari-iropalanta-es-illusztrator\/#breadcrumb","itemListElement":[{"@type":"ListItem","position":1,"name":"Kezd\u0151lap","item":"https:\/\/www.part-oldalak.hu\/wordpress\/"},{"@type":"ListItem","position":2,"name":"Hengl Mirella \u2013 Az ifj\u00fa dunaf\u00f6ldv\u00e1ri \u00edr\u00f3pal\u00e1nta \u00e9s illusztr\u00e1tor"}]},{"@type":"WebSite","@id":"https:\/\/www.part-oldalak.hu\/wordpress\/#website","url":"https:\/\/www.part-oldalak.hu\/wordpress\/","name":"Part-Oldalak Kultur\u00e1lis Egylet","description":"","potentialAction":[{"@type":"SearchAction","target":{"@type":"EntryPoint","urlTemplate":"https:\/\/www.part-oldalak.hu\/wordpress\/?s={search_term_string}"},"query-input":{"@type":"PropertyValueSpecification","valueRequired":true,"valueName":"search_term_string"}}],"inLanguage":"hu"},{"@type":"Person","@id":"https:\/\/www.part-oldalak.hu\/wordpress\/#\/schema\/person\/9aa2a0ff3c787b06c77f1ef6ce61e06c","name":"Hesser Zolt\u00e1n","image":{"@type":"ImageObject","inLanguage":"hu","@id":"https:\/\/www.part-oldalak.hu\/wordpress\/#\/schema\/person\/image\/","url":"https:\/\/secure.gravatar.com\/avatar\/aa739f000ce1f18e22d3905bbec8bca7?s=96&d=mm&r=g","contentUrl":"https:\/\/secure.gravatar.com\/avatar\/aa739f000ce1f18e22d3905bbec8bca7?s=96&d=mm&r=g","caption":"Hesser Zolt\u00e1n"},"url":"https:\/\/www.part-oldalak.hu\/wordpress\/author\/hesser-zoli\/"}]}},"_links":{"self":[{"href":"https:\/\/www.part-oldalak.hu\/wordpress\/wp-json\/wp\/v2\/posts\/13192"}],"collection":[{"href":"https:\/\/www.part-oldalak.hu\/wordpress\/wp-json\/wp\/v2\/posts"}],"about":[{"href":"https:\/\/www.part-oldalak.hu\/wordpress\/wp-json\/wp\/v2\/types\/post"}],"author":[{"embeddable":true,"href":"https:\/\/www.part-oldalak.hu\/wordpress\/wp-json\/wp\/v2\/users\/16"}],"replies":[{"embeddable":true,"href":"https:\/\/www.part-oldalak.hu\/wordpress\/wp-json\/wp\/v2\/comments?post=13192"}],"version-history":[{"count":3,"href":"https:\/\/www.part-oldalak.hu\/wordpress\/wp-json\/wp\/v2\/posts\/13192\/revisions"}],"predecessor-version":[{"id":13207,"href":"https:\/\/www.part-oldalak.hu\/wordpress\/wp-json\/wp\/v2\/posts\/13192\/revisions\/13207"}],"wp:featuredmedia":[{"embeddable":true,"href":"https:\/\/www.part-oldalak.hu\/wordpress\/wp-json\/wp\/v2\/media\/13193"}],"wp:attachment":[{"href":"https:\/\/www.part-oldalak.hu\/wordpress\/wp-json\/wp\/v2\/media?parent=13192"}],"wp:term":[{"taxonomy":"category","embeddable":true,"href":"https:\/\/www.part-oldalak.hu\/wordpress\/wp-json\/wp\/v2\/categories?post=13192"},{"taxonomy":"post_tag","embeddable":true,"href":"https:\/\/www.part-oldalak.hu\/wordpress\/wp-json\/wp\/v2\/tags?post=13192"}],"curies":[{"name":"wp","href":"https:\/\/api.w.org\/{rel}","templated":true}]}}