{"id":12827,"date":"2026-01-25T20:06:29","date_gmt":"2026-01-25T19:06:29","guid":{"rendered":"https:\/\/www.part-oldalak.hu\/wordpress\/?p=12827"},"modified":"2026-02-02T10:31:15","modified_gmt":"2026-02-02T09:31:15","slug":"hova-menjek-kulturalis-programok-februarban","status":"publish","type":"post","link":"https:\/\/www.part-oldalak.hu\/wordpress\/2026\/01\/25\/hova-menjek-kulturalis-programok-februarban\/","title":{"rendered":"Hova menjek? &#8211; Kultur\u00e1lis programok febru\u00e1rban"},"content":{"rendered":"\n<p><strong>2026. febru\u00e1r 2. (h\u00e9tf\u0151)<\/strong><\/p>\n\n\n\n<p>T\u00e9li est\u00e9k \u2013 a Dunaf\u00f6ldv\u00e1ri Kertbar\u00e1tok V\u00e1rosv\u00e9d\u0151 Egyes\u00fclete szervez\u00e9s\u00e9ben<br>&nbsp;Helysz\u00edn: S\u0171r\u0171 borh\u00e1z Id\u0151pont: 17:00<\/p>\n\n\n\n<p>Fitoplazma elleni v\u00e9dekez\u00e9s, aktu\u00e1lis bor\u00e1szati feladatok<\/p>\n\n\n\n<p>El\u0151ad\u00f3: Filus J\u00e1nos kert\u00e9szm\u00e9rn\u00f6k<\/p>\n\n\n\n<p><br><strong>Febru\u00e1r 3. (kedd)<\/strong><\/p>\n\n\n\n<p> K\u00e1r\u00e1sz Eszter koncert<\/p>\n\n\n\n<p>Id\u0151pont: 10.00 \u00e9s 14.00<\/p>\n\n\n\n<p>Jegy\u00e1r: 2000 Ft<\/p>\n\n\n\n<p>Helysz\u00edn: M\u0171vel\u0151d\u00e9si K\u00f6zpont<\/p>\n\n\n\n<figure class=\"wp-block-image aligncenter size-full\"><img decoding=\"async\" width=\"900\" height=\"900\" data-src=\"https:\/\/www.part-oldalak.hu\/wordpress\/wp-content\/uploads\/2026\/01\/channels4_profile.jpg\" alt=\"\" class=\"wp-image-12829 lazyload\" data-srcset=\"https:\/\/www.part-oldalak.hu\/wordpress\/wp-content\/uploads\/2026\/01\/channels4_profile.jpg 900w, https:\/\/www.part-oldalak.hu\/wordpress\/wp-content\/uploads\/2026\/01\/channels4_profile-300x300.jpg 300w, https:\/\/www.part-oldalak.hu\/wordpress\/wp-content\/uploads\/2026\/01\/channels4_profile-150x150.jpg 150w, https:\/\/www.part-oldalak.hu\/wordpress\/wp-content\/uploads\/2026\/01\/channels4_profile-768x768.jpg 768w\" data-sizes=\"(max-width: 900px) 100vw, 900px\" src=\"data:image\/svg+xml;base64,PHN2ZyB3aWR0aD0iMSIgaGVpZ2h0PSIxIiB4bWxucz0iaHR0cDovL3d3dy53My5vcmcvMjAwMC9zdmciPjwvc3ZnPg==\" style=\"--smush-placeholder-width: 900px; --smush-placeholder-aspect-ratio: 900\/900;\" \/><\/figure>\n\n\n\n<p><strong>Febru\u00e1r 3. (kedd) <\/strong><\/p>\n\n\n\n<p>N\u00e9pszer\u0171 tudom\u00e1ny &#8211; Mi\u00e9rt j\u00f3 sokat \u00e9nekelni?<\/p>\n\n\n\n<p>Id\u0151pont: 18.00<\/p>\n\n\n\n<p>Helysz\u00edn: Dr. Bubn\u00f3 Tam\u00e1s<\/p>\n\n\n\n<p>A Szent Efr\u00e9n f\u00e9rfikar karnagya<\/p>\n\n\n\n<p>Helysz\u00edn: M\u0171vel\u0151d\u00e9si K\u00f6zpont<\/p>\n\n\n\n<p><strong>Febru\u00e1r 4. (szerda) <\/strong><\/p>\n\n\n\n<p>V\u00e9rad\u00e1s<\/p>\n\n\n\n<p>Id\u0151pont: 10.30 &#8211; 14.30<\/p>\n\n\n\n<p>Helysz\u00edn: M\u0171vel\u0151d\u00e9si K\u00f6zpont<\/p>\n\n\n\n<p><strong>Febru\u00e1r 16. (h\u00e9tf\u0151) <\/strong><\/p>\n\n\n\n<p>T\u00e9li est\u00e9k &#8211; a Dunaf\u00f6ldv\u00e1ri Kertbar\u00e1tok V\u00e1rosv\u00e9d\u0151 Egyes\u00fclete szervez\u00e9s\u00e9ben<\/p>\n\n\n\n<p>Id\u0151pont: 17:00<\/p>\n\n\n\n<p>Helysz\u00edn: M\u0171vel\u0151d\u00e9si K\u00f6zpont<br><\/p>\n\n\n\n<p>Moln\u00e1r Dezs\u0151 g\u00f6r\u00f6gkatolikus pap bemutatkoz\u00e1sa<\/p>\n\n\n\n<p><strong>Febru\u00e1r 18. (szerda) <\/strong><\/p>\n\n\n\n<p>ABC Kalligr\u00e1fia Workshop<\/p>\n\n\n\n<p>Id\u0151pont: 18:00<\/p>\n\n\n\n<p>Kelemen Dorottya rendezv\u00e9nye<\/p>\n\n\n\n<p>Helysz\u00edn: Berze-Nagy Ilona V\u00e1rosi K\u00f6nyvt\u00e1r<\/p>\n\n\n\n<figure class=\"wp-block-image aligncenter size-large\"><img decoding=\"async\" width=\"819\" height=\"1024\" data-src=\"https:\/\/www.part-oldalak.hu\/wordpress\/wp-content\/uploads\/2026\/01\/619119872_1558200968710398_2456161848155450238_n-819x1024.jpg\" alt=\"\" class=\"wp-image-12830 lazyload\" data-srcset=\"https:\/\/www.part-oldalak.hu\/wordpress\/wp-content\/uploads\/2026\/01\/619119872_1558200968710398_2456161848155450238_n-819x1024.jpg 819w, https:\/\/www.part-oldalak.hu\/wordpress\/wp-content\/uploads\/2026\/01\/619119872_1558200968710398_2456161848155450238_n-240x300.jpg 240w, https:\/\/www.part-oldalak.hu\/wordpress\/wp-content\/uploads\/2026\/01\/619119872_1558200968710398_2456161848155450238_n-768x960.jpg 768w, https:\/\/www.part-oldalak.hu\/wordpress\/wp-content\/uploads\/2026\/01\/619119872_1558200968710398_2456161848155450238_n-1024x1280.jpg 1024w, https:\/\/www.part-oldalak.hu\/wordpress\/wp-content\/uploads\/2026\/01\/619119872_1558200968710398_2456161848155450238_n.jpg 1080w\" data-sizes=\"(max-width: 819px) 100vw, 819px\" src=\"data:image\/svg+xml;base64,PHN2ZyB3aWR0aD0iMSIgaGVpZ2h0PSIxIiB4bWxucz0iaHR0cDovL3d3dy53My5vcmcvMjAwMC9zdmciPjwvc3ZnPg==\" style=\"--smush-placeholder-width: 819px; --smush-placeholder-aspect-ratio: 819\/1024;\" \/><\/figure>\n\n\n\n<p><strong>Febru\u00e1r 20. (szombat)<\/strong><\/p>\n\n\n\n<p>Orosz Gyuri \u00f6n\u00e1ll\u00f3 estje<\/p>\n\n\n\n<p>Id\u0151pont: 19:00<\/p>\n\n\n\n<p>Helysz\u00edn: M\u0171vel\u0151d\u00e9si K\u00f6zpont<\/p>\n\n\n\n<p>Jegy\u00e1r: 7900 ft (di\u00e1kjegy 5900 ft)<\/p>\n\n\n\n<p><strong>Febru\u00e1r 21. (szombat)<\/strong><\/p>\n\n\n\n<p>Horg\u00e1szb\u00e1l<\/p>\n\n\n\n<p>Buli hajnalig!<\/p>\n\n\n\n<p>DUNAF\u00d6LDV\u00c1RI SPORTHORG\u00c1SZOK EGYES\u00dcLETE<\/p>\n\n\n\n<p><strong>Febru\u00e1r 23. (h\u00e9tf\u0151)<\/strong><\/p>\n\n\n\n<p>Jon Lonoff: Centir\u0151l centire<\/p>\n\n\n\n<p>Id\u0151pont: 19:00<\/p>\n\n\n\n<p>V\u00edgj\u00e1t\u00e9k a R\u00f3zsav\u00f6lgyi Szalon el\u0151ad\u00e1s\u00e1ban<\/p>\n\n\n\n<p>Szerepl\u0151k: Dob\u00f3 Kata, Marjai Vir\u00e1g, Hajd\u00fa Steve<\/p>\n\n\n\n<p>Jegy\u00e1r: 6500ft \u00e9s 6900 ft<\/p>\n\n\n\n<p>Helysz\u00edn: M\u0171vel\u0151d\u00e9si K\u00f6zpont<\/p>\n\n\n\n<figure class=\"wp-block-image aligncenter size-full\"><img decoding=\"async\" width=\"675\" height=\"360\" data-src=\"https:\/\/www.part-oldalak.hu\/wordpress\/wp-content\/uploads\/2026\/01\/Centirol-centire-675x360-1.jpg\" alt=\"\" class=\"wp-image-12828 lazyload\" data-srcset=\"https:\/\/www.part-oldalak.hu\/wordpress\/wp-content\/uploads\/2026\/01\/Centirol-centire-675x360-1.jpg 675w, https:\/\/www.part-oldalak.hu\/wordpress\/wp-content\/uploads\/2026\/01\/Centirol-centire-675x360-1-300x160.jpg 300w\" data-sizes=\"(max-width: 675px) 100vw, 675px\" src=\"data:image\/svg+xml;base64,PHN2ZyB3aWR0aD0iMSIgaGVpZ2h0PSIxIiB4bWxucz0iaHR0cDovL3d3dy53My5vcmcvMjAwMC9zdmciPjwvc3ZnPg==\" style=\"--smush-placeholder-width: 675px; --smush-placeholder-aspect-ratio: 675\/360;\" \/><\/figure>\n\n\n\n<p><strong>Febru\u00e1r 28. (szombat)<\/strong><\/p>\n\n\n\n<p>V\u00e1ros Napja<\/p>\n\n\n\n<p>Id\u0151pont: 16:00<\/p>\n\n\n\n<p>&nbsp;Helysz\u00edn: M\u0171vel\u0151d\u00e9si K\u00f6zpont<\/p>\n\n\n\n<p>V\u00e1rosi kit\u00fcntet\u00e9sek \u00e1tad\u00e1sa \u00e9s g\u00e1laest<\/p>\n\n\n\n<p>A v\u00e1rosi Berze-Nagy Ilona K\u00f6nyvt\u00e1r eg\u00e9sz febru\u00e1rban folyamatosan el\u00e9rhet\u0151 olvas\u00e1si, adatb\u00e1zis-haszn\u00e1lati \u00e9s k\u00f6z\u00f6ss\u00e9gi \u00e9lm\u00e9nyekkel. A k\u00f6nyvt\u00e1r programjai k\u00f6z\u00f6tt szerepelnek:<\/p>\n\n\n\n<p>Irodalmi k\u00e1v\u00e9h\u00e1zak,<\/p>\n\n\n\n<p>k\u00f6nyvbemutat\u00f3k,<\/p>\n\n\n\n<p>szakmai \u00e9s gyermekfoglalkoz\u00e1sok,<\/p>\n\n\n\n<p>k\u00f6nyvt\u00e1rhaszn\u00e1lati \u00f3r\u00e1k,<\/p>\n\n\n\n<p>helyt\u00f6rt\u00e9neti gy\u0171jtem\u00e9nyek bemutat\u00e1sa.<\/p>\n\n\n\n<p>Tov\u00e1bbi programokra (ki\u00e1ll\u00edt\u00e1sok, gyermekfoglalkoz\u00e1sok, m\u00fazeumpedag\u00f3gia) \u00e9rdemes a v\u00e1r honlapj\u00e1t vagy a Dunaf\u00f6ldv\u00e1ri M\u0171vel\u0151d\u00e9si K\u00f6zpont aktu\u00e1lis k\u00f6zlem\u00e9nyeit k\u00f6vetni.<\/p>\n\n\n\n<p>Inform\u00e1ci\u00f3: <a href=\"https:\/\/foldvarikultura.hu\/esemenyek\/aktualis-havi-musorfuzet\/\">Havi m\u0171sorf\u00fczet<\/a><\/p>\n","protected":false},"excerpt":{"rendered":"<p>Koncert, sz\u00ednh\u00e1z, tudom\u00e1nyos el\u0151ad\u00e1s &#8211; a Dunaf\u00f6ldv\u00e1ron febru\u00e1rban el\u00e9rhet\u0151 programokat mutatjuk meg, a Dunaf\u00f6ldv\u00e1ri M\u0171vel\u0151d\u00e9si K\u00f6zpont \u00e9s K\u00f6nyvt\u00e1r aj\u00e1nl\u00e1s\u00e1val.<\/p>\n","protected":false},"author":16,"featured_media":12831,"comment_status":"open","ping_status":"open","sticky":false,"template":"","format":"standard","meta":{"_monsterinsights_skip_tracking":false,"_monsterinsights_sitenote_active":false,"_monsterinsights_sitenote_note":"","_monsterinsights_sitenote_category":0,"footnotes":""},"categories":[6],"tags":[4],"class_list":["post-12827","post","type-post","status-publish","format-standard","has-post-thumbnail","hentry","category-kultura","tag-kultura"],"aioseo_notices":[],"yoast_head":"<!-- This site is optimized with the Yoast SEO plugin v25.6 - https:\/\/yoast.com\/wordpress\/plugins\/seo\/ -->\n<title>Hova menjek? - Kultur\u00e1lis programok febru\u00e1rban - Part-Oldalak Kultur\u00e1lis Egylet<\/title>\n<meta name=\"robots\" content=\"index, follow, max-snippet:-1, max-image-preview:large, max-video-preview:-1\" \/>\n<link rel=\"canonical\" href=\"https:\/\/www.part-oldalak.hu\/wordpress\/2026\/01\/25\/hova-menjek-kulturalis-programok-februarban\/\" \/>\n<meta property=\"og:locale\" content=\"hu_HU\" \/>\n<meta property=\"og:type\" content=\"article\" \/>\n<meta property=\"og:title\" content=\"Hova menjek? - Kultur\u00e1lis programok febru\u00e1rban - Part-Oldalak Kultur\u00e1lis Egylet\" \/>\n<meta property=\"og:description\" content=\"Koncert, sz\u00ednh\u00e1z, tudom\u00e1nyos el\u0151ad\u00e1s - a Dunaf\u00f6ldv\u00e1ron febru\u00e1rban el\u00e9rhet\u0151 programokat mutatjuk meg, a Dunaf\u00f6ldv\u00e1ri M\u0171vel\u0151d\u00e9si K\u00f6zpont \u00e9s K\u00f6nyvt\u00e1r aj\u00e1nl\u00e1s\u00e1val.\" \/>\n<meta property=\"og:url\" content=\"https:\/\/www.part-oldalak.hu\/wordpress\/2026\/01\/25\/hova-menjek-kulturalis-programok-februarban\/\" \/>\n<meta property=\"og:site_name\" content=\"Part-Oldalak Kultur\u00e1lis Egylet\" \/>\n<meta property=\"article:published_time\" content=\"2026-01-25T19:06:29+00:00\" \/>\n<meta property=\"article:modified_time\" content=\"2026-02-02T09:31:15+00:00\" \/>\n<meta property=\"og:image\" content=\"https:\/\/www.part-oldalak.hu\/wordpress\/wp-content\/uploads\/2026\/01\/7980-2303231234401548853.jpg\" \/>\n\t<meta property=\"og:image:width\" content=\"800\" \/>\n\t<meta property=\"og:image:height\" content=\"600\" \/>\n\t<meta property=\"og:image:type\" content=\"image\/jpeg\" \/>\n<meta name=\"author\" content=\"Hesser Zolt\u00e1n\" \/>\n<meta name=\"twitter:card\" content=\"summary_large_image\" \/>\n<meta name=\"twitter:label1\" content=\"Szerz\u0151:\" \/>\n\t<meta name=\"twitter:data1\" content=\"Hesser Zolt\u00e1n\" \/>\n\t<meta name=\"twitter:label2\" content=\"Becs\u00fclt olvas\u00e1si id\u0151\" \/>\n\t<meta name=\"twitter:data2\" content=\"3 perc\" \/>\n<script type=\"application\/ld+json\" class=\"yoast-schema-graph\">{\"@context\":\"https:\/\/schema.org\",\"@graph\":[{\"@type\":\"WebPage\",\"@id\":\"https:\/\/www.part-oldalak.hu\/wordpress\/2026\/01\/25\/hova-menjek-kulturalis-programok-februarban\/\",\"url\":\"https:\/\/www.part-oldalak.hu\/wordpress\/2026\/01\/25\/hova-menjek-kulturalis-programok-februarban\/\",\"name\":\"Hova menjek? - Kultur\u00e1lis programok febru\u00e1rban - Part-Oldalak Kultur\u00e1lis Egylet\",\"isPartOf\":{\"@id\":\"https:\/\/www.part-oldalak.hu\/wordpress\/#website\"},\"primaryImageOfPage\":{\"@id\":\"https:\/\/www.part-oldalak.hu\/wordpress\/2026\/01\/25\/hova-menjek-kulturalis-programok-februarban\/#primaryimage\"},\"image\":{\"@id\":\"https:\/\/www.part-oldalak.hu\/wordpress\/2026\/01\/25\/hova-menjek-kulturalis-programok-februarban\/#primaryimage\"},\"thumbnailUrl\":\"https:\/\/www.part-oldalak.hu\/wordpress\/wp-content\/uploads\/2026\/01\/7980-2303231234401548853.jpg\",\"datePublished\":\"2026-01-25T19:06:29+00:00\",\"dateModified\":\"2026-02-02T09:31:15+00:00\",\"author\":{\"@id\":\"https:\/\/www.part-oldalak.hu\/wordpress\/#\/schema\/person\/9aa2a0ff3c787b06c77f1ef6ce61e06c\"},\"breadcrumb\":{\"@id\":\"https:\/\/www.part-oldalak.hu\/wordpress\/2026\/01\/25\/hova-menjek-kulturalis-programok-februarban\/#breadcrumb\"},\"inLanguage\":\"hu\",\"potentialAction\":[{\"@type\":\"ReadAction\",\"target\":[\"https:\/\/www.part-oldalak.hu\/wordpress\/2026\/01\/25\/hova-menjek-kulturalis-programok-februarban\/\"]}]},{\"@type\":\"ImageObject\",\"inLanguage\":\"hu\",\"@id\":\"https:\/\/www.part-oldalak.hu\/wordpress\/2026\/01\/25\/hova-menjek-kulturalis-programok-februarban\/#primaryimage\",\"url\":\"https:\/\/www.part-oldalak.hu\/wordpress\/wp-content\/uploads\/2026\/01\/7980-2303231234401548853.jpg\",\"contentUrl\":\"https:\/\/www.part-oldalak.hu\/wordpress\/wp-content\/uploads\/2026\/01\/7980-2303231234401548853.jpg\",\"width\":800,\"height\":600},{\"@type\":\"BreadcrumbList\",\"@id\":\"https:\/\/www.part-oldalak.hu\/wordpress\/2026\/01\/25\/hova-menjek-kulturalis-programok-februarban\/#breadcrumb\",\"itemListElement\":[{\"@type\":\"ListItem\",\"position\":1,\"name\":\"Kezd\u0151lap\",\"item\":\"https:\/\/www.part-oldalak.hu\/wordpress\/\"},{\"@type\":\"ListItem\",\"position\":2,\"name\":\"Hova menjek? &#8211; Kultur\u00e1lis programok febru\u00e1rban\"}]},{\"@type\":\"WebSite\",\"@id\":\"https:\/\/www.part-oldalak.hu\/wordpress\/#website\",\"url\":\"https:\/\/www.part-oldalak.hu\/wordpress\/\",\"name\":\"Part-Oldalak Kultur\u00e1lis Egylet\",\"description\":\"\",\"potentialAction\":[{\"@type\":\"SearchAction\",\"target\":{\"@type\":\"EntryPoint\",\"urlTemplate\":\"https:\/\/www.part-oldalak.hu\/wordpress\/?s={search_term_string}\"},\"query-input\":{\"@type\":\"PropertyValueSpecification\",\"valueRequired\":true,\"valueName\":\"search_term_string\"}}],\"inLanguage\":\"hu\"},{\"@type\":\"Person\",\"@id\":\"https:\/\/www.part-oldalak.hu\/wordpress\/#\/schema\/person\/9aa2a0ff3c787b06c77f1ef6ce61e06c\",\"name\":\"Hesser Zolt\u00e1n\",\"image\":{\"@type\":\"ImageObject\",\"inLanguage\":\"hu\",\"@id\":\"https:\/\/www.part-oldalak.hu\/wordpress\/#\/schema\/person\/image\/\",\"url\":\"https:\/\/secure.gravatar.com\/avatar\/aa739f000ce1f18e22d3905bbec8bca7?s=96&d=mm&r=g\",\"contentUrl\":\"https:\/\/secure.gravatar.com\/avatar\/aa739f000ce1f18e22d3905bbec8bca7?s=96&d=mm&r=g\",\"caption\":\"Hesser Zolt\u00e1n\"},\"url\":\"https:\/\/www.part-oldalak.hu\/wordpress\/author\/hesser-zoli\/\"}]}<\/script>\n<!-- \/ Yoast SEO plugin. -->","yoast_head_json":{"title":"Hova menjek? - Kultur\u00e1lis programok febru\u00e1rban - Part-Oldalak Kultur\u00e1lis Egylet","robots":{"index":"index","follow":"follow","max-snippet":"max-snippet:-1","max-image-preview":"max-image-preview:large","max-video-preview":"max-video-preview:-1"},"canonical":"https:\/\/www.part-oldalak.hu\/wordpress\/2026\/01\/25\/hova-menjek-kulturalis-programok-februarban\/","og_locale":"hu_HU","og_type":"article","og_title":"Hova menjek? - Kultur\u00e1lis programok febru\u00e1rban - Part-Oldalak Kultur\u00e1lis Egylet","og_description":"Koncert, sz\u00ednh\u00e1z, tudom\u00e1nyos el\u0151ad\u00e1s - a Dunaf\u00f6ldv\u00e1ron febru\u00e1rban el\u00e9rhet\u0151 programokat mutatjuk meg, a Dunaf\u00f6ldv\u00e1ri M\u0171vel\u0151d\u00e9si K\u00f6zpont \u00e9s K\u00f6nyvt\u00e1r aj\u00e1nl\u00e1s\u00e1val.","og_url":"https:\/\/www.part-oldalak.hu\/wordpress\/2026\/01\/25\/hova-menjek-kulturalis-programok-februarban\/","og_site_name":"Part-Oldalak Kultur\u00e1lis Egylet","article_published_time":"2026-01-25T19:06:29+00:00","article_modified_time":"2026-02-02T09:31:15+00:00","og_image":[{"width":800,"height":600,"url":"https:\/\/www.part-oldalak.hu\/wordpress\/wp-content\/uploads\/2026\/01\/7980-2303231234401548853.jpg","type":"image\/jpeg"}],"author":"Hesser Zolt\u00e1n","twitter_card":"summary_large_image","twitter_misc":{"Szerz\u0151:":"Hesser Zolt\u00e1n","Becs\u00fclt olvas\u00e1si id\u0151":"3 perc"},"schema":{"@context":"https:\/\/schema.org","@graph":[{"@type":"WebPage","@id":"https:\/\/www.part-oldalak.hu\/wordpress\/2026\/01\/25\/hova-menjek-kulturalis-programok-februarban\/","url":"https:\/\/www.part-oldalak.hu\/wordpress\/2026\/01\/25\/hova-menjek-kulturalis-programok-februarban\/","name":"Hova menjek? - Kultur\u00e1lis programok febru\u00e1rban - Part-Oldalak Kultur\u00e1lis Egylet","isPartOf":{"@id":"https:\/\/www.part-oldalak.hu\/wordpress\/#website"},"primaryImageOfPage":{"@id":"https:\/\/www.part-oldalak.hu\/wordpress\/2026\/01\/25\/hova-menjek-kulturalis-programok-februarban\/#primaryimage"},"image":{"@id":"https:\/\/www.part-oldalak.hu\/wordpress\/2026\/01\/25\/hova-menjek-kulturalis-programok-februarban\/#primaryimage"},"thumbnailUrl":"https:\/\/www.part-oldalak.hu\/wordpress\/wp-content\/uploads\/2026\/01\/7980-2303231234401548853.jpg","datePublished":"2026-01-25T19:06:29+00:00","dateModified":"2026-02-02T09:31:15+00:00","author":{"@id":"https:\/\/www.part-oldalak.hu\/wordpress\/#\/schema\/person\/9aa2a0ff3c787b06c77f1ef6ce61e06c"},"breadcrumb":{"@id":"https:\/\/www.part-oldalak.hu\/wordpress\/2026\/01\/25\/hova-menjek-kulturalis-programok-februarban\/#breadcrumb"},"inLanguage":"hu","potentialAction":[{"@type":"ReadAction","target":["https:\/\/www.part-oldalak.hu\/wordpress\/2026\/01\/25\/hova-menjek-kulturalis-programok-februarban\/"]}]},{"@type":"ImageObject","inLanguage":"hu","@id":"https:\/\/www.part-oldalak.hu\/wordpress\/2026\/01\/25\/hova-menjek-kulturalis-programok-februarban\/#primaryimage","url":"https:\/\/www.part-oldalak.hu\/wordpress\/wp-content\/uploads\/2026\/01\/7980-2303231234401548853.jpg","contentUrl":"https:\/\/www.part-oldalak.hu\/wordpress\/wp-content\/uploads\/2026\/01\/7980-2303231234401548853.jpg","width":800,"height":600},{"@type":"BreadcrumbList","@id":"https:\/\/www.part-oldalak.hu\/wordpress\/2026\/01\/25\/hova-menjek-kulturalis-programok-februarban\/#breadcrumb","itemListElement":[{"@type":"ListItem","position":1,"name":"Kezd\u0151lap","item":"https:\/\/www.part-oldalak.hu\/wordpress\/"},{"@type":"ListItem","position":2,"name":"Hova menjek? &#8211; Kultur\u00e1lis programok febru\u00e1rban"}]},{"@type":"WebSite","@id":"https:\/\/www.part-oldalak.hu\/wordpress\/#website","url":"https:\/\/www.part-oldalak.hu\/wordpress\/","name":"Part-Oldalak Kultur\u00e1lis Egylet","description":"","potentialAction":[{"@type":"SearchAction","target":{"@type":"EntryPoint","urlTemplate":"https:\/\/www.part-oldalak.hu\/wordpress\/?s={search_term_string}"},"query-input":{"@type":"PropertyValueSpecification","valueRequired":true,"valueName":"search_term_string"}}],"inLanguage":"hu"},{"@type":"Person","@id":"https:\/\/www.part-oldalak.hu\/wordpress\/#\/schema\/person\/9aa2a0ff3c787b06c77f1ef6ce61e06c","name":"Hesser Zolt\u00e1n","image":{"@type":"ImageObject","inLanguage":"hu","@id":"https:\/\/www.part-oldalak.hu\/wordpress\/#\/schema\/person\/image\/","url":"https:\/\/secure.gravatar.com\/avatar\/aa739f000ce1f18e22d3905bbec8bca7?s=96&d=mm&r=g","contentUrl":"https:\/\/secure.gravatar.com\/avatar\/aa739f000ce1f18e22d3905bbec8bca7?s=96&d=mm&r=g","caption":"Hesser Zolt\u00e1n"},"url":"https:\/\/www.part-oldalak.hu\/wordpress\/author\/hesser-zoli\/"}]}},"_links":{"self":[{"href":"https:\/\/www.part-oldalak.hu\/wordpress\/wp-json\/wp\/v2\/posts\/12827"}],"collection":[{"href":"https:\/\/www.part-oldalak.hu\/wordpress\/wp-json\/wp\/v2\/posts"}],"about":[{"href":"https:\/\/www.part-oldalak.hu\/wordpress\/wp-json\/wp\/v2\/types\/post"}],"author":[{"embeddable":true,"href":"https:\/\/www.part-oldalak.hu\/wordpress\/wp-json\/wp\/v2\/users\/16"}],"replies":[{"embeddable":true,"href":"https:\/\/www.part-oldalak.hu\/wordpress\/wp-json\/wp\/v2\/comments?post=12827"}],"version-history":[{"count":3,"href":"https:\/\/www.part-oldalak.hu\/wordpress\/wp-json\/wp\/v2\/posts\/12827\/revisions"}],"predecessor-version":[{"id":12845,"href":"https:\/\/www.part-oldalak.hu\/wordpress\/wp-json\/wp\/v2\/posts\/12827\/revisions\/12845"}],"wp:featuredmedia":[{"embeddable":true,"href":"https:\/\/www.part-oldalak.hu\/wordpress\/wp-json\/wp\/v2\/media\/12831"}],"wp:attachment":[{"href":"https:\/\/www.part-oldalak.hu\/wordpress\/wp-json\/wp\/v2\/media?parent=12827"}],"wp:term":[{"taxonomy":"category","embeddable":true,"href":"https:\/\/www.part-oldalak.hu\/wordpress\/wp-json\/wp\/v2\/categories?post=12827"},{"taxonomy":"post_tag","embeddable":true,"href":"https:\/\/www.part-oldalak.hu\/wordpress\/wp-json\/wp\/v2\/tags?post=12827"}],"curies":[{"name":"wp","href":"https:\/\/api.w.org\/{rel}","templated":true}]}}