{"id":12819,"date":"2026-01-23T11:09:20","date_gmt":"2026-01-23T10:09:20","guid":{"rendered":"https:\/\/www.part-oldalak.hu\/wordpress\/?p=12819"},"modified":"2026-02-02T10:31:45","modified_gmt":"2026-02-02T09:31:45","slug":"a-polgarmesteri-hivatal-legfrissebb-hirei","status":"publish","type":"post","link":"https:\/\/www.part-oldalak.hu\/wordpress\/2026\/01\/23\/a-polgarmesteri-hivatal-legfrissebb-hirei\/","title":{"rendered":"A Polg\u00e1rmesteri Hivatal legfrissebb h\u00edrei"},"content":{"rendered":"\n<h2 class=\"wp-block-heading\"><strong>Lakoss\u00e1gi t\u0171zifat\u00e1mogat\u00e1s rendk\u00edv\u00fcli int\u00e9zked\u00e9sek mellett<\/strong><\/h2>\n\n\n\n<p>A hat\u00e1lyos korm\u00e1nyrendelet \u00e9rtelm\u00e9ben a lakoss\u00e1g sz\u00e1m\u00e1ra ism\u00e9telten lehet\u0151s\u00e9g ny\u00edlik t\u0171zifat\u00e1mogat\u00e1s ig\u00e9nyl\u00e9s\u00e9re az \u00f6nkorm\u00e1nyzaton kereszt\u00fcl. A rendk\u00edv\u00fcl hideg id\u0151j\u00e1r\u00e1si k\u00f6r\u00fclm\u00e9nyekre tekintettel az \u00f6nkorm\u00e1nyzat \u2013 a jogszab\u00e1lyi keretek marad\u00e9ktalan betart\u00e1sa mellett \u2013 biztos\u00edtja, hogy valamennyi jogosult k\u00e9relmez\u0151 r\u00e9szes\u00fclhessen t\u00e1mogat\u00e1sban.<\/p>\n\n\n\n<p>Fontos hangs\u00falyozni, hogy a t\u00e1mogat\u00e1si rendszer nem helyi kezdem\u00e9nyez\u00e9s, hanem korm\u00e1nyzati szinten meghozott d\u00f6nt\u00e9sen alapul. A jogszab\u00e1ly v\u00e9grehajt\u00e1sa \u00e9rdek\u00e9ben a polg\u00e1rmester k\u00fcl\u00f6n utas\u00edt\u00e1st ad ki, amelyben a hivatalt arra k\u00f6telezi, hogy a helyi szoci\u00e1lis rendeletben foglaltak szerint, a t\u0171zif\u00e1ra vonatkoz\u00f3 t\u00e1mogat\u00e1si szab\u00e1lyok alkalmaz\u00e1s\u00e1val j\u00e1rjon el.<\/p>\n\n\n\n<p>Az int\u00e9zked\u00e9s az\u00e9rt ig\u00e9nyel polg\u00e1rmesteri utas\u00edt\u00e1st, mert a szoci\u00e1lis rendelet \u00e9rtelm\u00e9ben egy f\u0151 egy f\u0171t\u00e9si id\u00e9nyen bel\u00fcl csup\u00e1n egy alkalommal jogosult ilyen jelleg\u0171 t\u00e1mogat\u00e1sra. Mivel a 2025. \u00e9v v\u00e9g\u00e9n mintegy k\u00e9tsz\u00e1z f\u0151 m\u00e1r r\u00e9szes\u00fclt szoci\u00e1lis t\u0171zif\u00e1ban, \u00e9s tov\u00e1bbra is ugyanabban a f\u0171t\u00e9si id\u00e9nyben j\u00e1runk, ezen szem\u00e9lyek alapesetben nem lenn\u00e9nek jogosultak \u00fajabb t\u00e1mogat\u00e1sra. A korm\u00e1nyrendelet azonban indokoltt\u00e1 teszi, hogy az \u00f6nkorm\u00e1nyzat olyan megold\u00e1st alkalmazzon, amely lehet\u0151v\u00e9 teszi sz\u00e1mukra az \u00fajb\u00f3li t\u00e1mogat\u00e1s ig\u00e9nybev\u00e9tel\u00e9t.<\/p>\n\n\n\n<h2 class=\"wp-block-heading\"><strong>Z\u00e1rtkertek kivon\u00e1s\u00e1nak lehet\u0151s\u00e9ge Dunaf\u00f6ldv\u00e1ron<\/strong><\/h2>\n\n\n\n<p>Az \u00f6nkorm\u00e1nyzathoz rendszeresen \u00e9rkeznek lakoss\u00e1gi megkeres\u00e9sek a z\u00e1rtkertek m\u0171vel\u00e9si \u00e1g al\u00f3li kivon\u00e1s\u00e1nak lehet\u0151s\u00e9g\u00e9r\u0151l. Ennek jogszab\u00e1lyi felt\u00e9tele, hogy az \u00f6nkorm\u00e1nyzat rendeletben r\u00f6gz\u00edtse azon helyrajzi sz\u00e1mokat, ahol kedvezm\u00e9nyes, illetve gyors\u00edtott elj\u00e1r\u00e1s keret\u00e9ben lehets\u00e9ges a z\u00e1rt kert st\u00e1tusz megsz\u00fcntet\u00e9se. Az ilyen elj\u00e1r\u00e1s lehet\u0151s\u00e9get adna arra is, hogy az \u00e9rintett ter\u00fcletek k\u00fclter\u00fcleti besorol\u00e1sb\u00f3l belter\u00fclett\u00e9 v\u00e1ljanak, valamint a f\u00f6ldhivatali \u00fcgyint\u00e9z\u00e9s is jelent\u0151sen felgyorsuljon.<\/p>\n\n\n\n<p>Dunaf\u00f6ldv\u00e1r k\u00e9pvisel\u0151-test\u00fclete azonban jelenleg nem alkotott ilyen rendeletet, \u00edgy a z\u00e1rtkertek kivon\u00e1s\u00e1ra a telep\u00fcl\u00e9sen jelenleg nincs lehet\u0151s\u00e9g. Az \u00f6nkorm\u00e1nyzat a lakoss\u00e1g folyamatos t\u00e1j\u00e9koztat\u00e1sa \u00e9rdek\u00e9ben tartja fontosnak ezen inform\u00e1ci\u00f3 ism\u00e9telt k\u00f6zl\u00e9s\u00e9t.<\/p>\n\n\n\n<h2 class=\"wp-block-heading\"><strong>K\u00f6zmeghallgat\u00e1s id\u0151pontja \u00e9s r\u00e9szv\u00e9teli lehet\u0151s\u00e9gek<\/strong><\/h2>\n\n\n\n<p>A soron k\u00f6vetkez\u0151 k\u00f6zmeghallgat\u00e1s id\u0151pontja 2026. febru\u00e1r 3., kedd, tervezetten 18:00 \u00f3rakor. Az esem\u00e9nynek a megszokott m\u00f3don a nagyterem ad otthont. A szem\u00e9lyes jelenl\u00e9t mellett tov\u00e1bbra is biztos\u00edtott lesz a telefonos k\u00e9rdez\u00e9si lehet\u0151s\u00e9g, a kor\u00e1bbi gyakorlatnak megfelel\u0151en.<\/p>\n\n\n\n<h2 class=\"wp-block-heading\"><strong>Civil szervezetek elsz\u00e1mol\u00e1si \u00e9s t\u00e1mogat\u00e1si hat\u00e1rid\u0151i<\/strong><\/h2>\n\n\n\n<p>A civil szervezetek sz\u00e1m\u00e1ra kiemelten fontos hat\u00e1rid\u0151 k\u00f6zeleg: a 2025. \u00e9vre vonatkoz\u00f3 t\u00e1mogat\u00e1sok elsz\u00e1mol\u00e1s\u00e1t, valamint a 2026. \u00e9vre ig\u00e9nyelt t\u00e1mogat\u00e1si k\u00e9relmek beny\u00fajt\u00e1s\u00e1t legk\u00e9s\u0151bb 2026. janu\u00e1r 31-ig kell teljes\u00edteni. A hat\u00e1rid\u0151 mindk\u00e9t k\u00f6telezetts\u00e9g eset\u00e9ben azonos.<\/p>\n\n\n\n<h2 class=\"wp-block-heading\"><strong>K\u00e9pvisel\u0151-test\u00fcleti \u00e9s bizotts\u00e1gi \u00fcl\u00e9sek id\u0151pontjai<\/strong><\/h2>\n\n\n\n<p>A k\u00e9pvisel\u0151-test\u00fclet k\u00f6vetkez\u0151 \u00fcl\u00e9se 2026. febru\u00e1r 17-\u00e9n lesz. Az \u00fcl\u00e9st megel\u0151z\u0151en, febru\u00e1r 3-\u00e1n tartj\u00e1k meg a bizotts\u00e1gi \u00fcl\u00e9seket.<\/p>\n\n\n\n<h2 class=\"wp-block-heading\"><strong>Lakoss\u00e1gi k\u00f6telezetts\u00e9gek \u00e9s k\u00f6zter\u00fcleti rend<\/strong><\/h2>\n\n\n\n<p><strong>S\u00edkoss\u00e1gmentes\u00edt\u00e9s<\/strong><\/p>\n\n\n\n<p>A hat\u00e1lyos szab\u00e1lyoz\u00e1s \u00e9rtelm\u00e9ben az ingatlan el\u0151tti j\u00e1rdaszakasz s\u00edkoss\u00e1gmentes\u00edt\u00e9se az ingatlan tulajdonos\u00e1nak, m\u00edg \u00fczlethelyis\u00e9gek eset\u00e9ben az \u00fczlettulajdonosnak a k\u00f6telezetts\u00e9ge.<\/p>\n\n\n\n<p><strong>K\u00f3bor \u00e1llatok<\/strong><\/p>\n\n\n\n<p>Az \u00f6nkorm\u00e1nyzat k\u00e9ri a lakoss\u00e1got, hogy fokozott figyelemmel gondoskodjanak h\u00e1zi\u00e1llataik \u2013 k\u00fcl\u00f6n\u00f6sen a kuty\u00e1k \u2013 k\u00f6zter\u00fcletre jut\u00e1s\u00e1nak megakad\u00e1lyoz\u00e1s\u00e1r\u00f3l.<\/p>\n\n\n\n<p><strong>Hullad\u00e9kkezel\u00e9s<\/strong><\/p>\n\n\n\n<p>Kiemelten fontos az illeg\u00e1lis hullad\u00e9klerak\u00e1s elker\u00fcl\u00e9se. Az \u00f6nkorm\u00e1nyzat k\u00e9ri a lakoss\u00e1got a hullad\u00e9k jogszer\u0171, megfelel\u0151 m\u00f3don t\u00f6rt\u00e9n\u0151 kezel\u00e9s\u00e9re \u00e9s t\u00e1rol\u00e1s\u00e1ra.<\/p>\n\n\n\n<p><strong>A fenti probl\u00e9m\u00e1k \u00e9szlel\u00e9se eset\u00e9n a lakoss\u00e1got arra k\u00e9rik, hogy halad\u00e9ktalanul forduljanak a k\u00f6zter\u00fclet-fel\u00fcgyel\u0151h\u00f6z.<\/strong><\/p>\n\n\n\n<h2 class=\"wp-block-heading\"><strong>Hivatalos \u00fcgyint\u00e9z\u00e9s \u00e9s kommunik\u00e1ci\u00f3s csatorn\u00e1k<\/strong><\/h2>\n\n\n\n<p>Az \u00f6nkorm\u00e1nyzat tisztelettel k\u00e9ri a lakoss\u00e1got, hogy fennakad\u00e1saikat, probl\u00e9m\u00e1ikat ne k\u00f6z\u00f6ss\u00e9gi m\u00e9diafel\u00fcleteken jelezz\u00e9k, mivel ezek nem min\u0151s\u00fclnek hivatalos \u00fcgyint\u00e9z\u00e9si csatorn\u00e1nak. A hivatal minden bejelent\u00e9sre t\u00f6rekszik megold\u00e1st tal\u00e1lni, ehhez azonban elengedhetetlen, hogy az \u00e9szrev\u00e9teleket a megfelel\u0151, erre alkalmas platformokon ny\u00fajts\u00e1k be.<\/p>\n\n\n\n<p>A sz\u00fcks\u00e9ges el\u00e9rhet\u0151s\u00e9gek \u2013 k\u00f6zponti telefonsz\u00e1m, e-mail c\u00edmek, valamint az \u00fcgyf\u00e9lkapus \u00fcgyint\u00e9z\u00e9s lehet\u0151s\u00e9ge \u2013 Dunaf\u00f6ldv\u00e1r v\u00e1ros hivatalos honlapj\u00e1n \u00e9rhet\u0151k el: <a href=\"http:\/\/www.dunafoldvar.hu\">www.dunafoldvar.hu<\/a>.<\/p>\n\n\n\n<h2 class=\"wp-block-heading\"><strong>\u00dcgyf\u00e9lszolg\u00e1lati t\u00e9r fejleszt\u00e9se a v\u00e1rosh\u00e1z\u00e1n<\/strong><\/h2>\n\n\n\n<p>A jegyz\u0151 kiemelt fontoss\u00e1g\u00fanak tekinti, hogy a v\u00e1rosh\u00e1za \u00e9p\u00fclet\u00e9nek fejleszt\u00e9sei \u00e9s fel\u00faj\u00edt\u00e1sai mellett az \u00fcgyf\u00e9lfogad\u00e1s k\u00f6rnyezete is m\u00e9lt\u00f3 legyen a hivatalhoz \u00e9s a telep\u00fcl\u00e9shez. M\u00e1r a kor\u00e1bbi \u00e9vben felmer\u00fclt az ig\u00e9ny, \u00edgy a hivatal \u00fcgyfelfogad\u00f3 ter\u00e9nek tervez\u00e9se \u00e9s megval\u00f3s\u00edt\u00e1sa a 2026. \u00e9vi k\u00f6lts\u00e9gvet\u00e9sben rem\u00e9lhet\u0151leg teret kap.<\/p>\n\n\n\n<h2 class=\"wp-block-heading\"><strong>\u00c9rdekess\u00e9gek \u00e9s aktu\u00e1lis esem\u00e9nyek<\/strong><\/h2>\n\n\n\n<ul class=\"wp-block-list\">\n<li>2025. janu\u00e1r 22-\u00e9n Oszk\u00e1r atya meg\u00e1ldotta az \u00f6nkorm\u00e1nyzat \u00e9p\u00fclet\u00e9t.<\/li>\n\n\n\n<li>Folyamatban van az 1956-os forradalom eml\u00e9km\u0171v\u00e9nek elk\u00e9sz\u00edt\u00e9se, amely az \u00f6nkorm\u00e1nyzat \u00e9p\u00fclet\u00e9nek R\u00e1k\u00f3czi utcai homlokzati fal\u00e1n kap majd helyet.<\/li>\n<\/ul>\n","protected":false},"excerpt":{"rendered":"<p>\u00d6ssze\u00e1ll\u00edt\u00e1sunkban a Polg\u00e1rmesteri Hivatal e heti legfontosabb h\u00edrei olvashat\u00f3k.<\/p>\n","protected":false},"author":14,"featured_media":12653,"comment_status":"open","ping_status":"open","sticky":false,"template":"","format":"standard","meta":{"_monsterinsights_skip_tracking":false,"_monsterinsights_sitenote_active":false,"_monsterinsights_sitenote_note":"","_monsterinsights_sitenote_category":0,"footnotes":""},"categories":[1,42],"tags":[43],"class_list":["post-12819","post","type-post","status-publish","format-standard","has-post-thumbnail","hentry","category-mozaik","category-onkormanyzat","tag-onkormanyzat"],"aioseo_notices":[],"yoast_head":"<!-- This site is optimized with the Yoast SEO plugin v25.6 - https:\/\/yoast.com\/wordpress\/plugins\/seo\/ -->\n<title>A Polg\u00e1rmesteri Hivatal legfrissebb h\u00edrei - Part-Oldalak Kultur\u00e1lis Egylet<\/title>\n<meta name=\"robots\" content=\"index, follow, max-snippet:-1, max-image-preview:large, max-video-preview:-1\" \/>\n<link rel=\"canonical\" href=\"https:\/\/www.part-oldalak.hu\/wordpress\/2026\/01\/23\/a-polgarmesteri-hivatal-legfrissebb-hirei\/\" \/>\n<meta property=\"og:locale\" content=\"hu_HU\" \/>\n<meta property=\"og:type\" content=\"article\" \/>\n<meta property=\"og:title\" content=\"A Polg\u00e1rmesteri Hivatal legfrissebb h\u00edrei - Part-Oldalak Kultur\u00e1lis Egylet\" \/>\n<meta property=\"og:description\" content=\"\u00d6ssze\u00e1ll\u00edt\u00e1sunkban a Polg\u00e1rmesteri Hivatal e heti legfontosabb h\u00edrei olvashat\u00f3k.\" \/>\n<meta property=\"og:url\" content=\"https:\/\/www.part-oldalak.hu\/wordpress\/2026\/01\/23\/a-polgarmesteri-hivatal-legfrissebb-hirei\/\" \/>\n<meta property=\"og:site_name\" content=\"Part-Oldalak Kultur\u00e1lis Egylet\" \/>\n<meta property=\"article:published_time\" content=\"2026-01-23T10:09:20+00:00\" \/>\n<meta property=\"article:modified_time\" content=\"2026-02-02T09:31:45+00:00\" \/>\n<meta property=\"og:image\" content=\"https:\/\/www.part-oldalak.hu\/wordpress\/wp-content\/uploads\/2025\/10\/04913590bb07440e8fa29dc7b4c1b02f.jpg\" \/>\n\t<meta property=\"og:image:width\" content=\"1347\" \/>\n\t<meta property=\"og:image:height\" content=\"758\" \/>\n\t<meta property=\"og:image:type\" content=\"image\/jpeg\" \/>\n<meta name=\"author\" content=\"Leibinger Anita\" \/>\n<meta name=\"twitter:card\" content=\"summary_large_image\" \/>\n<meta name=\"twitter:label1\" content=\"Szerz\u0151:\" \/>\n\t<meta name=\"twitter:data1\" content=\"Leibinger Anita\" \/>\n\t<meta name=\"twitter:label2\" content=\"Becs\u00fclt olvas\u00e1si id\u0151\" \/>\n\t<meta name=\"twitter:data2\" content=\"4 perc\" \/>\n<script type=\"application\/ld+json\" class=\"yoast-schema-graph\">{\"@context\":\"https:\/\/schema.org\",\"@graph\":[{\"@type\":\"WebPage\",\"@id\":\"https:\/\/www.part-oldalak.hu\/wordpress\/2026\/01\/23\/a-polgarmesteri-hivatal-legfrissebb-hirei\/\",\"url\":\"https:\/\/www.part-oldalak.hu\/wordpress\/2026\/01\/23\/a-polgarmesteri-hivatal-legfrissebb-hirei\/\",\"name\":\"A Polg\u00e1rmesteri Hivatal legfrissebb h\u00edrei - Part-Oldalak Kultur\u00e1lis Egylet\",\"isPartOf\":{\"@id\":\"https:\/\/www.part-oldalak.hu\/wordpress\/#website\"},\"primaryImageOfPage\":{\"@id\":\"https:\/\/www.part-oldalak.hu\/wordpress\/2026\/01\/23\/a-polgarmesteri-hivatal-legfrissebb-hirei\/#primaryimage\"},\"image\":{\"@id\":\"https:\/\/www.part-oldalak.hu\/wordpress\/2026\/01\/23\/a-polgarmesteri-hivatal-legfrissebb-hirei\/#primaryimage\"},\"thumbnailUrl\":\"https:\/\/www.part-oldalak.hu\/wordpress\/wp-content\/uploads\/2025\/10\/04913590bb07440e8fa29dc7b4c1b02f.jpg\",\"datePublished\":\"2026-01-23T10:09:20+00:00\",\"dateModified\":\"2026-02-02T09:31:45+00:00\",\"author\":{\"@id\":\"https:\/\/www.part-oldalak.hu\/wordpress\/#\/schema\/person\/c467c61afc645940f7ebfc73d4432e33\"},\"breadcrumb\":{\"@id\":\"https:\/\/www.part-oldalak.hu\/wordpress\/2026\/01\/23\/a-polgarmesteri-hivatal-legfrissebb-hirei\/#breadcrumb\"},\"inLanguage\":\"hu\",\"potentialAction\":[{\"@type\":\"ReadAction\",\"target\":[\"https:\/\/www.part-oldalak.hu\/wordpress\/2026\/01\/23\/a-polgarmesteri-hivatal-legfrissebb-hirei\/\"]}]},{\"@type\":\"ImageObject\",\"inLanguage\":\"hu\",\"@id\":\"https:\/\/www.part-oldalak.hu\/wordpress\/2026\/01\/23\/a-polgarmesteri-hivatal-legfrissebb-hirei\/#primaryimage\",\"url\":\"https:\/\/www.part-oldalak.hu\/wordpress\/wp-content\/uploads\/2025\/10\/04913590bb07440e8fa29dc7b4c1b02f.jpg\",\"contentUrl\":\"https:\/\/www.part-oldalak.hu\/wordpress\/wp-content\/uploads\/2025\/10\/04913590bb07440e8fa29dc7b4c1b02f.jpg\",\"width\":1347,\"height\":758},{\"@type\":\"BreadcrumbList\",\"@id\":\"https:\/\/www.part-oldalak.hu\/wordpress\/2026\/01\/23\/a-polgarmesteri-hivatal-legfrissebb-hirei\/#breadcrumb\",\"itemListElement\":[{\"@type\":\"ListItem\",\"position\":1,\"name\":\"Kezd\u0151lap\",\"item\":\"https:\/\/www.part-oldalak.hu\/wordpress\/\"},{\"@type\":\"ListItem\",\"position\":2,\"name\":\"A Polg\u00e1rmesteri Hivatal legfrissebb h\u00edrei\"}]},{\"@type\":\"WebSite\",\"@id\":\"https:\/\/www.part-oldalak.hu\/wordpress\/#website\",\"url\":\"https:\/\/www.part-oldalak.hu\/wordpress\/\",\"name\":\"Part-Oldalak Kultur\u00e1lis Egylet\",\"description\":\"\",\"potentialAction\":[{\"@type\":\"SearchAction\",\"target\":{\"@type\":\"EntryPoint\",\"urlTemplate\":\"https:\/\/www.part-oldalak.hu\/wordpress\/?s={search_term_string}\"},\"query-input\":{\"@type\":\"PropertyValueSpecification\",\"valueRequired\":true,\"valueName\":\"search_term_string\"}}],\"inLanguage\":\"hu\"},{\"@type\":\"Person\",\"@id\":\"https:\/\/www.part-oldalak.hu\/wordpress\/#\/schema\/person\/c467c61afc645940f7ebfc73d4432e33\",\"name\":\"Leibinger Anita\",\"image\":{\"@type\":\"ImageObject\",\"inLanguage\":\"hu\",\"@id\":\"https:\/\/www.part-oldalak.hu\/wordpress\/#\/schema\/person\/image\/\",\"url\":\"https:\/\/secure.gravatar.com\/avatar\/a42546499ceb0091c8d0759b8f8f51ac?s=96&d=mm&r=g\",\"contentUrl\":\"https:\/\/secure.gravatar.com\/avatar\/a42546499ceb0091c8d0759b8f8f51ac?s=96&d=mm&r=g\",\"caption\":\"Leibinger Anita\"},\"url\":\"https:\/\/www.part-oldalak.hu\/wordpress\/author\/leibinger-anita\/\"}]}<\/script>\n<!-- \/ Yoast SEO plugin. -->","yoast_head_json":{"title":"A Polg\u00e1rmesteri Hivatal legfrissebb h\u00edrei - Part-Oldalak Kultur\u00e1lis Egylet","robots":{"index":"index","follow":"follow","max-snippet":"max-snippet:-1","max-image-preview":"max-image-preview:large","max-video-preview":"max-video-preview:-1"},"canonical":"https:\/\/www.part-oldalak.hu\/wordpress\/2026\/01\/23\/a-polgarmesteri-hivatal-legfrissebb-hirei\/","og_locale":"hu_HU","og_type":"article","og_title":"A Polg\u00e1rmesteri Hivatal legfrissebb h\u00edrei - Part-Oldalak Kultur\u00e1lis Egylet","og_description":"\u00d6ssze\u00e1ll\u00edt\u00e1sunkban a Polg\u00e1rmesteri Hivatal e heti legfontosabb h\u00edrei olvashat\u00f3k.","og_url":"https:\/\/www.part-oldalak.hu\/wordpress\/2026\/01\/23\/a-polgarmesteri-hivatal-legfrissebb-hirei\/","og_site_name":"Part-Oldalak Kultur\u00e1lis Egylet","article_published_time":"2026-01-23T10:09:20+00:00","article_modified_time":"2026-02-02T09:31:45+00:00","og_image":[{"width":1347,"height":758,"url":"https:\/\/www.part-oldalak.hu\/wordpress\/wp-content\/uploads\/2025\/10\/04913590bb07440e8fa29dc7b4c1b02f.jpg","type":"image\/jpeg"}],"author":"Leibinger Anita","twitter_card":"summary_large_image","twitter_misc":{"Szerz\u0151:":"Leibinger Anita","Becs\u00fclt olvas\u00e1si id\u0151":"4 perc"},"schema":{"@context":"https:\/\/schema.org","@graph":[{"@type":"WebPage","@id":"https:\/\/www.part-oldalak.hu\/wordpress\/2026\/01\/23\/a-polgarmesteri-hivatal-legfrissebb-hirei\/","url":"https:\/\/www.part-oldalak.hu\/wordpress\/2026\/01\/23\/a-polgarmesteri-hivatal-legfrissebb-hirei\/","name":"A Polg\u00e1rmesteri Hivatal legfrissebb h\u00edrei - Part-Oldalak Kultur\u00e1lis Egylet","isPartOf":{"@id":"https:\/\/www.part-oldalak.hu\/wordpress\/#website"},"primaryImageOfPage":{"@id":"https:\/\/www.part-oldalak.hu\/wordpress\/2026\/01\/23\/a-polgarmesteri-hivatal-legfrissebb-hirei\/#primaryimage"},"image":{"@id":"https:\/\/www.part-oldalak.hu\/wordpress\/2026\/01\/23\/a-polgarmesteri-hivatal-legfrissebb-hirei\/#primaryimage"},"thumbnailUrl":"https:\/\/www.part-oldalak.hu\/wordpress\/wp-content\/uploads\/2025\/10\/04913590bb07440e8fa29dc7b4c1b02f.jpg","datePublished":"2026-01-23T10:09:20+00:00","dateModified":"2026-02-02T09:31:45+00:00","author":{"@id":"https:\/\/www.part-oldalak.hu\/wordpress\/#\/schema\/person\/c467c61afc645940f7ebfc73d4432e33"},"breadcrumb":{"@id":"https:\/\/www.part-oldalak.hu\/wordpress\/2026\/01\/23\/a-polgarmesteri-hivatal-legfrissebb-hirei\/#breadcrumb"},"inLanguage":"hu","potentialAction":[{"@type":"ReadAction","target":["https:\/\/www.part-oldalak.hu\/wordpress\/2026\/01\/23\/a-polgarmesteri-hivatal-legfrissebb-hirei\/"]}]},{"@type":"ImageObject","inLanguage":"hu","@id":"https:\/\/www.part-oldalak.hu\/wordpress\/2026\/01\/23\/a-polgarmesteri-hivatal-legfrissebb-hirei\/#primaryimage","url":"https:\/\/www.part-oldalak.hu\/wordpress\/wp-content\/uploads\/2025\/10\/04913590bb07440e8fa29dc7b4c1b02f.jpg","contentUrl":"https:\/\/www.part-oldalak.hu\/wordpress\/wp-content\/uploads\/2025\/10\/04913590bb07440e8fa29dc7b4c1b02f.jpg","width":1347,"height":758},{"@type":"BreadcrumbList","@id":"https:\/\/www.part-oldalak.hu\/wordpress\/2026\/01\/23\/a-polgarmesteri-hivatal-legfrissebb-hirei\/#breadcrumb","itemListElement":[{"@type":"ListItem","position":1,"name":"Kezd\u0151lap","item":"https:\/\/www.part-oldalak.hu\/wordpress\/"},{"@type":"ListItem","position":2,"name":"A Polg\u00e1rmesteri Hivatal legfrissebb h\u00edrei"}]},{"@type":"WebSite","@id":"https:\/\/www.part-oldalak.hu\/wordpress\/#website","url":"https:\/\/www.part-oldalak.hu\/wordpress\/","name":"Part-Oldalak Kultur\u00e1lis Egylet","description":"","potentialAction":[{"@type":"SearchAction","target":{"@type":"EntryPoint","urlTemplate":"https:\/\/www.part-oldalak.hu\/wordpress\/?s={search_term_string}"},"query-input":{"@type":"PropertyValueSpecification","valueRequired":true,"valueName":"search_term_string"}}],"inLanguage":"hu"},{"@type":"Person","@id":"https:\/\/www.part-oldalak.hu\/wordpress\/#\/schema\/person\/c467c61afc645940f7ebfc73d4432e33","name":"Leibinger Anita","image":{"@type":"ImageObject","inLanguage":"hu","@id":"https:\/\/www.part-oldalak.hu\/wordpress\/#\/schema\/person\/image\/","url":"https:\/\/secure.gravatar.com\/avatar\/a42546499ceb0091c8d0759b8f8f51ac?s=96&d=mm&r=g","contentUrl":"https:\/\/secure.gravatar.com\/avatar\/a42546499ceb0091c8d0759b8f8f51ac?s=96&d=mm&r=g","caption":"Leibinger Anita"},"url":"https:\/\/www.part-oldalak.hu\/wordpress\/author\/leibinger-anita\/"}]}},"_links":{"self":[{"href":"https:\/\/www.part-oldalak.hu\/wordpress\/wp-json\/wp\/v2\/posts\/12819"}],"collection":[{"href":"https:\/\/www.part-oldalak.hu\/wordpress\/wp-json\/wp\/v2\/posts"}],"about":[{"href":"https:\/\/www.part-oldalak.hu\/wordpress\/wp-json\/wp\/v2\/types\/post"}],"author":[{"embeddable":true,"href":"https:\/\/www.part-oldalak.hu\/wordpress\/wp-json\/wp\/v2\/users\/14"}],"replies":[{"embeddable":true,"href":"https:\/\/www.part-oldalak.hu\/wordpress\/wp-json\/wp\/v2\/comments?post=12819"}],"version-history":[{"count":5,"href":"https:\/\/www.part-oldalak.hu\/wordpress\/wp-json\/wp\/v2\/posts\/12819\/revisions"}],"predecessor-version":[{"id":12846,"href":"https:\/\/www.part-oldalak.hu\/wordpress\/wp-json\/wp\/v2\/posts\/12819\/revisions\/12846"}],"wp:featuredmedia":[{"embeddable":true,"href":"https:\/\/www.part-oldalak.hu\/wordpress\/wp-json\/wp\/v2\/media\/12653"}],"wp:attachment":[{"href":"https:\/\/www.part-oldalak.hu\/wordpress\/wp-json\/wp\/v2\/media?parent=12819"}],"wp:term":[{"taxonomy":"category","embeddable":true,"href":"https:\/\/www.part-oldalak.hu\/wordpress\/wp-json\/wp\/v2\/categories?post=12819"},{"taxonomy":"post_tag","embeddable":true,"href":"https:\/\/www.part-oldalak.hu\/wordpress\/wp-json\/wp\/v2\/tags?post=12819"}],"curies":[{"name":"wp","href":"https:\/\/api.w.org\/{rel}","templated":true}]}}