{"id":11593,"date":"2024-11-15T17:06:52","date_gmt":"2024-11-15T16:06:52","guid":{"rendered":"https:\/\/www.part-oldalak.hu\/wordpress\/?p=11593"},"modified":"2024-11-15T18:50:27","modified_gmt":"2024-11-15T17:50:27","slug":"viragzott-a-tsz","status":"publish","type":"post","link":"https:\/\/www.part-oldalak.hu\/wordpress\/2024\/11\/15\/viragzott-a-tsz\/","title":{"rendered":"Vir\u00e1gzott a Tsz"},"content":{"rendered":"\n<p>Dunaf\u00f6ldv\u00e1r egykor fontos k\u00f6zpontja volt a magyar mez\u0151gazdas\u00e1gi termel\u00e9snek. Az<br>1950-es \u00e9vekben l\u00e9trej\u00f6tt Dunaf\u00f6ldv\u00e1ri Termel\u0151sz\u00f6vetkezet (Tsz) \u2013 a k\u00e9s\u0151bb<br>Vir\u00e1gz\u00f3 Tsz n\u00e9ven ismert gazdas\u00e1g \u2013 meghat\u00e1roz\u00f3 szerepl\u0151je lett a helyi<br>mez\u0151gazdas\u00e1gnak, melynek tev\u00e9kenys\u00e9ge szorosan kapcsol\u00f3dott a f\u00f6ldm\u0171vel\u00e9s \u00e9s<br>\u00e1llatteny\u00e9szt\u00e9s hagyom\u00e1nyaihoz. <strong>A Tsz munk\u00e1j\u00e1nak n\u00e9h\u00e1ny jellemz\u0151 jelenet\u00e9t a<br>\u201cUtol\u00e9rni az id\u0151t\u201d c\u00edm\u0171 dokumentumfilm is meg\u00f6r\u00f6k\u00edtette 1963-ban, bemutatva a<br>gazdas\u00e1g mindennapjait \u00e9s a tavaszi munk\u00e1k kih\u00edv\u00e1sait.<\/strong><\/p>\n\n\n\n<figure class=\"wp-block-image aligncenter size-large\"><img decoding=\"async\" width=\"1024\" height=\"576\" data-src=\"https:\/\/www.part-oldalak.hu\/wordpress\/wp-content\/uploads\/2024\/11\/Kepernyofelvetel-221-1024x576.png\" alt=\"\" class=\"wp-image-11585 lazyload\" data-srcset=\"https:\/\/www.part-oldalak.hu\/wordpress\/wp-content\/uploads\/2024\/11\/Kepernyofelvetel-221-1024x576.png 1024w, https:\/\/www.part-oldalak.hu\/wordpress\/wp-content\/uploads\/2024\/11\/Kepernyofelvetel-221-300x169.png 300w, https:\/\/www.part-oldalak.hu\/wordpress\/wp-content\/uploads\/2024\/11\/Kepernyofelvetel-221-768x432.png 768w, https:\/\/www.part-oldalak.hu\/wordpress\/wp-content\/uploads\/2024\/11\/Kepernyofelvetel-221-1536x864.png 1536w, https:\/\/www.part-oldalak.hu\/wordpress\/wp-content\/uploads\/2024\/11\/Kepernyofelvetel-221.png 1920w\" data-sizes=\"(max-width: 1024px) 100vw, 1024px\" src=\"data:image\/svg+xml;base64,PHN2ZyB3aWR0aD0iMSIgaGVpZ2h0PSIxIiB4bWxucz0iaHR0cDovL3d3dy53My5vcmcvMjAwMC9zdmciPjwvc3ZnPg==\" style=\"--smush-placeholder-width: 1024px; --smush-placeholder-aspect-ratio: 1024\/576;\" \/><\/figure>\n\n\n\n<p><br>A Vir\u00e1gz\u00f3 Tsz-ben \u2013 amint a film is bemutatja \u2013 a teljes n\u00f6v\u00e9nytermeszt\u0151 brig\u00e1d a<br>burgonyavet\u00e9sn\u00e9l dolgozott, ami komoly csapatmunk\u00e1t \u00e9s szervezetts\u00e9get ig\u00e9nyelt.<br>Az egyszer\u0171, h\u00e1zilag k\u00e9sz\u00edtett sorvet\u0151vel biztos\u00edtott\u00e1k a vet\u00e9si sort\u00e1vols\u00e1g<br>egyenletess\u00e9g\u00e9t, amelyet a korabeli eszk\u00f6z\u00f6k haszn\u00e1lat\u00e1val \u00e9rtek el. A<br>termel\u0151sz\u00f6vetkezet vezet\u0151s\u00e9ge sz\u00fcks\u00e9g eset\u00e9n m\u00e1s brig\u00e1dokb\u00f3l is \u00e1tcsoportos\u00edtotta<br>a munkaer\u0151t, hogy a k\u00e9sedelmet cs\u00f6kkenthess\u00e9k \u00e9s a vet\u00e9s id\u0151ben<br>befejez\u0151dhessen.<\/p>\n\n\n\n<figure class=\"wp-block-image aligncenter size-large\"><img decoding=\"async\" width=\"1024\" height=\"576\" data-src=\"https:\/\/www.part-oldalak.hu\/wordpress\/wp-content\/uploads\/2024\/11\/Kepernyofelvetel-237-1024x576.png\" alt=\"\" class=\"wp-image-11590 lazyload\" data-srcset=\"https:\/\/www.part-oldalak.hu\/wordpress\/wp-content\/uploads\/2024\/11\/Kepernyofelvetel-237-1024x576.png 1024w, https:\/\/www.part-oldalak.hu\/wordpress\/wp-content\/uploads\/2024\/11\/Kepernyofelvetel-237-300x169.png 300w, https:\/\/www.part-oldalak.hu\/wordpress\/wp-content\/uploads\/2024\/11\/Kepernyofelvetel-237-768x432.png 768w, https:\/\/www.part-oldalak.hu\/wordpress\/wp-content\/uploads\/2024\/11\/Kepernyofelvetel-237-1536x864.png 1536w, https:\/\/www.part-oldalak.hu\/wordpress\/wp-content\/uploads\/2024\/11\/Kepernyofelvetel-237.png 1920w\" data-sizes=\"(max-width: 1024px) 100vw, 1024px\" src=\"data:image\/svg+xml;base64,PHN2ZyB3aWR0aD0iMSIgaGVpZ2h0PSIxIiB4bWxucz0iaHR0cDovL3d3dy53My5vcmcvMjAwMC9zdmciPjwvc3ZnPg==\" style=\"--smush-placeholder-width: 1024px; --smush-placeholder-aspect-ratio: 1024\/576;\" \/><\/figure>\n\n\n\n<figure class=\"wp-block-image aligncenter size-large\"><img decoding=\"async\" width=\"1024\" height=\"576\" data-src=\"https:\/\/www.part-oldalak.hu\/wordpress\/wp-content\/uploads\/2024\/11\/Kepernyofelvetel-228-1024x576.png\" alt=\"\" class=\"wp-image-11587 lazyload\" data-srcset=\"https:\/\/www.part-oldalak.hu\/wordpress\/wp-content\/uploads\/2024\/11\/Kepernyofelvetel-228-1024x576.png 1024w, https:\/\/www.part-oldalak.hu\/wordpress\/wp-content\/uploads\/2024\/11\/Kepernyofelvetel-228-300x169.png 300w, https:\/\/www.part-oldalak.hu\/wordpress\/wp-content\/uploads\/2024\/11\/Kepernyofelvetel-228-768x432.png 768w, https:\/\/www.part-oldalak.hu\/wordpress\/wp-content\/uploads\/2024\/11\/Kepernyofelvetel-228-1536x864.png 1536w, https:\/\/www.part-oldalak.hu\/wordpress\/wp-content\/uploads\/2024\/11\/Kepernyofelvetel-228.png 1920w\" data-sizes=\"(max-width: 1024px) 100vw, 1024px\" src=\"data:image\/svg+xml;base64,PHN2ZyB3aWR0aD0iMSIgaGVpZ2h0PSIxIiB4bWxucz0iaHR0cDovL3d3dy53My5vcmcvMjAwMC9zdmciPjwvc3ZnPg==\" style=\"--smush-placeholder-width: 1024px; --smush-placeholder-aspect-ratio: 1024\/576;\" \/><\/figure>\n\n\n\n<p><br>T\u00f6bbnyire k\u00e9zi munk\u00e1val folyt a vet\u00e9s, \u00e1m ez a korszak v\u00e9g\u00e9re jelent\u0151sen \u00e1talakult.<br><strong>A Tsz, ahogy a t\u00f6bbi gazdas\u00e1g is, folyamatosan igyekezett alkalmazkodni a modern<br>mez\u0151gazdas\u00e1g k\u00f6vetelm\u00e9nyeihez,<\/strong> hogy id\u0151ben befejezhess\u00e9k a munk\u00e1kat, \u00e9s ezzel<br>\u2013 ahogyan a filmben is elhangzik \u2013 \u201eutol\u00e9rj\u00e9k az id\u0151t\u201d.<br>A termel\u0151sz\u00f6vetkezetek m\u0171k\u00f6d\u00e9se nemcsak gazdas\u00e1gi, hanem t\u00e1rsadalmi<br>szempontb\u00f3l is jelent\u0151s hat\u00e1st gyakorolt a vid\u00e9ki k\u00f6z\u00f6ss\u00e9gekre. <strong>A dokumentumfilm<br>egyed\u00fcl\u00e1ll\u00f3 bepillant\u00e1st enged ezeknek a k\u00f6z\u00f6ss\u00e9geknek a mindennapjaiba<\/strong> \u00e9s<br>munkakult\u00far\u00e1j\u00e1ba, bemutatva a szorgos munk\u00e1t, a kih\u00edv\u00e1sok lek\u00fczd\u00e9s\u00e9t \u00e9s a tavaszi<br>vet\u00e9s fontos szerep\u00e9t a gazd\u00e1lkod\u00e1sban.<\/p>\n\n\n\n<figure class=\"wp-block-image aligncenter size-large\"><img decoding=\"async\" width=\"1024\" height=\"576\" data-src=\"https:\/\/www.part-oldalak.hu\/wordpress\/wp-content\/uploads\/2024\/11\/Kepernyofelvetel-230-1024x576.png\" alt=\"\" class=\"wp-image-11589 lazyload\" data-srcset=\"https:\/\/www.part-oldalak.hu\/wordpress\/wp-content\/uploads\/2024\/11\/Kepernyofelvetel-230-1024x576.png 1024w, https:\/\/www.part-oldalak.hu\/wordpress\/wp-content\/uploads\/2024\/11\/Kepernyofelvetel-230-300x169.png 300w, https:\/\/www.part-oldalak.hu\/wordpress\/wp-content\/uploads\/2024\/11\/Kepernyofelvetel-230-768x432.png 768w, https:\/\/www.part-oldalak.hu\/wordpress\/wp-content\/uploads\/2024\/11\/Kepernyofelvetel-230-1536x864.png 1536w, https:\/\/www.part-oldalak.hu\/wordpress\/wp-content\/uploads\/2024\/11\/Kepernyofelvetel-230.png 1920w\" data-sizes=\"(max-width: 1024px) 100vw, 1024px\" src=\"data:image\/svg+xml;base64,PHN2ZyB3aWR0aD0iMSIgaGVpZ2h0PSIxIiB4bWxucz0iaHR0cDovL3d3dy53My5vcmcvMjAwMC9zdmciPjwvc3ZnPg==\" style=\"--smush-placeholder-width: 1024px; --smush-placeholder-aspect-ratio: 1024\/576;\" \/><\/figure>\n\n\n\n<p><br>A k\u00f6z\u00f6s munka szoros k\u00f6z\u00f6ss\u00e9gi k\u00f6tel\u00e9keket alak\u00edtott ki, \u00e9s a sz\u00f6vetkezet sz\u00e1mos<br>szoci\u00e1lis szolg\u00e1ltat\u00e1st ny\u00fajtott tagjainak. <em>A munka mellett k\u00f6z\u00f6ss\u00e9gi esem\u00e9nyeket,<br>\u00fcnneps\u00e9geket \u00e9s oktat\u00e1si programokat is szerveztek,<\/em> amelyek tov\u00e1bb er\u0151s\u00edtett\u00e9k az<br>\u00f6sszetartoz\u00e1s \u00e9rz\u00e9s\u00e9t. A Tsz-ek akkoriban nemcsak meg\u00e9lhet\u00e9st biztos\u00edtottak,<br>hanem \u00e9letform\u00e1t is jelentettek a dolgoz\u00f3knak \u00e9s csal\u00e1djaiknak. A Vir\u00e1gz\u00f3 Tsz<br>\u00f6r\u00f6ks\u00e9ge m\u00e1ig hat\u00e1ssal van a helyi k\u00f6z\u00f6ss\u00e9gre, az eml\u00e9kek \u00e9s a t\u00f6rt\u00e9netek r\u00e9v\u00e9n<br>pedig tov\u00e1bb \u00e9l a kollekt\u00edv eml\u00e9kezetben.<\/p>\n\n\n\n<figure class=\"wp-block-image aligncenter size-large\"><img decoding=\"async\" width=\"1024\" height=\"576\" data-src=\"https:\/\/www.part-oldalak.hu\/wordpress\/wp-content\/uploads\/2024\/11\/Kepernyofelvetel-222-1024x576.png\" alt=\"\" class=\"wp-image-11586 lazyload\" data-srcset=\"https:\/\/www.part-oldalak.hu\/wordpress\/wp-content\/uploads\/2024\/11\/Kepernyofelvetel-222-1024x576.png 1024w, https:\/\/www.part-oldalak.hu\/wordpress\/wp-content\/uploads\/2024\/11\/Kepernyofelvetel-222-300x169.png 300w, https:\/\/www.part-oldalak.hu\/wordpress\/wp-content\/uploads\/2024\/11\/Kepernyofelvetel-222-768x432.png 768w, https:\/\/www.part-oldalak.hu\/wordpress\/wp-content\/uploads\/2024\/11\/Kepernyofelvetel-222-1536x864.png 1536w, https:\/\/www.part-oldalak.hu\/wordpress\/wp-content\/uploads\/2024\/11\/Kepernyofelvetel-222.png 1920w\" data-sizes=\"(max-width: 1024px) 100vw, 1024px\" src=\"data:image\/svg+xml;base64,PHN2ZyB3aWR0aD0iMSIgaGVpZ2h0PSIxIiB4bWxucz0iaHR0cDovL3d3dy53My5vcmcvMjAwMC9zdmciPjwvc3ZnPg==\" style=\"--smush-placeholder-width: 1024px; --smush-placeholder-aspect-ratio: 1024\/576;\" \/><\/figure>\n\n\n\n<p><br>A felv\u00e9teleket a Nemzeti Filmint\u00e9zet Filmarch\u00edvum enged\u00e9lyezte.<br>A korabeli film megtekinthet\u0151 a Nemzeti Filmint\u00e9zet Filmarch\u00edvum oldal\u00e1n:<\/p>\n","protected":false},"excerpt":{"rendered":"<p>Az<br \/>\n1950-es \u00e9vekben l\u00e9trej\u00f6tt Dunaf\u00f6ldv\u00e1ri Termel\u0151sz\u00f6vetkezet (Tsz) \u2013 a k\u00e9s\u0151bb<br \/>\nVir\u00e1gz\u00f3 Tsz n\u00e9ven ismert gazdas\u00e1g \u2013 meghat\u00e1roz\u00f3 szerepl\u0151je lett a helyi<br \/>\nmez\u0151gazdas\u00e1gnak, melynek tev\u00e9kenys\u00e9ge szorosan kapcsol\u00f3dott a f\u00f6ldm\u0171vel\u00e9s \u00e9s<br \/>\n\u00e1llatteny\u00e9szt\u00e9s hagyom\u00e1nyaihoz. <\/p>\n","protected":false},"author":16,"featured_media":11591,"comment_status":"open","ping_status":"open","sticky":false,"template":"","format":"standard","meta":{"_monsterinsights_skip_tracking":false,"_monsterinsights_sitenote_active":false,"_monsterinsights_sitenote_note":"","_monsterinsights_sitenote_category":0,"footnotes":""},"categories":[27],"tags":[17],"class_list":["post-11593","post","type-post","status-publish","format-standard","has-post-thumbnail","hentry","category-regi","tag-mozaik"],"aioseo_notices":[],"yoast_head":"<!-- This site is optimized with the Yoast SEO plugin v25.6 - https:\/\/yoast.com\/wordpress\/plugins\/seo\/ -->\n<title>Vir\u00e1gzott a Tsz - Part-Oldalak Kultur\u00e1lis Egylet<\/title>\n<meta name=\"robots\" content=\"index, follow, max-snippet:-1, max-image-preview:large, max-video-preview:-1\" \/>\n<link rel=\"canonical\" href=\"https:\/\/www.part-oldalak.hu\/wordpress\/2024\/11\/15\/viragzott-a-tsz\/\" \/>\n<meta property=\"og:locale\" content=\"hu_HU\" \/>\n<meta property=\"og:type\" content=\"article\" \/>\n<meta property=\"og:title\" content=\"Vir\u00e1gzott a Tsz - Part-Oldalak Kultur\u00e1lis Egylet\" \/>\n<meta property=\"og:description\" content=\"Az 1950-es \u00e9vekben l\u00e9trej\u00f6tt Dunaf\u00f6ldv\u00e1ri Termel\u0151sz\u00f6vetkezet (Tsz) \u2013 a k\u00e9s\u0151bb Vir\u00e1gz\u00f3 Tsz n\u00e9ven ismert gazdas\u00e1g \u2013 meghat\u00e1roz\u00f3 szerepl\u0151je lett a helyi mez\u0151gazdas\u00e1gnak, melynek tev\u00e9kenys\u00e9ge szorosan kapcsol\u00f3dott a f\u00f6ldm\u0171vel\u00e9s \u00e9s \u00e1llatteny\u00e9szt\u00e9s hagyom\u00e1nyaihoz.\" \/>\n<meta property=\"og:url\" content=\"https:\/\/www.part-oldalak.hu\/wordpress\/2024\/11\/15\/viragzott-a-tsz\/\" \/>\n<meta property=\"og:site_name\" content=\"Part-Oldalak Kultur\u00e1lis Egylet\" \/>\n<meta property=\"article:published_time\" content=\"2024-11-15T16:06:52+00:00\" \/>\n<meta property=\"article:modified_time\" content=\"2024-11-15T17:50:27+00:00\" \/>\n<meta property=\"og:image\" content=\"https:\/\/www.part-oldalak.hu\/wordpress\/wp-content\/uploads\/2024\/11\/Kepernyofelvetel-238.png\" \/>\n\t<meta property=\"og:image:width\" content=\"1920\" \/>\n\t<meta property=\"og:image:height\" content=\"1080\" \/>\n\t<meta property=\"og:image:type\" content=\"image\/png\" \/>\n<meta name=\"author\" content=\"Hesser Zolt\u00e1n\" \/>\n<meta name=\"twitter:card\" content=\"summary_large_image\" \/>\n<meta name=\"twitter:label1\" content=\"Szerz\u0151:\" \/>\n\t<meta name=\"twitter:data1\" content=\"Hesser Zolt\u00e1n\" \/>\n\t<meta name=\"twitter:label2\" content=\"Becs\u00fclt olvas\u00e1si id\u0151\" \/>\n\t<meta name=\"twitter:data2\" content=\"2 perc\" \/>\n<script type=\"application\/ld+json\" class=\"yoast-schema-graph\">{\"@context\":\"https:\/\/schema.org\",\"@graph\":[{\"@type\":\"WebPage\",\"@id\":\"https:\/\/www.part-oldalak.hu\/wordpress\/2024\/11\/15\/viragzott-a-tsz\/\",\"url\":\"https:\/\/www.part-oldalak.hu\/wordpress\/2024\/11\/15\/viragzott-a-tsz\/\",\"name\":\"Vir\u00e1gzott a Tsz - Part-Oldalak Kultur\u00e1lis Egylet\",\"isPartOf\":{\"@id\":\"https:\/\/www.part-oldalak.hu\/wordpress\/#website\"},\"primaryImageOfPage\":{\"@id\":\"https:\/\/www.part-oldalak.hu\/wordpress\/2024\/11\/15\/viragzott-a-tsz\/#primaryimage\"},\"image\":{\"@id\":\"https:\/\/www.part-oldalak.hu\/wordpress\/2024\/11\/15\/viragzott-a-tsz\/#primaryimage\"},\"thumbnailUrl\":\"https:\/\/www.part-oldalak.hu\/wordpress\/wp-content\/uploads\/2024\/11\/Kepernyofelvetel-238.png\",\"datePublished\":\"2024-11-15T16:06:52+00:00\",\"dateModified\":\"2024-11-15T17:50:27+00:00\",\"author\":{\"@id\":\"https:\/\/www.part-oldalak.hu\/wordpress\/#\/schema\/person\/9aa2a0ff3c787b06c77f1ef6ce61e06c\"},\"breadcrumb\":{\"@id\":\"https:\/\/www.part-oldalak.hu\/wordpress\/2024\/11\/15\/viragzott-a-tsz\/#breadcrumb\"},\"inLanguage\":\"hu\",\"potentialAction\":[{\"@type\":\"ReadAction\",\"target\":[\"https:\/\/www.part-oldalak.hu\/wordpress\/2024\/11\/15\/viragzott-a-tsz\/\"]}]},{\"@type\":\"ImageObject\",\"inLanguage\":\"hu\",\"@id\":\"https:\/\/www.part-oldalak.hu\/wordpress\/2024\/11\/15\/viragzott-a-tsz\/#primaryimage\",\"url\":\"https:\/\/www.part-oldalak.hu\/wordpress\/wp-content\/uploads\/2024\/11\/Kepernyofelvetel-238.png\",\"contentUrl\":\"https:\/\/www.part-oldalak.hu\/wordpress\/wp-content\/uploads\/2024\/11\/Kepernyofelvetel-238.png\",\"width\":1920,\"height\":1080},{\"@type\":\"BreadcrumbList\",\"@id\":\"https:\/\/www.part-oldalak.hu\/wordpress\/2024\/11\/15\/viragzott-a-tsz\/#breadcrumb\",\"itemListElement\":[{\"@type\":\"ListItem\",\"position\":1,\"name\":\"Kezd\u0151lap\",\"item\":\"https:\/\/www.part-oldalak.hu\/wordpress\/\"},{\"@type\":\"ListItem\",\"position\":2,\"name\":\"Vir\u00e1gzott a Tsz\"}]},{\"@type\":\"WebSite\",\"@id\":\"https:\/\/www.part-oldalak.hu\/wordpress\/#website\",\"url\":\"https:\/\/www.part-oldalak.hu\/wordpress\/\",\"name\":\"Part-Oldalak Kultur\u00e1lis Egylet\",\"description\":\"\",\"potentialAction\":[{\"@type\":\"SearchAction\",\"target\":{\"@type\":\"EntryPoint\",\"urlTemplate\":\"https:\/\/www.part-oldalak.hu\/wordpress\/?s={search_term_string}\"},\"query-input\":{\"@type\":\"PropertyValueSpecification\",\"valueRequired\":true,\"valueName\":\"search_term_string\"}}],\"inLanguage\":\"hu\"},{\"@type\":\"Person\",\"@id\":\"https:\/\/www.part-oldalak.hu\/wordpress\/#\/schema\/person\/9aa2a0ff3c787b06c77f1ef6ce61e06c\",\"name\":\"Hesser Zolt\u00e1n\",\"image\":{\"@type\":\"ImageObject\",\"inLanguage\":\"hu\",\"@id\":\"https:\/\/www.part-oldalak.hu\/wordpress\/#\/schema\/person\/image\/\",\"url\":\"https:\/\/secure.gravatar.com\/avatar\/aa739f000ce1f18e22d3905bbec8bca7?s=96&d=mm&r=g\",\"contentUrl\":\"https:\/\/secure.gravatar.com\/avatar\/aa739f000ce1f18e22d3905bbec8bca7?s=96&d=mm&r=g\",\"caption\":\"Hesser Zolt\u00e1n\"},\"url\":\"https:\/\/www.part-oldalak.hu\/wordpress\/author\/hesser-zoli\/\"}]}<\/script>\n<!-- \/ Yoast SEO plugin. -->","yoast_head_json":{"title":"Vir\u00e1gzott a Tsz - Part-Oldalak Kultur\u00e1lis Egylet","robots":{"index":"index","follow":"follow","max-snippet":"max-snippet:-1","max-image-preview":"max-image-preview:large","max-video-preview":"max-video-preview:-1"},"canonical":"https:\/\/www.part-oldalak.hu\/wordpress\/2024\/11\/15\/viragzott-a-tsz\/","og_locale":"hu_HU","og_type":"article","og_title":"Vir\u00e1gzott a Tsz - Part-Oldalak Kultur\u00e1lis Egylet","og_description":"Az 1950-es \u00e9vekben l\u00e9trej\u00f6tt Dunaf\u00f6ldv\u00e1ri Termel\u0151sz\u00f6vetkezet (Tsz) \u2013 a k\u00e9s\u0151bb Vir\u00e1gz\u00f3 Tsz n\u00e9ven ismert gazdas\u00e1g \u2013 meghat\u00e1roz\u00f3 szerepl\u0151je lett a helyi mez\u0151gazdas\u00e1gnak, melynek tev\u00e9kenys\u00e9ge szorosan kapcsol\u00f3dott a f\u00f6ldm\u0171vel\u00e9s \u00e9s \u00e1llatteny\u00e9szt\u00e9s hagyom\u00e1nyaihoz.","og_url":"https:\/\/www.part-oldalak.hu\/wordpress\/2024\/11\/15\/viragzott-a-tsz\/","og_site_name":"Part-Oldalak Kultur\u00e1lis Egylet","article_published_time":"2024-11-15T16:06:52+00:00","article_modified_time":"2024-11-15T17:50:27+00:00","og_image":[{"width":1920,"height":1080,"url":"https:\/\/www.part-oldalak.hu\/wordpress\/wp-content\/uploads\/2024\/11\/Kepernyofelvetel-238.png","type":"image\/png"}],"author":"Hesser Zolt\u00e1n","twitter_card":"summary_large_image","twitter_misc":{"Szerz\u0151:":"Hesser Zolt\u00e1n","Becs\u00fclt olvas\u00e1si id\u0151":"2 perc"},"schema":{"@context":"https:\/\/schema.org","@graph":[{"@type":"WebPage","@id":"https:\/\/www.part-oldalak.hu\/wordpress\/2024\/11\/15\/viragzott-a-tsz\/","url":"https:\/\/www.part-oldalak.hu\/wordpress\/2024\/11\/15\/viragzott-a-tsz\/","name":"Vir\u00e1gzott a Tsz - Part-Oldalak Kultur\u00e1lis Egylet","isPartOf":{"@id":"https:\/\/www.part-oldalak.hu\/wordpress\/#website"},"primaryImageOfPage":{"@id":"https:\/\/www.part-oldalak.hu\/wordpress\/2024\/11\/15\/viragzott-a-tsz\/#primaryimage"},"image":{"@id":"https:\/\/www.part-oldalak.hu\/wordpress\/2024\/11\/15\/viragzott-a-tsz\/#primaryimage"},"thumbnailUrl":"https:\/\/www.part-oldalak.hu\/wordpress\/wp-content\/uploads\/2024\/11\/Kepernyofelvetel-238.png","datePublished":"2024-11-15T16:06:52+00:00","dateModified":"2024-11-15T17:50:27+00:00","author":{"@id":"https:\/\/www.part-oldalak.hu\/wordpress\/#\/schema\/person\/9aa2a0ff3c787b06c77f1ef6ce61e06c"},"breadcrumb":{"@id":"https:\/\/www.part-oldalak.hu\/wordpress\/2024\/11\/15\/viragzott-a-tsz\/#breadcrumb"},"inLanguage":"hu","potentialAction":[{"@type":"ReadAction","target":["https:\/\/www.part-oldalak.hu\/wordpress\/2024\/11\/15\/viragzott-a-tsz\/"]}]},{"@type":"ImageObject","inLanguage":"hu","@id":"https:\/\/www.part-oldalak.hu\/wordpress\/2024\/11\/15\/viragzott-a-tsz\/#primaryimage","url":"https:\/\/www.part-oldalak.hu\/wordpress\/wp-content\/uploads\/2024\/11\/Kepernyofelvetel-238.png","contentUrl":"https:\/\/www.part-oldalak.hu\/wordpress\/wp-content\/uploads\/2024\/11\/Kepernyofelvetel-238.png","width":1920,"height":1080},{"@type":"BreadcrumbList","@id":"https:\/\/www.part-oldalak.hu\/wordpress\/2024\/11\/15\/viragzott-a-tsz\/#breadcrumb","itemListElement":[{"@type":"ListItem","position":1,"name":"Kezd\u0151lap","item":"https:\/\/www.part-oldalak.hu\/wordpress\/"},{"@type":"ListItem","position":2,"name":"Vir\u00e1gzott a Tsz"}]},{"@type":"WebSite","@id":"https:\/\/www.part-oldalak.hu\/wordpress\/#website","url":"https:\/\/www.part-oldalak.hu\/wordpress\/","name":"Part-Oldalak Kultur\u00e1lis Egylet","description":"","potentialAction":[{"@type":"SearchAction","target":{"@type":"EntryPoint","urlTemplate":"https:\/\/www.part-oldalak.hu\/wordpress\/?s={search_term_string}"},"query-input":{"@type":"PropertyValueSpecification","valueRequired":true,"valueName":"search_term_string"}}],"inLanguage":"hu"},{"@type":"Person","@id":"https:\/\/www.part-oldalak.hu\/wordpress\/#\/schema\/person\/9aa2a0ff3c787b06c77f1ef6ce61e06c","name":"Hesser Zolt\u00e1n","image":{"@type":"ImageObject","inLanguage":"hu","@id":"https:\/\/www.part-oldalak.hu\/wordpress\/#\/schema\/person\/image\/","url":"https:\/\/secure.gravatar.com\/avatar\/aa739f000ce1f18e22d3905bbec8bca7?s=96&d=mm&r=g","contentUrl":"https:\/\/secure.gravatar.com\/avatar\/aa739f000ce1f18e22d3905bbec8bca7?s=96&d=mm&r=g","caption":"Hesser Zolt\u00e1n"},"url":"https:\/\/www.part-oldalak.hu\/wordpress\/author\/hesser-zoli\/"}]}},"_links":{"self":[{"href":"https:\/\/www.part-oldalak.hu\/wordpress\/wp-json\/wp\/v2\/posts\/11593"}],"collection":[{"href":"https:\/\/www.part-oldalak.hu\/wordpress\/wp-json\/wp\/v2\/posts"}],"about":[{"href":"https:\/\/www.part-oldalak.hu\/wordpress\/wp-json\/wp\/v2\/types\/post"}],"author":[{"embeddable":true,"href":"https:\/\/www.part-oldalak.hu\/wordpress\/wp-json\/wp\/v2\/users\/16"}],"replies":[{"embeddable":true,"href":"https:\/\/www.part-oldalak.hu\/wordpress\/wp-json\/wp\/v2\/comments?post=11593"}],"version-history":[{"count":3,"href":"https:\/\/www.part-oldalak.hu\/wordpress\/wp-json\/wp\/v2\/posts\/11593\/revisions"}],"predecessor-version":[{"id":11596,"href":"https:\/\/www.part-oldalak.hu\/wordpress\/wp-json\/wp\/v2\/posts\/11593\/revisions\/11596"}],"wp:featuredmedia":[{"embeddable":true,"href":"https:\/\/www.part-oldalak.hu\/wordpress\/wp-json\/wp\/v2\/media\/11591"}],"wp:attachment":[{"href":"https:\/\/www.part-oldalak.hu\/wordpress\/wp-json\/wp\/v2\/media?parent=11593"}],"wp:term":[{"taxonomy":"category","embeddable":true,"href":"https:\/\/www.part-oldalak.hu\/wordpress\/wp-json\/wp\/v2\/categories?post=11593"},{"taxonomy":"post_tag","embeddable":true,"href":"https:\/\/www.part-oldalak.hu\/wordpress\/wp-json\/wp\/v2\/tags?post=11593"}],"curies":[{"name":"wp","href":"https:\/\/api.w.org\/{rel}","templated":true}]}}