{"id":11464,"date":"2024-10-29T20:58:43","date_gmt":"2024-10-29T19:58:43","guid":{"rendered":"https:\/\/www.part-oldalak.hu\/wordpress\/?p=11464"},"modified":"2024-10-29T21:00:59","modified_gmt":"2024-10-29T20:00:59","slug":"legvedelmi-raketaosztaly-dunafoldvaron","status":"publish","type":"post","link":"https:\/\/www.part-oldalak.hu\/wordpress\/2024\/10\/29\/legvedelmi-raketaosztaly-dunafoldvaron\/","title":{"rendered":"L\u00e9gv\u00e9delmi rak\u00e9taoszt\u00e1ly Dunaf\u00f6ldv\u00e1ron"},"content":{"rendered":"\n<p>A 297. l\u00e9gv\u00e9delmi rak\u00e9tadand\u00e1r a Magyar Honv\u00e9ds\u00e9g egyik jelent\u0151s egys\u00e9gek\u00e9nt az orsz\u00e1g l\u00e9gter\u00e9nek v\u00e9delm\u00e9t \u00e9s a l\u00e9gi fenyeget\u00e9sek elh\u00e1r\u00edt\u00e1s\u00e1t l\u00e1tta el. Az egyik rak\u00e9taoszt\u00e1lya Dunaf\u00f6ldv\u00e1ron helyezkedett el, amely strat\u00e9giai k\u00f6zpontk\u00e9nt szolg\u00e1lt a l\u00e9gv\u00e9delmi m\u0171veletek tervez\u00e9s\u00e9ben \u00e9s v\u00e9grehajt\u00e1s\u00e1ban. E katonai b\u00e1zis kiemelked\u0151 jelent\u0151s\u00e9ggel b\u00edrt v\u00e9delmi feladatai miatt, itt m\u0171k\u00f6dtek a legkorszer\u0171bb l\u00e9gv\u00e9delmi technol\u00f3gi\u00e1k \u00e9s kik\u00e9pz\u00e9si programok.<\/p>\n\n\n\n<figure class=\"wp-block-image aligncenter size-full\"><img decoding=\"async\" width=\"600\" height=\"400\" data-src=\"https:\/\/www.part-oldalak.hu\/wordpress\/wp-content\/uploads\/2024\/10\/Tuzeloallason-belul.jpg\" alt=\"\" class=\"wp-image-11474 lazyload\" data-srcset=\"https:\/\/www.part-oldalak.hu\/wordpress\/wp-content\/uploads\/2024\/10\/Tuzeloallason-belul.jpg 600w, https:\/\/www.part-oldalak.hu\/wordpress\/wp-content\/uploads\/2024\/10\/Tuzeloallason-belul-300x200.jpg 300w\" data-sizes=\"(max-width: 600px) 100vw, 600px\" src=\"data:image\/svg+xml;base64,PHN2ZyB3aWR0aD0iMSIgaGVpZ2h0PSIxIiB4bWxucz0iaHR0cDovL3d3dy53My5vcmcvMjAwMC9zdmciPjwvc3ZnPg==\" style=\"--smush-placeholder-width: 600px; --smush-placeholder-aspect-ratio: 600\/400;\" \/><\/figure>\n\n\n\n<p>A dand\u00e1r t\u00f6rt\u00e9nete a 20. sz\u00e1zad m\u00e1sodik fel\u00e9ben kezd\u0151d\u00f6tt, v\u00e1laszul a n\u00f6vekv\u0151 l\u00e9gv\u00e9delmi sz\u00fcks\u00e9gletekre. Dunaf\u00f6ldv\u00e1rra telep\u00edt\u00e9se strat\u00e9giai d\u00f6nt\u00e9s volt; a v\u00e1ros elhelyezked\u00e9se gyors reag\u00e1l\u00e1st biztos\u00edtott az orsz\u00e1g b\u00e1rmely pontj\u00e1r\u00f3l \u00e9rkez\u0151 fenyeget\u00e9sekre. A Duna\u00fajv\u00e1ros \u00e9s Paks k\u00f6z\u00f6tti v\u00e9delmi vonal l\u00e9trehoz\u00e1s\u00e1t a S\u00e1rbog\u00e1rd-Dunaf\u00f6ldv\u00e1r-Szabadsz\u00e1ll\u00e1s h\u00e1romsz\u00f6g tette lehet\u0151v\u00e9.<\/p>\n\n\n\n<p>A b\u00e1zis a 297. l\u00e9gv\u00e9delmi rak\u00e9tadand\u00e1r 104. Honi L\u00e9gv\u00e9delmi Rak\u00e9taezred\u00e9nek r\u00e9szek\u00e9nt m\u0171k\u00f6d\u00f6tt, \u00e9s 104\/3. l\u00e9gv\u00e9delmi rak\u00e9taoszt\u00e1ly sz\u00e1m\u00e1ra biztos\u00edtotta a helysz\u00ednt, amely a Magyar N\u00e9phadsereg \u00e9s a Vars\u00f3i Szerz\u0151d\u00e9s keret\u00e9ben szolg\u00e1lt, l\u00e9gv\u00e9delmi feladatokra specializ\u00e1l\u00f3dva.<\/p>\n\n\n\n<figure class=\"wp-block-image aligncenter size-full\"><img decoding=\"async\" width=\"600\" height=\"400\" data-src=\"https:\/\/www.part-oldalak.hu\/wordpress\/wp-content\/uploads\/2024\/10\/MG_6881.jpg\" alt=\"\" class=\"wp-image-11476 lazyload\" data-srcset=\"https:\/\/www.part-oldalak.hu\/wordpress\/wp-content\/uploads\/2024\/10\/MG_6881.jpg 600w, https:\/\/www.part-oldalak.hu\/wordpress\/wp-content\/uploads\/2024\/10\/MG_6881-300x200.jpg 300w\" data-sizes=\"(max-width: 600px) 100vw, 600px\" src=\"data:image\/svg+xml;base64,PHN2ZyB3aWR0aD0iMSIgaGVpZ2h0PSIxIiB4bWxucz0iaHR0cDovL3d3dy53My5vcmcvMjAwMC9zdmciPjwvc3ZnPg==\" style=\"--smush-placeholder-width: 600px; --smush-placeholder-aspect-ratio: 600\/400;\" \/><\/figure>\n\n\n\n<p>A dand\u00e1r korszer\u0171 katonai eszk\u00f6zparkkal rendelkezett, k\u00f6zt\u00fck k\u00f6z\u00e9p- \u00e9s r\u00f6vid hat\u00f3t\u00e1vols\u00e1g\u00fa l\u00e9gv\u00e9delmi rak\u00e9t\u00e1kkal, valamint modern radar- \u00e9s felder\u00edt\u0151rendszerekkel, majd 1983-ban az SA-2 Dvina rak\u00e9t\u00e1kat fejlettebb SZ-75M Volhov t\u00edpus\u00faakra cser\u00e9lte, amelyet a NATO is elismert hat\u00e9konys\u00e1ga miatt.<\/p>\n\n\n\n<figure class=\"wp-block-image aligncenter size-full\"><img decoding=\"async\" width=\"600\" height=\"400\" data-src=\"https:\/\/www.part-oldalak.hu\/wordpress\/wp-content\/uploads\/2024\/10\/MG_7418.jpg\" alt=\"\" class=\"wp-image-11468 lazyload\" data-srcset=\"https:\/\/www.part-oldalak.hu\/wordpress\/wp-content\/uploads\/2024\/10\/MG_7418.jpg 600w, https:\/\/www.part-oldalak.hu\/wordpress\/wp-content\/uploads\/2024\/10\/MG_7418-300x200.jpg 300w\" data-sizes=\"(max-width: 600px) 100vw, 600px\" src=\"data:image\/svg+xml;base64,PHN2ZyB3aWR0aD0iMSIgaGVpZ2h0PSIxIiB4bWxucz0iaHR0cDovL3d3dy53My5vcmcvMjAwMC9zdmciPjwvc3ZnPg==\" style=\"--smush-placeholder-width: 600px; --smush-placeholder-aspect-ratio: 600\/400;\" \/><\/figure>\n\n\n\n<p>Az alakulat szoros kapcsolatokat \u00e1polt a helyi k\u00f6z\u00f6ss\u00e9ggel, rendszeresen nyilv\u00e1nos rendezv\u00e9nyeket, bemutat\u00f3kat \u00e9s iskolai l\u00e1togat\u00e1sokat szervezett. Az \u00e9ves ny\u00edlt napokon az \u00e9rdekl\u0151d\u0151k betekinthettek a b\u00e1zis mindennapi m\u0171k\u00f6d\u00e9s\u00e9be, \u00e9s tal\u00e1lkozhattak a l\u00e9gv\u00e9delmet ell\u00e1t\u00f3 katon\u00e1kkal. Gazdas\u00e1gi szempontb\u00f3l is jelent\u0151s szerepet j\u00e1tszott a t\u00e9rs\u00e9gben, hiszen t\u00f6bb sz\u00e1z csal\u00e1d sz\u00e1m\u00e1ra biztos\u00edtott stabil meg\u00e9lhet\u00e9st \u00e9s munkahelyet.<\/p>\n\n\n\n<figure class=\"wp-block-image aligncenter size-full\"><img decoding=\"async\" width=\"600\" height=\"400\" data-src=\"https:\/\/www.part-oldalak.hu\/wordpress\/wp-content\/uploads\/2024\/10\/MG_7421.jpg\" alt=\"\" class=\"wp-image-11469 lazyload\" data-srcset=\"https:\/\/www.part-oldalak.hu\/wordpress\/wp-content\/uploads\/2024\/10\/MG_7421.jpg 600w, https:\/\/www.part-oldalak.hu\/wordpress\/wp-content\/uploads\/2024\/10\/MG_7421-300x200.jpg 300w\" data-sizes=\"(max-width: 600px) 100vw, 600px\" src=\"data:image\/svg+xml;base64,PHN2ZyB3aWR0aD0iMSIgaGVpZ2h0PSIxIiB4bWxucz0iaHR0cDovL3d3dy53My5vcmcvMjAwMC9zdmciPjwvc3ZnPg==\" style=\"--smush-placeholder-width: 600px; --smush-placeholder-aspect-ratio: 600\/400;\" \/><\/figure>\n\n\n\n<p>Az 1990-es \u00e9vek elej\u00e9n a parancsnoks\u00e1g el\u0151sz\u00f6r Dunaf\u00f6ldv\u00e1ron \u00e1ll\u00edtotta le a l\u00e9gv\u00e9delmi szolg\u00e1latot, ezt k\u00f6vet\u0151en pedig a Duna\u00fajv\u00e1ros v\u00e9delm\u00e9t ell\u00e1t\u00f3 rak\u00e9t\u00e1kat is kivont\u00e1k. A dand\u00e1r 1991-es megsz\u0171n\u00e9s\u00e9vel egy korszak z\u00e1rult le, de a helyi k\u00f6z\u00f6ss\u00e9g eml\u00e9kezet\u00e9ben tov\u00e1bb \u00e9l, \u00e9s Dunaf\u00f6ldv\u00e1r t\u00f6rt\u00e9net\u00e9nek meghat\u00e1roz\u00f3 r\u00e9sz\u00e9t k\u00e9pezi.<\/p>\n\n\n\n<p>A k\u00e9peket Benedek Levente k\u00e9sz\u00edtette. (Benedek Levente\/combatant.blog.hu)<\/p>\n\n\n\n<p>Megtekinthet\u0151k a k\u00f6vetkez\u0151 oldalakon:<\/p>\n\n\n\n<p><a href=\"https:\/\/combatant.blog.hu\/?fbclid=IwY2xjawGMl1ZleHRuA2FlbQIxMAABHdr0QVSy1u4Bv9nw3_OAwRUlSJSb_8eM6MP2xTwmPJtg-t1CR31UXKzYDg_aem_28f8xOLY6GBK2qvCJEotQA\">Haditechnika, f\u00f6ld\u00f6n, v\u00edzen, leveg\u0151ben<\/a>&nbsp; <a href=\"https:\/\/kameraaltal.blog.hu\/2012\/06\/12\/dunafoldvar-legvedelmi-raketa-osztaly\">MN 1196, 104\/3. honi l\u00e9gv\u00e9delmi rak\u00e9taoszt\u00e1ly, Dunaf\u00f6ldv\u00e1r (B\u00f6lcske) &#8211; Benedek Levente fot\u00f3 \u00e9s utaz\u00f3 blog<\/a><\/p>\n\n\n\n<p><\/p>\n","protected":false},"excerpt":{"rendered":"<p>A dand\u00e1r t\u00f6rt\u00e9nete a 20. sz\u00e1zad m\u00e1sodik fel\u00e9ben kezd\u0151d\u00f6tt, v\u00e1laszul a n\u00f6vekv\u0151 l\u00e9gv\u00e9delmi sz\u00fcks\u00e9gletekre.<\/p>\n","protected":false},"author":16,"featured_media":11475,"comment_status":"open","ping_status":"open","sticky":false,"template":"","format":"standard","meta":{"_monsterinsights_skip_tracking":false,"_monsterinsights_sitenote_active":false,"_monsterinsights_sitenote_note":"","_monsterinsights_sitenote_category":0,"footnotes":""},"categories":[27],"tags":[17],"class_list":["post-11464","post","type-post","status-publish","format-standard","has-post-thumbnail","hentry","category-regi","tag-mozaik"],"aioseo_notices":[],"yoast_head":"<!-- This site is optimized with the Yoast SEO plugin v25.6 - https:\/\/yoast.com\/wordpress\/plugins\/seo\/ -->\n<title>L\u00e9gv\u00e9delmi rak\u00e9taoszt\u00e1ly Dunaf\u00f6ldv\u00e1ron - Part-Oldalak Kultur\u00e1lis Egylet<\/title>\n<meta name=\"robots\" content=\"index, follow, max-snippet:-1, max-image-preview:large, max-video-preview:-1\" \/>\n<link rel=\"canonical\" href=\"https:\/\/www.part-oldalak.hu\/wordpress\/2024\/10\/29\/legvedelmi-raketaosztaly-dunafoldvaron\/\" \/>\n<meta property=\"og:locale\" content=\"hu_HU\" \/>\n<meta property=\"og:type\" content=\"article\" \/>\n<meta property=\"og:title\" content=\"L\u00e9gv\u00e9delmi rak\u00e9taoszt\u00e1ly Dunaf\u00f6ldv\u00e1ron - Part-Oldalak Kultur\u00e1lis Egylet\" \/>\n<meta property=\"og:description\" content=\"A dand\u00e1r t\u00f6rt\u00e9nete a 20. sz\u00e1zad m\u00e1sodik fel\u00e9ben kezd\u0151d\u00f6tt, v\u00e1laszul a n\u00f6vekv\u0151 l\u00e9gv\u00e9delmi sz\u00fcks\u00e9gletekre.\" \/>\n<meta property=\"og:url\" content=\"https:\/\/www.part-oldalak.hu\/wordpress\/2024\/10\/29\/legvedelmi-raketaosztaly-dunafoldvaron\/\" \/>\n<meta property=\"og:site_name\" content=\"Part-Oldalak Kultur\u00e1lis Egylet\" \/>\n<meta property=\"article:published_time\" content=\"2024-10-29T19:58:43+00:00\" \/>\n<meta property=\"article:modified_time\" content=\"2024-10-29T20:00:59+00:00\" \/>\n<meta property=\"og:image\" content=\"https:\/\/www.part-oldalak.hu\/wordpress\/wp-content\/uploads\/2024\/10\/Dunafoldvar-2-1.jpg\" \/>\n\t<meta property=\"og:image:width\" content=\"600\" \/>\n\t<meta property=\"og:image:height\" content=\"397\" \/>\n\t<meta property=\"og:image:type\" content=\"image\/jpeg\" \/>\n<meta name=\"author\" content=\"Hesser Zolt\u00e1n\" \/>\n<meta name=\"twitter:card\" content=\"summary_large_image\" \/>\n<meta name=\"twitter:label1\" content=\"Szerz\u0151:\" \/>\n\t<meta name=\"twitter:data1\" content=\"Hesser Zolt\u00e1n\" \/>\n\t<meta name=\"twitter:label2\" content=\"Becs\u00fclt olvas\u00e1si id\u0151\" \/>\n\t<meta name=\"twitter:data2\" content=\"3 perc\" \/>\n<script type=\"application\/ld+json\" class=\"yoast-schema-graph\">{\"@context\":\"https:\/\/schema.org\",\"@graph\":[{\"@type\":\"WebPage\",\"@id\":\"https:\/\/www.part-oldalak.hu\/wordpress\/2024\/10\/29\/legvedelmi-raketaosztaly-dunafoldvaron\/\",\"url\":\"https:\/\/www.part-oldalak.hu\/wordpress\/2024\/10\/29\/legvedelmi-raketaosztaly-dunafoldvaron\/\",\"name\":\"L\u00e9gv\u00e9delmi rak\u00e9taoszt\u00e1ly Dunaf\u00f6ldv\u00e1ron - Part-Oldalak Kultur\u00e1lis Egylet\",\"isPartOf\":{\"@id\":\"https:\/\/www.part-oldalak.hu\/wordpress\/#website\"},\"primaryImageOfPage\":{\"@id\":\"https:\/\/www.part-oldalak.hu\/wordpress\/2024\/10\/29\/legvedelmi-raketaosztaly-dunafoldvaron\/#primaryimage\"},\"image\":{\"@id\":\"https:\/\/www.part-oldalak.hu\/wordpress\/2024\/10\/29\/legvedelmi-raketaosztaly-dunafoldvaron\/#primaryimage\"},\"thumbnailUrl\":\"https:\/\/www.part-oldalak.hu\/wordpress\/wp-content\/uploads\/2024\/10\/Dunafoldvar-2-1.jpg\",\"datePublished\":\"2024-10-29T19:58:43+00:00\",\"dateModified\":\"2024-10-29T20:00:59+00:00\",\"author\":{\"@id\":\"https:\/\/www.part-oldalak.hu\/wordpress\/#\/schema\/person\/9aa2a0ff3c787b06c77f1ef6ce61e06c\"},\"breadcrumb\":{\"@id\":\"https:\/\/www.part-oldalak.hu\/wordpress\/2024\/10\/29\/legvedelmi-raketaosztaly-dunafoldvaron\/#breadcrumb\"},\"inLanguage\":\"hu\",\"potentialAction\":[{\"@type\":\"ReadAction\",\"target\":[\"https:\/\/www.part-oldalak.hu\/wordpress\/2024\/10\/29\/legvedelmi-raketaosztaly-dunafoldvaron\/\"]}]},{\"@type\":\"ImageObject\",\"inLanguage\":\"hu\",\"@id\":\"https:\/\/www.part-oldalak.hu\/wordpress\/2024\/10\/29\/legvedelmi-raketaosztaly-dunafoldvaron\/#primaryimage\",\"url\":\"https:\/\/www.part-oldalak.hu\/wordpress\/wp-content\/uploads\/2024\/10\/Dunafoldvar-2-1.jpg\",\"contentUrl\":\"https:\/\/www.part-oldalak.hu\/wordpress\/wp-content\/uploads\/2024\/10\/Dunafoldvar-2-1.jpg\",\"width\":600,\"height\":397},{\"@type\":\"BreadcrumbList\",\"@id\":\"https:\/\/www.part-oldalak.hu\/wordpress\/2024\/10\/29\/legvedelmi-raketaosztaly-dunafoldvaron\/#breadcrumb\",\"itemListElement\":[{\"@type\":\"ListItem\",\"position\":1,\"name\":\"Kezd\u0151lap\",\"item\":\"https:\/\/www.part-oldalak.hu\/wordpress\/\"},{\"@type\":\"ListItem\",\"position\":2,\"name\":\"L\u00e9gv\u00e9delmi rak\u00e9taoszt\u00e1ly Dunaf\u00f6ldv\u00e1ron\"}]},{\"@type\":\"WebSite\",\"@id\":\"https:\/\/www.part-oldalak.hu\/wordpress\/#website\",\"url\":\"https:\/\/www.part-oldalak.hu\/wordpress\/\",\"name\":\"Part-Oldalak Kultur\u00e1lis Egylet\",\"description\":\"\",\"potentialAction\":[{\"@type\":\"SearchAction\",\"target\":{\"@type\":\"EntryPoint\",\"urlTemplate\":\"https:\/\/www.part-oldalak.hu\/wordpress\/?s={search_term_string}\"},\"query-input\":{\"@type\":\"PropertyValueSpecification\",\"valueRequired\":true,\"valueName\":\"search_term_string\"}}],\"inLanguage\":\"hu\"},{\"@type\":\"Person\",\"@id\":\"https:\/\/www.part-oldalak.hu\/wordpress\/#\/schema\/person\/9aa2a0ff3c787b06c77f1ef6ce61e06c\",\"name\":\"Hesser Zolt\u00e1n\",\"image\":{\"@type\":\"ImageObject\",\"inLanguage\":\"hu\",\"@id\":\"https:\/\/www.part-oldalak.hu\/wordpress\/#\/schema\/person\/image\/\",\"url\":\"https:\/\/secure.gravatar.com\/avatar\/aa739f000ce1f18e22d3905bbec8bca7?s=96&d=mm&r=g\",\"contentUrl\":\"https:\/\/secure.gravatar.com\/avatar\/aa739f000ce1f18e22d3905bbec8bca7?s=96&d=mm&r=g\",\"caption\":\"Hesser Zolt\u00e1n\"},\"url\":\"https:\/\/www.part-oldalak.hu\/wordpress\/author\/hesser-zoli\/\"}]}<\/script>\n<!-- \/ Yoast SEO plugin. -->","yoast_head_json":{"title":"L\u00e9gv\u00e9delmi rak\u00e9taoszt\u00e1ly Dunaf\u00f6ldv\u00e1ron - Part-Oldalak Kultur\u00e1lis Egylet","robots":{"index":"index","follow":"follow","max-snippet":"max-snippet:-1","max-image-preview":"max-image-preview:large","max-video-preview":"max-video-preview:-1"},"canonical":"https:\/\/www.part-oldalak.hu\/wordpress\/2024\/10\/29\/legvedelmi-raketaosztaly-dunafoldvaron\/","og_locale":"hu_HU","og_type":"article","og_title":"L\u00e9gv\u00e9delmi rak\u00e9taoszt\u00e1ly Dunaf\u00f6ldv\u00e1ron - Part-Oldalak Kultur\u00e1lis Egylet","og_description":"A dand\u00e1r t\u00f6rt\u00e9nete a 20. sz\u00e1zad m\u00e1sodik fel\u00e9ben kezd\u0151d\u00f6tt, v\u00e1laszul a n\u00f6vekv\u0151 l\u00e9gv\u00e9delmi sz\u00fcks\u00e9gletekre.","og_url":"https:\/\/www.part-oldalak.hu\/wordpress\/2024\/10\/29\/legvedelmi-raketaosztaly-dunafoldvaron\/","og_site_name":"Part-Oldalak Kultur\u00e1lis Egylet","article_published_time":"2024-10-29T19:58:43+00:00","article_modified_time":"2024-10-29T20:00:59+00:00","og_image":[{"width":600,"height":397,"url":"https:\/\/www.part-oldalak.hu\/wordpress\/wp-content\/uploads\/2024\/10\/Dunafoldvar-2-1.jpg","type":"image\/jpeg"}],"author":"Hesser Zolt\u00e1n","twitter_card":"summary_large_image","twitter_misc":{"Szerz\u0151:":"Hesser Zolt\u00e1n","Becs\u00fclt olvas\u00e1si id\u0151":"3 perc"},"schema":{"@context":"https:\/\/schema.org","@graph":[{"@type":"WebPage","@id":"https:\/\/www.part-oldalak.hu\/wordpress\/2024\/10\/29\/legvedelmi-raketaosztaly-dunafoldvaron\/","url":"https:\/\/www.part-oldalak.hu\/wordpress\/2024\/10\/29\/legvedelmi-raketaosztaly-dunafoldvaron\/","name":"L\u00e9gv\u00e9delmi rak\u00e9taoszt\u00e1ly Dunaf\u00f6ldv\u00e1ron - Part-Oldalak Kultur\u00e1lis Egylet","isPartOf":{"@id":"https:\/\/www.part-oldalak.hu\/wordpress\/#website"},"primaryImageOfPage":{"@id":"https:\/\/www.part-oldalak.hu\/wordpress\/2024\/10\/29\/legvedelmi-raketaosztaly-dunafoldvaron\/#primaryimage"},"image":{"@id":"https:\/\/www.part-oldalak.hu\/wordpress\/2024\/10\/29\/legvedelmi-raketaosztaly-dunafoldvaron\/#primaryimage"},"thumbnailUrl":"https:\/\/www.part-oldalak.hu\/wordpress\/wp-content\/uploads\/2024\/10\/Dunafoldvar-2-1.jpg","datePublished":"2024-10-29T19:58:43+00:00","dateModified":"2024-10-29T20:00:59+00:00","author":{"@id":"https:\/\/www.part-oldalak.hu\/wordpress\/#\/schema\/person\/9aa2a0ff3c787b06c77f1ef6ce61e06c"},"breadcrumb":{"@id":"https:\/\/www.part-oldalak.hu\/wordpress\/2024\/10\/29\/legvedelmi-raketaosztaly-dunafoldvaron\/#breadcrumb"},"inLanguage":"hu","potentialAction":[{"@type":"ReadAction","target":["https:\/\/www.part-oldalak.hu\/wordpress\/2024\/10\/29\/legvedelmi-raketaosztaly-dunafoldvaron\/"]}]},{"@type":"ImageObject","inLanguage":"hu","@id":"https:\/\/www.part-oldalak.hu\/wordpress\/2024\/10\/29\/legvedelmi-raketaosztaly-dunafoldvaron\/#primaryimage","url":"https:\/\/www.part-oldalak.hu\/wordpress\/wp-content\/uploads\/2024\/10\/Dunafoldvar-2-1.jpg","contentUrl":"https:\/\/www.part-oldalak.hu\/wordpress\/wp-content\/uploads\/2024\/10\/Dunafoldvar-2-1.jpg","width":600,"height":397},{"@type":"BreadcrumbList","@id":"https:\/\/www.part-oldalak.hu\/wordpress\/2024\/10\/29\/legvedelmi-raketaosztaly-dunafoldvaron\/#breadcrumb","itemListElement":[{"@type":"ListItem","position":1,"name":"Kezd\u0151lap","item":"https:\/\/www.part-oldalak.hu\/wordpress\/"},{"@type":"ListItem","position":2,"name":"L\u00e9gv\u00e9delmi rak\u00e9taoszt\u00e1ly Dunaf\u00f6ldv\u00e1ron"}]},{"@type":"WebSite","@id":"https:\/\/www.part-oldalak.hu\/wordpress\/#website","url":"https:\/\/www.part-oldalak.hu\/wordpress\/","name":"Part-Oldalak Kultur\u00e1lis Egylet","description":"","potentialAction":[{"@type":"SearchAction","target":{"@type":"EntryPoint","urlTemplate":"https:\/\/www.part-oldalak.hu\/wordpress\/?s={search_term_string}"},"query-input":{"@type":"PropertyValueSpecification","valueRequired":true,"valueName":"search_term_string"}}],"inLanguage":"hu"},{"@type":"Person","@id":"https:\/\/www.part-oldalak.hu\/wordpress\/#\/schema\/person\/9aa2a0ff3c787b06c77f1ef6ce61e06c","name":"Hesser Zolt\u00e1n","image":{"@type":"ImageObject","inLanguage":"hu","@id":"https:\/\/www.part-oldalak.hu\/wordpress\/#\/schema\/person\/image\/","url":"https:\/\/secure.gravatar.com\/avatar\/aa739f000ce1f18e22d3905bbec8bca7?s=96&d=mm&r=g","contentUrl":"https:\/\/secure.gravatar.com\/avatar\/aa739f000ce1f18e22d3905bbec8bca7?s=96&d=mm&r=g","caption":"Hesser Zolt\u00e1n"},"url":"https:\/\/www.part-oldalak.hu\/wordpress\/author\/hesser-zoli\/"}]}},"_links":{"self":[{"href":"https:\/\/www.part-oldalak.hu\/wordpress\/wp-json\/wp\/v2\/posts\/11464"}],"collection":[{"href":"https:\/\/www.part-oldalak.hu\/wordpress\/wp-json\/wp\/v2\/posts"}],"about":[{"href":"https:\/\/www.part-oldalak.hu\/wordpress\/wp-json\/wp\/v2\/types\/post"}],"author":[{"embeddable":true,"href":"https:\/\/www.part-oldalak.hu\/wordpress\/wp-json\/wp\/v2\/users\/16"}],"replies":[{"embeddable":true,"href":"https:\/\/www.part-oldalak.hu\/wordpress\/wp-json\/wp\/v2\/comments?post=11464"}],"version-history":[{"count":4,"href":"https:\/\/www.part-oldalak.hu\/wordpress\/wp-json\/wp\/v2\/posts\/11464\/revisions"}],"predecessor-version":[{"id":11478,"href":"https:\/\/www.part-oldalak.hu\/wordpress\/wp-json\/wp\/v2\/posts\/11464\/revisions\/11478"}],"wp:featuredmedia":[{"embeddable":true,"href":"https:\/\/www.part-oldalak.hu\/wordpress\/wp-json\/wp\/v2\/media\/11475"}],"wp:attachment":[{"href":"https:\/\/www.part-oldalak.hu\/wordpress\/wp-json\/wp\/v2\/media?parent=11464"}],"wp:term":[{"taxonomy":"category","embeddable":true,"href":"https:\/\/www.part-oldalak.hu\/wordpress\/wp-json\/wp\/v2\/categories?post=11464"},{"taxonomy":"post_tag","embeddable":true,"href":"https:\/\/www.part-oldalak.hu\/wordpress\/wp-json\/wp\/v2\/tags?post=11464"}],"curies":[{"name":"wp","href":"https:\/\/api.w.org\/{rel}","templated":true}]}}