{"id":10912,"date":"2024-08-25T19:55:56","date_gmt":"2024-08-25T18:55:56","guid":{"rendered":"https:\/\/www.part-oldalak.hu\/wordpress\/?p=10912"},"modified":"2024-08-25T19:55:56","modified_gmt":"2024-08-25T18:55:56","slug":"unnepi-bucsu-miset-tartottak-az-oregtemplomban","status":"publish","type":"post","link":"https:\/\/www.part-oldalak.hu\/wordpress\/2024\/08\/25\/unnepi-bucsu-miset-tartottak-az-oregtemplomban\/","title":{"rendered":"\u00dcnnepi b\u00facs\u00fa mis\u00e9t tartottak az \u00d6regtemplomban"},"content":{"rendered":"\n<p>Ezen a napon a mise r\u00e9sztvev\u0151i h\u00e1l\u00e1t adnak a templom\u00e9rt \u00e9s minden tov\u00e1bbi\u00e9rt, amit a templomban kaptak, illetve templomunk v\u00e9d\u0151szentj\u00e9r\u0151l, Szent Ilon\u00e1r\u00f3l. Emellett \u00fcnnepelt\u00e9k m\u00e9g a R\u00f3kus k\u00e1polna v\u00e9d\u0151szentj\u00e9t is, Szent R\u00f3kust.<\/p>\n\n\n\n<p>Az \u00fcnnep a templomban kezd\u0151d\u00f6tt, ezt k\u00f6vet\u0151en pedig a templom el\u0151tt folytat\u00f3dott, mivel Szab\u00f3 Oszk\u00e1r pl\u00e9b\u00e1nos szavaival \u00e9lve hit\u00fcnket nem csak a templomban, hanem a templomon k\u00edv\u00fcl is \u00e9lj\u00fck \u00e9s \u00fcnnepelj\u00fck.<\/p>\n\n\n\n<figure class=\"wp-block-gallery has-nested-images columns-default is-cropped wp-block-gallery-1 is-layout-flex wp-block-gallery-is-layout-flex\">\n<figure class=\"wp-block-image size-large\"><img decoding=\"async\" width=\"945\" height=\"532\" data-id=\"10918\" data-src=\"https:\/\/www.part-oldalak.hu\/wordpress\/wp-content\/uploads\/2024\/08\/Kep3-1.jpg\" alt=\"\" class=\"wp-image-10918 lazyload\" data-srcset=\"https:\/\/www.part-oldalak.hu\/wordpress\/wp-content\/uploads\/2024\/08\/Kep3-1.jpg 945w, https:\/\/www.part-oldalak.hu\/wordpress\/wp-content\/uploads\/2024\/08\/Kep3-1-300x169.jpg 300w, https:\/\/www.part-oldalak.hu\/wordpress\/wp-content\/uploads\/2024\/08\/Kep3-1-768x432.jpg 768w\" data-sizes=\"(max-width: 945px) 100vw, 945px\" src=\"data:image\/svg+xml;base64,PHN2ZyB3aWR0aD0iMSIgaGVpZ2h0PSIxIiB4bWxucz0iaHR0cDovL3d3dy53My5vcmcvMjAwMC9zdmciPjwvc3ZnPg==\" style=\"--smush-placeholder-width: 945px; --smush-placeholder-aspect-ratio: 945\/532;\" \/><\/figure>\n\n\n\n<figure class=\"wp-block-image size-large\"><img decoding=\"async\" width=\"945\" height=\"532\" data-id=\"10917\" data-src=\"https:\/\/www.part-oldalak.hu\/wordpress\/wp-content\/uploads\/2024\/08\/Kep2-1.jpg\" alt=\"\" class=\"wp-image-10917 lazyload\" data-srcset=\"https:\/\/www.part-oldalak.hu\/wordpress\/wp-content\/uploads\/2024\/08\/Kep2-1.jpg 945w, https:\/\/www.part-oldalak.hu\/wordpress\/wp-content\/uploads\/2024\/08\/Kep2-1-300x169.jpg 300w, https:\/\/www.part-oldalak.hu\/wordpress\/wp-content\/uploads\/2024\/08\/Kep2-1-768x432.jpg 768w\" data-sizes=\"(max-width: 945px) 100vw, 945px\" src=\"data:image\/svg+xml;base64,PHN2ZyB3aWR0aD0iMSIgaGVpZ2h0PSIxIiB4bWxucz0iaHR0cDovL3d3dy53My5vcmcvMjAwMC9zdmciPjwvc3ZnPg==\" style=\"--smush-placeholder-width: 945px; --smush-placeholder-aspect-ratio: 945\/532;\" \/><\/figure>\n<\/figure>\n\n\n\n<p>A mis\u00e9t k\u00f6vet\u0151en az \u00d6rd\u00f6gszek\u00e9r T\u00e1ncegyes\u00fclet tartott bemutat\u00f3t, majd a Szent R\u00f3kus Borlovagrend, a Magyar M\u00e1ltai Szeretetszolg\u00e1lat Dunaf\u00f6ldv\u00e1ri Csoportja \u00e9s a Kertbar\u00e1tok j\u00f3volt\u00e1b\u00f3l fogyaszthatt\u00e1k el az eb\u00e9ded a r\u00e9sztvev\u0151k, illetve a gyermekek az ugr\u00e1l\u00f3v\u00e1rnak \u00f6r\u00fclhettek.<\/p>\n\n\n\n<figure class=\"wp-block-gallery has-nested-images columns-default is-cropped wp-block-gallery-2 is-layout-flex wp-block-gallery-is-layout-flex\">\n<figure class=\"wp-block-image size-large\"><img decoding=\"async\" width=\"945\" height=\"532\" data-id=\"10921\" data-src=\"https:\/\/www.part-oldalak.hu\/wordpress\/wp-content\/uploads\/2024\/08\/Kep6.jpg\" alt=\"\" class=\"wp-image-10921 lazyload\" data-srcset=\"https:\/\/www.part-oldalak.hu\/wordpress\/wp-content\/uploads\/2024\/08\/Kep6.jpg 945w, https:\/\/www.part-oldalak.hu\/wordpress\/wp-content\/uploads\/2024\/08\/Kep6-300x169.jpg 300w, https:\/\/www.part-oldalak.hu\/wordpress\/wp-content\/uploads\/2024\/08\/Kep6-768x432.jpg 768w\" data-sizes=\"(max-width: 945px) 100vw, 945px\" src=\"data:image\/svg+xml;base64,PHN2ZyB3aWR0aD0iMSIgaGVpZ2h0PSIxIiB4bWxucz0iaHR0cDovL3d3dy53My5vcmcvMjAwMC9zdmciPjwvc3ZnPg==\" style=\"--smush-placeholder-width: 945px; --smush-placeholder-aspect-ratio: 945\/532;\" \/><\/figure>\n\n\n\n<figure class=\"wp-block-image size-large\"><img decoding=\"async\" width=\"945\" height=\"532\" data-id=\"10920\" data-src=\"https:\/\/www.part-oldalak.hu\/wordpress\/wp-content\/uploads\/2024\/08\/Kep5.jpg\" alt=\"\" class=\"wp-image-10920 lazyload\" data-srcset=\"https:\/\/www.part-oldalak.hu\/wordpress\/wp-content\/uploads\/2024\/08\/Kep5.jpg 945w, https:\/\/www.part-oldalak.hu\/wordpress\/wp-content\/uploads\/2024\/08\/Kep5-300x169.jpg 300w, https:\/\/www.part-oldalak.hu\/wordpress\/wp-content\/uploads\/2024\/08\/Kep5-768x432.jpg 768w\" data-sizes=\"(max-width: 945px) 100vw, 945px\" src=\"data:image\/svg+xml;base64,PHN2ZyB3aWR0aD0iMSIgaGVpZ2h0PSIxIiB4bWxucz0iaHR0cDovL3d3dy53My5vcmcvMjAwMC9zdmciPjwvc3ZnPg==\" style=\"--smush-placeholder-width: 945px; --smush-placeholder-aspect-ratio: 945\/532;\" \/><\/figure>\n\n\n\n<figure class=\"wp-block-image size-large\"><img decoding=\"async\" width=\"945\" height=\"532\" data-id=\"10919\" data-src=\"https:\/\/www.part-oldalak.hu\/wordpress\/wp-content\/uploads\/2024\/08\/Kep4-1.jpg\" alt=\"\" class=\"wp-image-10919 lazyload\" data-srcset=\"https:\/\/www.part-oldalak.hu\/wordpress\/wp-content\/uploads\/2024\/08\/Kep4-1.jpg 945w, https:\/\/www.part-oldalak.hu\/wordpress\/wp-content\/uploads\/2024\/08\/Kep4-1-300x169.jpg 300w, https:\/\/www.part-oldalak.hu\/wordpress\/wp-content\/uploads\/2024\/08\/Kep4-1-768x432.jpg 768w\" data-sizes=\"(max-width: 945px) 100vw, 945px\" src=\"data:image\/svg+xml;base64,PHN2ZyB3aWR0aD0iMSIgaGVpZ2h0PSIxIiB4bWxucz0iaHR0cDovL3d3dy53My5vcmcvMjAwMC9zdmciPjwvc3ZnPg==\" style=\"--smush-placeholder-width: 945px; --smush-placeholder-aspect-ratio: 945\/532;\" \/><\/figure>\n<\/figure>\n\n\n\n<p>A b\u00facs\u00fas atya ebben az \u00e9vben Benvin Sebastian Madassery, azaz Sebastian atya, a Magyar-Szerbia Rendtartom\u00e1ny admonitora volt. Sebastian atya tartotta a b\u00facs\u00fa szentmis\u00e9t, valamint egy pr\u00e9dik\u00e1ci\u00f3t is hallhattunk t\u0151le. Sebastian atya D\u00e9l-Indi\u00e1b\u00f3l sz\u00e1rmazik, Kerala \u00e1llamb\u00f3l, \u00e9s a sz\u00edr-malab\u00e1r katolikus egyh\u00e1z tagja. Az atya m\u00e1r 21 \u00e9ve \u00e9l Magyarorsz\u00e1gon \u00e9s fontos tudni r\u00f3la, hogy \u0151 az els\u0151 indiai misszion\u00e1rius, aki Magyarorsz\u00e1gra \u00e9rkezett.<\/p>\n\n\n\n<figure class=\"wp-block-gallery has-nested-images columns-default is-cropped wp-block-gallery-3 is-layout-flex wp-block-gallery-is-layout-flex\">\n<figure class=\"wp-block-image size-large\"><img decoding=\"async\" width=\"945\" height=\"532\" data-id=\"10922\" data-src=\"https:\/\/www.part-oldalak.hu\/wordpress\/wp-content\/uploads\/2024\/08\/Kep7.jpg\" alt=\"\" class=\"wp-image-10922 lazyload\" data-srcset=\"https:\/\/www.part-oldalak.hu\/wordpress\/wp-content\/uploads\/2024\/08\/Kep7.jpg 945w, https:\/\/www.part-oldalak.hu\/wordpress\/wp-content\/uploads\/2024\/08\/Kep7-300x169.jpg 300w, https:\/\/www.part-oldalak.hu\/wordpress\/wp-content\/uploads\/2024\/08\/Kep7-768x432.jpg 768w\" data-sizes=\"(max-width: 945px) 100vw, 945px\" src=\"data:image\/svg+xml;base64,PHN2ZyB3aWR0aD0iMSIgaGVpZ2h0PSIxIiB4bWxucz0iaHR0cDovL3d3dy53My5vcmcvMjAwMC9zdmciPjwvc3ZnPg==\" style=\"--smush-placeholder-width: 945px; --smush-placeholder-aspect-ratio: 945\/532;\" \/><\/figure>\n<\/figure>\n","protected":false},"excerpt":{"rendered":"<p>Augusztus 18-\u00e1n, vas\u00e1rnap megtartott\u00e1k az \u00d6regtemplom templomi b\u00facs\u00fa mis\u00e9j\u00e9t.<\/p>\n","protected":false},"author":14,"featured_media":10913,"comment_status":"open","ping_status":"open","sticky":false,"template":"","format":"standard","meta":{"_monsterinsights_skip_tracking":false,"_monsterinsights_sitenote_active":false,"_monsterinsights_sitenote_note":"","_monsterinsights_sitenote_category":0,"footnotes":""},"categories":[28],"tags":[4],"class_list":["post-10912","post","type-post","status-publish","format-standard","has-post-thumbnail","hentry","category-hitelet","tag-kultura"],"aioseo_notices":[],"yoast_head":"<!-- This site is optimized with the Yoast SEO plugin v25.6 - https:\/\/yoast.com\/wordpress\/plugins\/seo\/ -->\n<title>\u00dcnnepi b\u00facs\u00fa mis\u00e9t tartottak az \u00d6regtemplomban - Part-Oldalak Kultur\u00e1lis Egylet<\/title>\n<meta name=\"robots\" content=\"index, follow, max-snippet:-1, max-image-preview:large, max-video-preview:-1\" \/>\n<link rel=\"canonical\" href=\"https:\/\/www.part-oldalak.hu\/wordpress\/2024\/08\/25\/unnepi-bucsu-miset-tartottak-az-oregtemplomban\/\" \/>\n<meta property=\"og:locale\" content=\"hu_HU\" \/>\n<meta property=\"og:type\" content=\"article\" \/>\n<meta property=\"og:title\" content=\"\u00dcnnepi b\u00facs\u00fa mis\u00e9t tartottak az \u00d6regtemplomban - Part-Oldalak Kultur\u00e1lis Egylet\" \/>\n<meta property=\"og:description\" content=\"Augusztus 18-\u00e1n, vas\u00e1rnap megtartott\u00e1k az \u00d6regtemplom templomi b\u00facs\u00fa mis\u00e9j\u00e9t.\" \/>\n<meta property=\"og:url\" content=\"https:\/\/www.part-oldalak.hu\/wordpress\/2024\/08\/25\/unnepi-bucsu-miset-tartottak-az-oregtemplomban\/\" \/>\n<meta property=\"og:site_name\" content=\"Part-Oldalak Kultur\u00e1lis Egylet\" \/>\n<meta property=\"article:published_time\" content=\"2024-08-25T18:55:56+00:00\" \/>\n<meta property=\"og:image\" content=\"https:\/\/www.part-oldalak.hu\/wordpress\/wp-content\/uploads\/2024\/08\/Kep1.jpg\" \/>\n\t<meta property=\"og:image:width\" content=\"945\" \/>\n\t<meta property=\"og:image:height\" content=\"532\" \/>\n\t<meta property=\"og:image:type\" content=\"image\/jpeg\" \/>\n<meta name=\"author\" content=\"Leibinger Anita\" \/>\n<meta name=\"twitter:card\" content=\"summary_large_image\" \/>\n<meta name=\"twitter:label1\" content=\"Szerz\u0151:\" \/>\n\t<meta name=\"twitter:data1\" content=\"Leibinger Anita\" \/>\n\t<meta name=\"twitter:label2\" content=\"Becs\u00fclt olvas\u00e1si id\u0151\" \/>\n\t<meta name=\"twitter:data2\" content=\"1 perc\" \/>\n<script type=\"application\/ld+json\" class=\"yoast-schema-graph\">{\"@context\":\"https:\/\/schema.org\",\"@graph\":[{\"@type\":\"WebPage\",\"@id\":\"https:\/\/www.part-oldalak.hu\/wordpress\/2024\/08\/25\/unnepi-bucsu-miset-tartottak-az-oregtemplomban\/\",\"url\":\"https:\/\/www.part-oldalak.hu\/wordpress\/2024\/08\/25\/unnepi-bucsu-miset-tartottak-az-oregtemplomban\/\",\"name\":\"\u00dcnnepi b\u00facs\u00fa mis\u00e9t tartottak az \u00d6regtemplomban - Part-Oldalak Kultur\u00e1lis Egylet\",\"isPartOf\":{\"@id\":\"https:\/\/www.part-oldalak.hu\/wordpress\/#website\"},\"primaryImageOfPage\":{\"@id\":\"https:\/\/www.part-oldalak.hu\/wordpress\/2024\/08\/25\/unnepi-bucsu-miset-tartottak-az-oregtemplomban\/#primaryimage\"},\"image\":{\"@id\":\"https:\/\/www.part-oldalak.hu\/wordpress\/2024\/08\/25\/unnepi-bucsu-miset-tartottak-az-oregtemplomban\/#primaryimage\"},\"thumbnailUrl\":\"https:\/\/www.part-oldalak.hu\/wordpress\/wp-content\/uploads\/2024\/08\/Kep1.jpg\",\"datePublished\":\"2024-08-25T18:55:56+00:00\",\"author\":{\"@id\":\"https:\/\/www.part-oldalak.hu\/wordpress\/#\/schema\/person\/c467c61afc645940f7ebfc73d4432e33\"},\"breadcrumb\":{\"@id\":\"https:\/\/www.part-oldalak.hu\/wordpress\/2024\/08\/25\/unnepi-bucsu-miset-tartottak-az-oregtemplomban\/#breadcrumb\"},\"inLanguage\":\"hu\",\"potentialAction\":[{\"@type\":\"ReadAction\",\"target\":[\"https:\/\/www.part-oldalak.hu\/wordpress\/2024\/08\/25\/unnepi-bucsu-miset-tartottak-az-oregtemplomban\/\"]}]},{\"@type\":\"ImageObject\",\"inLanguage\":\"hu\",\"@id\":\"https:\/\/www.part-oldalak.hu\/wordpress\/2024\/08\/25\/unnepi-bucsu-miset-tartottak-az-oregtemplomban\/#primaryimage\",\"url\":\"https:\/\/www.part-oldalak.hu\/wordpress\/wp-content\/uploads\/2024\/08\/Kep1.jpg\",\"contentUrl\":\"https:\/\/www.part-oldalak.hu\/wordpress\/wp-content\/uploads\/2024\/08\/Kep1.jpg\",\"width\":945,\"height\":532},{\"@type\":\"BreadcrumbList\",\"@id\":\"https:\/\/www.part-oldalak.hu\/wordpress\/2024\/08\/25\/unnepi-bucsu-miset-tartottak-az-oregtemplomban\/#breadcrumb\",\"itemListElement\":[{\"@type\":\"ListItem\",\"position\":1,\"name\":\"Kezd\u0151lap\",\"item\":\"https:\/\/www.part-oldalak.hu\/wordpress\/\"},{\"@type\":\"ListItem\",\"position\":2,\"name\":\"\u00dcnnepi b\u00facs\u00fa mis\u00e9t tartottak az \u00d6regtemplomban\"}]},{\"@type\":\"WebSite\",\"@id\":\"https:\/\/www.part-oldalak.hu\/wordpress\/#website\",\"url\":\"https:\/\/www.part-oldalak.hu\/wordpress\/\",\"name\":\"Part-Oldalak Kultur\u00e1lis Egylet\",\"description\":\"\",\"potentialAction\":[{\"@type\":\"SearchAction\",\"target\":{\"@type\":\"EntryPoint\",\"urlTemplate\":\"https:\/\/www.part-oldalak.hu\/wordpress\/?s={search_term_string}\"},\"query-input\":{\"@type\":\"PropertyValueSpecification\",\"valueRequired\":true,\"valueName\":\"search_term_string\"}}],\"inLanguage\":\"hu\"},{\"@type\":\"Person\",\"@id\":\"https:\/\/www.part-oldalak.hu\/wordpress\/#\/schema\/person\/c467c61afc645940f7ebfc73d4432e33\",\"name\":\"Leibinger Anita\",\"image\":{\"@type\":\"ImageObject\",\"inLanguage\":\"hu\",\"@id\":\"https:\/\/www.part-oldalak.hu\/wordpress\/#\/schema\/person\/image\/\",\"url\":\"https:\/\/secure.gravatar.com\/avatar\/a42546499ceb0091c8d0759b8f8f51ac?s=96&d=mm&r=g\",\"contentUrl\":\"https:\/\/secure.gravatar.com\/avatar\/a42546499ceb0091c8d0759b8f8f51ac?s=96&d=mm&r=g\",\"caption\":\"Leibinger Anita\"},\"url\":\"https:\/\/www.part-oldalak.hu\/wordpress\/author\/leibinger-anita\/\"}]}<\/script>\n<!-- \/ Yoast SEO plugin. -->","yoast_head_json":{"title":"\u00dcnnepi b\u00facs\u00fa mis\u00e9t tartottak az \u00d6regtemplomban - Part-Oldalak Kultur\u00e1lis Egylet","robots":{"index":"index","follow":"follow","max-snippet":"max-snippet:-1","max-image-preview":"max-image-preview:large","max-video-preview":"max-video-preview:-1"},"canonical":"https:\/\/www.part-oldalak.hu\/wordpress\/2024\/08\/25\/unnepi-bucsu-miset-tartottak-az-oregtemplomban\/","og_locale":"hu_HU","og_type":"article","og_title":"\u00dcnnepi b\u00facs\u00fa mis\u00e9t tartottak az \u00d6regtemplomban - Part-Oldalak Kultur\u00e1lis Egylet","og_description":"Augusztus 18-\u00e1n, vas\u00e1rnap megtartott\u00e1k az \u00d6regtemplom templomi b\u00facs\u00fa mis\u00e9j\u00e9t.","og_url":"https:\/\/www.part-oldalak.hu\/wordpress\/2024\/08\/25\/unnepi-bucsu-miset-tartottak-az-oregtemplomban\/","og_site_name":"Part-Oldalak Kultur\u00e1lis Egylet","article_published_time":"2024-08-25T18:55:56+00:00","og_image":[{"width":945,"height":532,"url":"https:\/\/www.part-oldalak.hu\/wordpress\/wp-content\/uploads\/2024\/08\/Kep1.jpg","type":"image\/jpeg"}],"author":"Leibinger Anita","twitter_card":"summary_large_image","twitter_misc":{"Szerz\u0151:":"Leibinger Anita","Becs\u00fclt olvas\u00e1si id\u0151":"1 perc"},"schema":{"@context":"https:\/\/schema.org","@graph":[{"@type":"WebPage","@id":"https:\/\/www.part-oldalak.hu\/wordpress\/2024\/08\/25\/unnepi-bucsu-miset-tartottak-az-oregtemplomban\/","url":"https:\/\/www.part-oldalak.hu\/wordpress\/2024\/08\/25\/unnepi-bucsu-miset-tartottak-az-oregtemplomban\/","name":"\u00dcnnepi b\u00facs\u00fa mis\u00e9t tartottak az \u00d6regtemplomban - Part-Oldalak Kultur\u00e1lis Egylet","isPartOf":{"@id":"https:\/\/www.part-oldalak.hu\/wordpress\/#website"},"primaryImageOfPage":{"@id":"https:\/\/www.part-oldalak.hu\/wordpress\/2024\/08\/25\/unnepi-bucsu-miset-tartottak-az-oregtemplomban\/#primaryimage"},"image":{"@id":"https:\/\/www.part-oldalak.hu\/wordpress\/2024\/08\/25\/unnepi-bucsu-miset-tartottak-az-oregtemplomban\/#primaryimage"},"thumbnailUrl":"https:\/\/www.part-oldalak.hu\/wordpress\/wp-content\/uploads\/2024\/08\/Kep1.jpg","datePublished":"2024-08-25T18:55:56+00:00","author":{"@id":"https:\/\/www.part-oldalak.hu\/wordpress\/#\/schema\/person\/c467c61afc645940f7ebfc73d4432e33"},"breadcrumb":{"@id":"https:\/\/www.part-oldalak.hu\/wordpress\/2024\/08\/25\/unnepi-bucsu-miset-tartottak-az-oregtemplomban\/#breadcrumb"},"inLanguage":"hu","potentialAction":[{"@type":"ReadAction","target":["https:\/\/www.part-oldalak.hu\/wordpress\/2024\/08\/25\/unnepi-bucsu-miset-tartottak-az-oregtemplomban\/"]}]},{"@type":"ImageObject","inLanguage":"hu","@id":"https:\/\/www.part-oldalak.hu\/wordpress\/2024\/08\/25\/unnepi-bucsu-miset-tartottak-az-oregtemplomban\/#primaryimage","url":"https:\/\/www.part-oldalak.hu\/wordpress\/wp-content\/uploads\/2024\/08\/Kep1.jpg","contentUrl":"https:\/\/www.part-oldalak.hu\/wordpress\/wp-content\/uploads\/2024\/08\/Kep1.jpg","width":945,"height":532},{"@type":"BreadcrumbList","@id":"https:\/\/www.part-oldalak.hu\/wordpress\/2024\/08\/25\/unnepi-bucsu-miset-tartottak-az-oregtemplomban\/#breadcrumb","itemListElement":[{"@type":"ListItem","position":1,"name":"Kezd\u0151lap","item":"https:\/\/www.part-oldalak.hu\/wordpress\/"},{"@type":"ListItem","position":2,"name":"\u00dcnnepi b\u00facs\u00fa mis\u00e9t tartottak az \u00d6regtemplomban"}]},{"@type":"WebSite","@id":"https:\/\/www.part-oldalak.hu\/wordpress\/#website","url":"https:\/\/www.part-oldalak.hu\/wordpress\/","name":"Part-Oldalak Kultur\u00e1lis Egylet","description":"","potentialAction":[{"@type":"SearchAction","target":{"@type":"EntryPoint","urlTemplate":"https:\/\/www.part-oldalak.hu\/wordpress\/?s={search_term_string}"},"query-input":{"@type":"PropertyValueSpecification","valueRequired":true,"valueName":"search_term_string"}}],"inLanguage":"hu"},{"@type":"Person","@id":"https:\/\/www.part-oldalak.hu\/wordpress\/#\/schema\/person\/c467c61afc645940f7ebfc73d4432e33","name":"Leibinger Anita","image":{"@type":"ImageObject","inLanguage":"hu","@id":"https:\/\/www.part-oldalak.hu\/wordpress\/#\/schema\/person\/image\/","url":"https:\/\/secure.gravatar.com\/avatar\/a42546499ceb0091c8d0759b8f8f51ac?s=96&d=mm&r=g","contentUrl":"https:\/\/secure.gravatar.com\/avatar\/a42546499ceb0091c8d0759b8f8f51ac?s=96&d=mm&r=g","caption":"Leibinger Anita"},"url":"https:\/\/www.part-oldalak.hu\/wordpress\/author\/leibinger-anita\/"}]}},"_links":{"self":[{"href":"https:\/\/www.part-oldalak.hu\/wordpress\/wp-json\/wp\/v2\/posts\/10912"}],"collection":[{"href":"https:\/\/www.part-oldalak.hu\/wordpress\/wp-json\/wp\/v2\/posts"}],"about":[{"href":"https:\/\/www.part-oldalak.hu\/wordpress\/wp-json\/wp\/v2\/types\/post"}],"author":[{"embeddable":true,"href":"https:\/\/www.part-oldalak.hu\/wordpress\/wp-json\/wp\/v2\/users\/14"}],"replies":[{"embeddable":true,"href":"https:\/\/www.part-oldalak.hu\/wordpress\/wp-json\/wp\/v2\/comments?post=10912"}],"version-history":[{"count":3,"href":"https:\/\/www.part-oldalak.hu\/wordpress\/wp-json\/wp\/v2\/posts\/10912\/revisions"}],"predecessor-version":[{"id":10939,"href":"https:\/\/www.part-oldalak.hu\/wordpress\/wp-json\/wp\/v2\/posts\/10912\/revisions\/10939"}],"wp:featuredmedia":[{"embeddable":true,"href":"https:\/\/www.part-oldalak.hu\/wordpress\/wp-json\/wp\/v2\/media\/10913"}],"wp:attachment":[{"href":"https:\/\/www.part-oldalak.hu\/wordpress\/wp-json\/wp\/v2\/media?parent=10912"}],"wp:term":[{"taxonomy":"category","embeddable":true,"href":"https:\/\/www.part-oldalak.hu\/wordpress\/wp-json\/wp\/v2\/categories?post=10912"},{"taxonomy":"post_tag","embeddable":true,"href":"https:\/\/www.part-oldalak.hu\/wordpress\/wp-json\/wp\/v2\/tags?post=10912"}],"curies":[{"name":"wp","href":"https:\/\/api.w.org\/{rel}","templated":true}]}}