{"id":10179,"date":"2024-05-11T20:29:59","date_gmt":"2024-05-11T19:29:59","guid":{"rendered":"https:\/\/www.part-oldalak.hu\/wordpress\/?p=10179"},"modified":"2024-05-11T20:29:59","modified_gmt":"2024-05-11T19:29:59","slug":"polgarmesterjelolt-jakli-mihaly","status":"publish","type":"post","link":"https:\/\/www.part-oldalak.hu\/wordpress\/2024\/05\/11\/polgarmesterjelolt-jakli-mihaly\/","title":{"rendered":"Polg\u00e1rmesterjel\u00f6lt: J\u00e1kli Mih\u00e1ly"},"content":{"rendered":"\n<p>Tisztess\u00e9gben Dunaf\u00f6ldv\u00e1r\u00e9rt!<\/p>\n\n\n\n<p>Dunaf\u00f6ldv\u00e1ron sz\u00fclettem, az egyetemi \u00e9vekt\u0151l eltekintve itt \u00e9lek sz\u00fclet\u00e9sem \u00f3ta, \u00e9s tov\u00e1bbra is itt tervezem le\u00e9lni az \u00e9letemet.<\/p>\n\n\n\n<p>Agr\u00e1rm\u00e9rn\u00f6kk\u00e9nt v\u00e9geztem, saj\u00e1t v\u00e1llalkoz\u00e1somat vezetem. Mindig r\u00e9szese voltam a k\u00f6z\u00e9letnek: k\u00e1rp\u00f3tl\u00e1si tan\u00e1csad\u00f3k\u00e9nt a rendszerv\u00e1lt\u00e1skor, hegyb\u00edr\u00f3k\u00e9nt, k\u00fcls\u0151s mez\u0151gazdas\u00e1gi bizotts\u00e1gi tagk\u00e9nt, orsz\u00e1gos kamarai k\u00fcld\u00f6ttk\u00e9nt.<\/p>\n\n\n\n<p>Akik k\u00f6zelebbr\u0151l ismernek, azok tudj\u00e1k, az \u00edg\u00e9rget\u00e9s nem az \u00e9n asztalom. Mindig maradok k\u00e9t l\u00e1bbal a f\u00f6ld\u00f6n, hiszen tov\u00e1bbra is tiszta tekintettel k\u00edv\u00e1nok a v\u00e1ros lak\u00f3inak szem\u00e9be n\u00e9zni. Fontos sz\u00e1momra a ny\u00edlt kommunik\u00e1ci\u00f3, a lakoss\u00e1g folyamatos t\u00e1j\u00e9koztat\u00e1sa, el\u0151zetes v\u00e9lem\u00e9ny\u00e9nek kik\u00e9r\u00e9se<a> a nagy horderej\u0171 \u00e9s \u0151ket \u00e9rint\u0151 k\u00e9rd\u00e9sekben. Ez egyben a tiszta d\u00f6nt\u00e9shozatalt is seg\u00edti, ami szint\u00e9n priorit\u00e1s sz\u00e1momra. Ne csak az \u00e9venk\u00e9nti egy k\u00f6zmeghallgat\u00e1s legyen a szabad v\u00e9lem\u00e9nynyilv\u00e1n\u00edt\u00e1s f\u00f3ruma a v\u00e1rosban,<\/a><\/p>\n\n\n\n<p>A transzparens kommunik\u00e1ci\u00f3 r\u00e9sz\u00e9t k\u00e9pezi az is, hogy a v\u00e1ros vezet\u00e9se el\u00e9rhet\u0151 legyen. A polg\u00e1rok \u00fcgyes-bajos gondjaikkal b\u00e1tran kereshess\u00e9k fel a v\u00e1rosh\u00e1z\u00e1t, ahonnan seg\u00edts\u00e9get kaphatnak. Dunaf\u00f6ldv\u00e1r egy kisv\u00e1ros, ahol a kis k\u00f6z\u00f6ss\u00e9gek, civil szervezetek nagy szerepet kapnak az \u00e1ltal, hogy szinte mindenki ismer mindenkit, \u00e9s ha seg\u00edts\u00e9gre szorul valaki, a v\u00e1ros vezet\u00e9s\u00e9nek is ki kell vennie a seg\u00edt\u00e9sb\u0151l a r\u00e9sz\u00e9t.<\/p>\n\n\n\n<p>2019 \u00f3ta vagyok a k\u00e9pvisel\u0151-test\u00fclet tagja. Az elm\u00falt 5 \u00e9vben \u00d6n\u00f6k is tapasztalhatt\u00e1k, hogy minden esetben a v\u00e1ros \u00e9s az itt \u00e9l\u0151k \u00e9rdekeit k\u00e9pviseltem. Legyen sz\u00f3 p\u00e9ld\u00e1ul a B\u00e9ke t\u00e9r 1. beruh\u00e1z\u00e1sr\u00f3l, vagy \u00e9ppen a Feh\u00e9rv\u00e1ri utc\u00e1ra tervezett monument\u00e1lis \u00e9p\u00fcletr\u0151l. Ahogy a telev\u00edzi\u00f3s k\u00f6zvet\u00edt\u00e9sek sor\u00e1n \u00d6n\u00f6k is l\u00e1thatt\u00e1k, v\u00e9lem\u00e9nyemet nem rejtem v\u00e9ka al\u00e1, hiszen csakis \u00edgy lehet a helyi politik\u00e1ban eredm\u00e9nyt el\u00e9rni.<\/p>\n\n\n\n<p>A v\u00e1rosunknak \u00faj lend\u00fcletet kell adni az elm\u00falt \u00e9vek lejtmenete ut\u00e1n!<\/p>\n\n\n\n<p>Dunaf\u00f6ldv\u00e1r -elt\u00e9r\u0151en a hasonl\u00f3 n\u00e9pess\u00e9gsz\u00e1mmal rendelkez\u0151 telep\u00fcl\u00e9sekt\u0151l- k\u00f6lts\u00e9gvet\u00e9s\u00e9t tekintve nagyon kedvez\u0151 helyzetben van. Ebb\u0151l a k\u00f6lts\u00e9gvet\u00e9sb\u0151l racionaliz\u00e1lt gazd\u00e1lkod\u00e1ssal 1\/3-dal t\u00f6bb beruh\u00e1z\u00e1st lehet megval\u00f3s\u00edtani. Ez a gazd\u00e1lkod\u00e1si m\u00f3d nem ismeretlen sz\u00e1momra, hiszen 25 \u00e9vig vezettem v\u00e1rosunk takar\u00e9ksz\u00f6vetkezet\u00e9t.<\/p>\n\n\n\n<p>V\u00e1rosunk \u00e9ves bev\u00e9teleinek nagys\u00e1ga nem indokolja a kommun\u00e1lis ad\u00f3 kivet\u00e9s\u00e9t, \u00e9s a v\u00e9rv\u00e9tel d\u00edj\u00e1nak megfizettet\u00e9s\u00e9t sem. Ez\u00e9rt megv\u00e1laszt\u00e1som eset\u00e9n els\u0151 l\u00e9p\u00e9sk\u00e9nt a meg\u00fajult k\u00e9pvisel\u0151 test\u00fclettel egy\u00fctt mindkett\u0151t elt\u00f6r\u00f6ln\u00e9m.<\/p>\n\n\n\n<p>\u00c1tl\u00e1that\u00f3an m\u0171k\u00f6d\u0151, hagyom\u00e1nyait, \u00e9rt\u00e9keit meg\u0151rz\u0151, de egy\u00fattal meg\u00fajul\u00f3 v\u00e1rosban gondolkodom. Fontos sz\u00e1momra a v\u00e1ros gazdas\u00e1g\u00e1nak \u00e9l\u00e9nk\u00edt\u00e9se (az el\u00fcld\u00f6z\u00f6tt v\u00e1llalkoz\u00f3k visszah\u00edv\u00e1sa) mellett kult\u00far\u00e1j\u00e1nak (a M\u0171vel\u0151d\u00e9s H\u00e1z kib\u0151v\u00edt\u00e9se, fel\u00faj\u00edt\u00e1sa), sportj\u00e1nak el\u0151t\u00e9rbe helyez\u00e9se is. Minden \u00e1gazatban teret kell adnunk a helyi tehets\u00e9gek kibontakoz\u00e1s\u00e1nak, felvir\u00e1gz\u00e1s\u00e1nak.<\/p>\n\n\n\n<p>K\u00f6sz\u00f6n\u00f6m mindenkinek az eddigi bizalmat, amivel 2019-ben a k\u00e9pvisel\u0151-test\u00fcletbe juttattak, \u00e9s ez\u00e1ltal megszerezhettem az \u00f6nkorm\u00e1nyzati szakmai tapasztalatot is. Most arra k\u00e9rem \u00d6n\u00f6ket, hogy emelj\u00fck egy\u00fctt magasabb szintre a v\u00e1ros vezet\u00e9s\u00e9ben bet\u00f6lt\u00f6tt szerepemet, 2024-t\u0151l b\u00edzz\u00e1k r\u00e1m a v\u00e1ros vezet\u00e9s\u00e9t, \u00e9s szavazzanak r\u00e1m!<\/p>\n","protected":false},"excerpt":{"rendered":"<p>Tisztess\u00e9gben Dunaf\u00f6ldv\u00e1r\u00e9rt! Dunaf\u00f6ldv\u00e1ron sz\u00fclettem, az egyetemi \u00e9vekt\u0151l eltekintve itt \u00e9lek sz\u00fclet\u00e9sem \u00f3ta, \u00e9s tov\u00e1bbra is itt tervezem le\u00e9lni<\/p>\n","protected":false},"author":2,"featured_media":10150,"comment_status":"open","ping_status":"open","sticky":false,"template":"","format":"standard","meta":{"_monsterinsights_skip_tracking":false,"_monsterinsights_sitenote_active":false,"_monsterinsights_sitenote_note":"","_monsterinsights_sitenote_category":0,"footnotes":""},"categories":[59],"tags":[60],"class_list":["post-10179","post","type-post","status-publish","format-standard","has-post-thumbnail","hentry","category-valasztas-2024","tag-valasztas2024"],"aioseo_notices":[],"yoast_head":"<!-- This site is optimized with the Yoast SEO plugin v25.6 - https:\/\/yoast.com\/wordpress\/plugins\/seo\/ -->\n<title>Polg\u00e1rmesterjel\u00f6lt: J\u00e1kli Mih\u00e1ly - Part-Oldalak Kultur\u00e1lis Egylet<\/title>\n<meta name=\"robots\" content=\"index, follow, max-snippet:-1, max-image-preview:large, max-video-preview:-1\" \/>\n<link rel=\"canonical\" href=\"https:\/\/www.part-oldalak.hu\/wordpress\/2024\/05\/11\/polgarmesterjelolt-jakli-mihaly\/\" \/>\n<meta property=\"og:locale\" content=\"hu_HU\" \/>\n<meta property=\"og:type\" content=\"article\" \/>\n<meta property=\"og:title\" content=\"Polg\u00e1rmesterjel\u00f6lt: J\u00e1kli Mih\u00e1ly - Part-Oldalak Kultur\u00e1lis Egylet\" \/>\n<meta property=\"og:description\" content=\"Tisztess\u00e9gben Dunaf\u00f6ldv\u00e1r\u00e9rt! Dunaf\u00f6ldv\u00e1ron sz\u00fclettem, az egyetemi \u00e9vekt\u0151l eltekintve itt \u00e9lek sz\u00fclet\u00e9sem \u00f3ta, \u00e9s tov\u00e1bbra is itt tervezem le\u00e9lni\" \/>\n<meta property=\"og:url\" content=\"https:\/\/www.part-oldalak.hu\/wordpress\/2024\/05\/11\/polgarmesterjelolt-jakli-mihaly\/\" \/>\n<meta property=\"og:site_name\" content=\"Part-Oldalak Kultur\u00e1lis Egylet\" \/>\n<meta property=\"article:published_time\" content=\"2024-05-11T19:29:59+00:00\" \/>\n<meta property=\"og:image\" content=\"https:\/\/www.part-oldalak.hu\/wordpress\/wp-content\/uploads\/2024\/05\/8.jpg\" \/>\n\t<meta property=\"og:image:width\" content=\"2240\" \/>\n\t<meta property=\"og:image:height\" content=\"1260\" \/>\n\t<meta property=\"og:image:type\" content=\"image\/jpeg\" \/>\n<meta name=\"author\" content=\"Kelemen Dorottya\" \/>\n<meta name=\"twitter:card\" content=\"summary_large_image\" \/>\n<meta name=\"twitter:label1\" content=\"Szerz\u0151:\" \/>\n\t<meta name=\"twitter:data1\" content=\"Kelemen Dorottya\" \/>\n\t<meta name=\"twitter:label2\" content=\"Becs\u00fclt olvas\u00e1si id\u0151\" \/>\n\t<meta name=\"twitter:data2\" content=\"3 perc\" \/>\n<script type=\"application\/ld+json\" class=\"yoast-schema-graph\">{\"@context\":\"https:\/\/schema.org\",\"@graph\":[{\"@type\":\"WebPage\",\"@id\":\"https:\/\/www.part-oldalak.hu\/wordpress\/2024\/05\/11\/polgarmesterjelolt-jakli-mihaly\/\",\"url\":\"https:\/\/www.part-oldalak.hu\/wordpress\/2024\/05\/11\/polgarmesterjelolt-jakli-mihaly\/\",\"name\":\"Polg\u00e1rmesterjel\u00f6lt: J\u00e1kli Mih\u00e1ly - Part-Oldalak Kultur\u00e1lis Egylet\",\"isPartOf\":{\"@id\":\"https:\/\/www.part-oldalak.hu\/wordpress\/#website\"},\"primaryImageOfPage\":{\"@id\":\"https:\/\/www.part-oldalak.hu\/wordpress\/2024\/05\/11\/polgarmesterjelolt-jakli-mihaly\/#primaryimage\"},\"image\":{\"@id\":\"https:\/\/www.part-oldalak.hu\/wordpress\/2024\/05\/11\/polgarmesterjelolt-jakli-mihaly\/#primaryimage\"},\"thumbnailUrl\":\"https:\/\/www.part-oldalak.hu\/wordpress\/wp-content\/uploads\/2024\/05\/8.jpg\",\"datePublished\":\"2024-05-11T19:29:59+00:00\",\"author\":{\"@id\":\"https:\/\/www.part-oldalak.hu\/wordpress\/#\/schema\/person\/c884fbd77fcee1cb2ee4cdb02d55315f\"},\"breadcrumb\":{\"@id\":\"https:\/\/www.part-oldalak.hu\/wordpress\/2024\/05\/11\/polgarmesterjelolt-jakli-mihaly\/#breadcrumb\"},\"inLanguage\":\"hu\",\"potentialAction\":[{\"@type\":\"ReadAction\",\"target\":[\"https:\/\/www.part-oldalak.hu\/wordpress\/2024\/05\/11\/polgarmesterjelolt-jakli-mihaly\/\"]}]},{\"@type\":\"ImageObject\",\"inLanguage\":\"hu\",\"@id\":\"https:\/\/www.part-oldalak.hu\/wordpress\/2024\/05\/11\/polgarmesterjelolt-jakli-mihaly\/#primaryimage\",\"url\":\"https:\/\/www.part-oldalak.hu\/wordpress\/wp-content\/uploads\/2024\/05\/8.jpg\",\"contentUrl\":\"https:\/\/www.part-oldalak.hu\/wordpress\/wp-content\/uploads\/2024\/05\/8.jpg\",\"width\":2240,\"height\":1260},{\"@type\":\"BreadcrumbList\",\"@id\":\"https:\/\/www.part-oldalak.hu\/wordpress\/2024\/05\/11\/polgarmesterjelolt-jakli-mihaly\/#breadcrumb\",\"itemListElement\":[{\"@type\":\"ListItem\",\"position\":1,\"name\":\"Kezd\u0151lap\",\"item\":\"https:\/\/www.part-oldalak.hu\/wordpress\/\"},{\"@type\":\"ListItem\",\"position\":2,\"name\":\"Polg\u00e1rmesterjel\u00f6lt: J\u00e1kli Mih\u00e1ly\"}]},{\"@type\":\"WebSite\",\"@id\":\"https:\/\/www.part-oldalak.hu\/wordpress\/#website\",\"url\":\"https:\/\/www.part-oldalak.hu\/wordpress\/\",\"name\":\"Part-Oldalak Kultur\u00e1lis Egylet\",\"description\":\"\",\"potentialAction\":[{\"@type\":\"SearchAction\",\"target\":{\"@type\":\"EntryPoint\",\"urlTemplate\":\"https:\/\/www.part-oldalak.hu\/wordpress\/?s={search_term_string}\"},\"query-input\":{\"@type\":\"PropertyValueSpecification\",\"valueRequired\":true,\"valueName\":\"search_term_string\"}}],\"inLanguage\":\"hu\"},{\"@type\":\"Person\",\"@id\":\"https:\/\/www.part-oldalak.hu\/wordpress\/#\/schema\/person\/c884fbd77fcee1cb2ee4cdb02d55315f\",\"name\":\"Kelemen Dorottya\",\"image\":{\"@type\":\"ImageObject\",\"inLanguage\":\"hu\",\"@id\":\"https:\/\/www.part-oldalak.hu\/wordpress\/#\/schema\/person\/image\/\",\"url\":\"https:\/\/secure.gravatar.com\/avatar\/9da28a4fe1cf6c75e5132163678f9461?s=96&d=mm&r=g\",\"contentUrl\":\"https:\/\/secure.gravatar.com\/avatar\/9da28a4fe1cf6c75e5132163678f9461?s=96&d=mm&r=g\",\"caption\":\"Kelemen Dorottya\"},\"url\":\"https:\/\/www.part-oldalak.hu\/wordpress\/author\/kelemen-dorottya\/\"}]}<\/script>\n<!-- \/ Yoast SEO plugin. -->","yoast_head_json":{"title":"Polg\u00e1rmesterjel\u00f6lt: J\u00e1kli Mih\u00e1ly - Part-Oldalak Kultur\u00e1lis Egylet","robots":{"index":"index","follow":"follow","max-snippet":"max-snippet:-1","max-image-preview":"max-image-preview:large","max-video-preview":"max-video-preview:-1"},"canonical":"https:\/\/www.part-oldalak.hu\/wordpress\/2024\/05\/11\/polgarmesterjelolt-jakli-mihaly\/","og_locale":"hu_HU","og_type":"article","og_title":"Polg\u00e1rmesterjel\u00f6lt: J\u00e1kli Mih\u00e1ly - Part-Oldalak Kultur\u00e1lis Egylet","og_description":"Tisztess\u00e9gben Dunaf\u00f6ldv\u00e1r\u00e9rt! Dunaf\u00f6ldv\u00e1ron sz\u00fclettem, az egyetemi \u00e9vekt\u0151l eltekintve itt \u00e9lek sz\u00fclet\u00e9sem \u00f3ta, \u00e9s tov\u00e1bbra is itt tervezem le\u00e9lni","og_url":"https:\/\/www.part-oldalak.hu\/wordpress\/2024\/05\/11\/polgarmesterjelolt-jakli-mihaly\/","og_site_name":"Part-Oldalak Kultur\u00e1lis Egylet","article_published_time":"2024-05-11T19:29:59+00:00","og_image":[{"width":2240,"height":1260,"url":"https:\/\/www.part-oldalak.hu\/wordpress\/wp-content\/uploads\/2024\/05\/8.jpg","type":"image\/jpeg"}],"author":"Kelemen Dorottya","twitter_card":"summary_large_image","twitter_misc":{"Szerz\u0151:":"Kelemen Dorottya","Becs\u00fclt olvas\u00e1si id\u0151":"3 perc"},"schema":{"@context":"https:\/\/schema.org","@graph":[{"@type":"WebPage","@id":"https:\/\/www.part-oldalak.hu\/wordpress\/2024\/05\/11\/polgarmesterjelolt-jakli-mihaly\/","url":"https:\/\/www.part-oldalak.hu\/wordpress\/2024\/05\/11\/polgarmesterjelolt-jakli-mihaly\/","name":"Polg\u00e1rmesterjel\u00f6lt: J\u00e1kli Mih\u00e1ly - Part-Oldalak Kultur\u00e1lis Egylet","isPartOf":{"@id":"https:\/\/www.part-oldalak.hu\/wordpress\/#website"},"primaryImageOfPage":{"@id":"https:\/\/www.part-oldalak.hu\/wordpress\/2024\/05\/11\/polgarmesterjelolt-jakli-mihaly\/#primaryimage"},"image":{"@id":"https:\/\/www.part-oldalak.hu\/wordpress\/2024\/05\/11\/polgarmesterjelolt-jakli-mihaly\/#primaryimage"},"thumbnailUrl":"https:\/\/www.part-oldalak.hu\/wordpress\/wp-content\/uploads\/2024\/05\/8.jpg","datePublished":"2024-05-11T19:29:59+00:00","author":{"@id":"https:\/\/www.part-oldalak.hu\/wordpress\/#\/schema\/person\/c884fbd77fcee1cb2ee4cdb02d55315f"},"breadcrumb":{"@id":"https:\/\/www.part-oldalak.hu\/wordpress\/2024\/05\/11\/polgarmesterjelolt-jakli-mihaly\/#breadcrumb"},"inLanguage":"hu","potentialAction":[{"@type":"ReadAction","target":["https:\/\/www.part-oldalak.hu\/wordpress\/2024\/05\/11\/polgarmesterjelolt-jakli-mihaly\/"]}]},{"@type":"ImageObject","inLanguage":"hu","@id":"https:\/\/www.part-oldalak.hu\/wordpress\/2024\/05\/11\/polgarmesterjelolt-jakli-mihaly\/#primaryimage","url":"https:\/\/www.part-oldalak.hu\/wordpress\/wp-content\/uploads\/2024\/05\/8.jpg","contentUrl":"https:\/\/www.part-oldalak.hu\/wordpress\/wp-content\/uploads\/2024\/05\/8.jpg","width":2240,"height":1260},{"@type":"BreadcrumbList","@id":"https:\/\/www.part-oldalak.hu\/wordpress\/2024\/05\/11\/polgarmesterjelolt-jakli-mihaly\/#breadcrumb","itemListElement":[{"@type":"ListItem","position":1,"name":"Kezd\u0151lap","item":"https:\/\/www.part-oldalak.hu\/wordpress\/"},{"@type":"ListItem","position":2,"name":"Polg\u00e1rmesterjel\u00f6lt: J\u00e1kli Mih\u00e1ly"}]},{"@type":"WebSite","@id":"https:\/\/www.part-oldalak.hu\/wordpress\/#website","url":"https:\/\/www.part-oldalak.hu\/wordpress\/","name":"Part-Oldalak Kultur\u00e1lis Egylet","description":"","potentialAction":[{"@type":"SearchAction","target":{"@type":"EntryPoint","urlTemplate":"https:\/\/www.part-oldalak.hu\/wordpress\/?s={search_term_string}"},"query-input":{"@type":"PropertyValueSpecification","valueRequired":true,"valueName":"search_term_string"}}],"inLanguage":"hu"},{"@type":"Person","@id":"https:\/\/www.part-oldalak.hu\/wordpress\/#\/schema\/person\/c884fbd77fcee1cb2ee4cdb02d55315f","name":"Kelemen Dorottya","image":{"@type":"ImageObject","inLanguage":"hu","@id":"https:\/\/www.part-oldalak.hu\/wordpress\/#\/schema\/person\/image\/","url":"https:\/\/secure.gravatar.com\/avatar\/9da28a4fe1cf6c75e5132163678f9461?s=96&d=mm&r=g","contentUrl":"https:\/\/secure.gravatar.com\/avatar\/9da28a4fe1cf6c75e5132163678f9461?s=96&d=mm&r=g","caption":"Kelemen Dorottya"},"url":"https:\/\/www.part-oldalak.hu\/wordpress\/author\/kelemen-dorottya\/"}]}},"_links":{"self":[{"href":"https:\/\/www.part-oldalak.hu\/wordpress\/wp-json\/wp\/v2\/posts\/10179"}],"collection":[{"href":"https:\/\/www.part-oldalak.hu\/wordpress\/wp-json\/wp\/v2\/posts"}],"about":[{"href":"https:\/\/www.part-oldalak.hu\/wordpress\/wp-json\/wp\/v2\/types\/post"}],"author":[{"embeddable":true,"href":"https:\/\/www.part-oldalak.hu\/wordpress\/wp-json\/wp\/v2\/users\/2"}],"replies":[{"embeddable":true,"href":"https:\/\/www.part-oldalak.hu\/wordpress\/wp-json\/wp\/v2\/comments?post=10179"}],"version-history":[{"count":1,"href":"https:\/\/www.part-oldalak.hu\/wordpress\/wp-json\/wp\/v2\/posts\/10179\/revisions"}],"predecessor-version":[{"id":10180,"href":"https:\/\/www.part-oldalak.hu\/wordpress\/wp-json\/wp\/v2\/posts\/10179\/revisions\/10180"}],"wp:featuredmedia":[{"embeddable":true,"href":"https:\/\/www.part-oldalak.hu\/wordpress\/wp-json\/wp\/v2\/media\/10150"}],"wp:attachment":[{"href":"https:\/\/www.part-oldalak.hu\/wordpress\/wp-json\/wp\/v2\/media?parent=10179"}],"wp:term":[{"taxonomy":"category","embeddable":true,"href":"https:\/\/www.part-oldalak.hu\/wordpress\/wp-json\/wp\/v2\/categories?post=10179"},{"taxonomy":"post_tag","embeddable":true,"href":"https:\/\/www.part-oldalak.hu\/wordpress\/wp-json\/wp\/v2\/tags?post=10179"}],"curies":[{"name":"wp","href":"https:\/\/api.w.org\/{rel}","templated":true}]}}